{"id":126,"date":"2022-06-20T12:43:57","date_gmt":"2022-06-20T15:43:57","guid":{"rendered":"https:\/\/www.ufsm.br\/pro-reitorias\/prpgp\/teslle\/?p=126"},"modified":"2022-06-20T13:18:13","modified_gmt":"2022-06-20T16:18:13","slug":"126","status":"publish","type":"post","link":"https:\/\/www.ufsm.br\/pro-reitorias\/prpgp\/teslle\/2022\/06\/20\/126","title":{"rendered":"Teste de Sufici\u00eancia 1\u00ba semestre de 2022"},"content":{"rendered":"\n<p>A Universidade Federal de Santa Maria (UFSM), por meio da Pr\u00f3-Reitoria de Gradua\u00e7\u00e3o (PROGRAD) e do Departamento de Letras Estrangeiras Modernas (DLEM), divulgou o&nbsp;<a href=\"https:\/\/www.ufsm.br\/pro-reitorias\/prograd\/editais\/027-2022\">edital do Teste de Sufici\u00eancia em Leitura em L\u00edngua Estrangeira (TESLLE)<\/a>&nbsp;para o 1\u00ba semestre de 2022. As inscri\u00e7\u00f5es v\u00e3o&nbsp;de 15 de junho a 14 de julho de 2022.<\/p>\n<p>Para mais informa\u00e7\u00f5es acesse o edital pelo link&nbsp;<a href=\"https:\/\/www.ufsm.br\/pro-reitorias\/prograd\/editais\/027-2022\">https:\/\/www.ufsm.br\/pro-reitorias\/prograd\/editais\/027-2022<\/a><\/p>\n","protected":false},"excerpt":{"rendered":"<p>A Universidade Federal de Santa Maria (UFSM), por meio da Pr\u00f3-Reitoria de Gradua\u00e7\u00e3o (PROGRAD) e do Departamento de Letras Estrangeiras Modernas (DLEM), divulgou o&nbsp;edital do Teste de Sufici\u00eancia em Leitura em L\u00edngua Estrangeira (TESLLE)&nbsp;para o 1\u00ba semestre de 2022. As inscri\u00e7\u00f5es v\u00e3o&nbsp;de 15 de junho a 14 de julho de 2022. Para mais informa\u00e7\u00f5es acesse [&hellip;]<\/p>\n","protected":false},"author":2589,"featured_media":0,"comment_status":"closed","ping_status":"closed","sticky":false,"template":"","format":"standard","meta":{"footnotes":""},"categories":[1],"tags":[],"class_list":["post-126","post","type-post","status-publish","format-standard","hentry","category-sem-categoria"],"acf":[],"_links":{"self":[{"href":"https:\/\/www.ufsm.br\/pro-reitorias\/prpgp\/teslle\/wp-json\/wp\/v2\/posts\/126","targetHints":{"allow":["GET"]}}],"collection":[{"href":"https:\/\/www.ufsm.br\/pro-reitorias\/prpgp\/teslle\/wp-json\/wp\/v2\/posts"}],"about":[{"href":"https:\/\/www.ufsm.br\/pro-reitorias\/prpgp\/teslle\/wp-json\/wp\/v2\/types\/post"}],"author":[{"embeddable":true,"href":"https:\/\/www.ufsm.br\/pro-reitorias\/prpgp\/teslle\/wp-json\/wp\/v2\/users\/2589"}],"replies":[{"embeddable":true,"href":"https:\/\/www.ufsm.br\/pro-reitorias\/prpgp\/teslle\/wp-json\/wp\/v2\/comments?post=126"}],"version-history":[{"count":0,"href":"https:\/\/www.ufsm.br\/pro-reitorias\/prpgp\/teslle\/wp-json\/wp\/v2\/posts\/126\/revisions"}],"wp:attachment":[{"href":"https:\/\/www.ufsm.br\/pro-reitorias\/prpgp\/teslle\/wp-json\/wp\/v2\/media?parent=126"}],"wp:term":[{"taxonomy":"category","embeddable":true,"href":"https:\/\/www.ufsm.br\/pro-reitorias\/prpgp\/teslle\/wp-json\/wp\/v2\/categories?post=126"},{"taxonomy":"post_tag","embeddable":true,"href":"https:\/\/www.ufsm.br\/pro-reitorias\/prpgp\/teslle\/wp-json\/wp\/v2\/tags?post=126"}],"curies":[{"name":"wp","href":"https:\/\/api.w.org\/{rel}","templated":true}]}}