{"id":135,"date":"2022-10-18T09:06:22","date_gmt":"2022-10-18T12:06:22","guid":{"rendered":"https:\/\/www.ufsm.br\/pro-reitorias\/prpgp\/teslle\/?p=135"},"modified":"2022-10-20T13:25:38","modified_gmt":"2022-10-20T16:25:38","slug":"edital-058-2022-prograd-dlem-ufsm-inscricoes-no-teste-de-suficiencia-em-leitura-em-lingua-estrangeira-teslle-para-o-2o-semestre-de-2022-2","status":"publish","type":"post","link":"https:\/\/www.ufsm.br\/pro-reitorias\/prpgp\/teslle\/2022\/10\/18\/edital-058-2022-prograd-dlem-ufsm-inscricoes-no-teste-de-suficiencia-em-leitura-em-lingua-estrangeira-teslle-para-o-2o-semestre-de-2022-2","title":{"rendered":"Inscri\u00e7\u00f5es no Teste de Sufici\u00eancia em Leitura em L\u00edngua Estrangeira (TESLLE) para o 2\u00ba semestre de 2022\u00a0"},"content":{"rendered":"\n<p>\u00a0<\/p>\n<p>A Universidade Federal de Santa Maria (UFSM), por meio da Pr\u00f3-Reitoria de Gradua\u00e7\u00e3o (PROGRAD) e do Departamento de Letras Estrangeiras Modernas (DLEM), torna p\u00fablico que, no per\u00edodo\u00a0<strong>de 11 de outubro a 06 de novembro de 2022<\/strong>, estar\u00e3o abertas as<strong>\u00a0inscri\u00e7\u00f5es ao Teste de Sufici\u00eancia em Leitura em L\u00edngua Estrangeira (TESLLE) para o 2\u00ba semestre de 2022<\/strong>, visando a aferir a habilidade de leitura em l\u00ednguas estrangeiras das pessoas inscritas, conforme a Resolu\u00e7\u00e3o n.\u00ba 003\/2010, da UFSM.<\/p>\n<p>O teste de sufici\u00eancia, regido pela legisla\u00e7\u00e3o vigente, ser\u00e1 realizado em\u00a0<strong>27 de novembro de 2022<\/strong>, no munic\u00edpio-sede de Santa Maria, RS, com\u00a0<strong>in\u00edcio \u00e0s 9 horas e t\u00e9rmino \u00e0s 11 horas<\/strong>, hor\u00e1rio de Bras\u00edlia. O processo classificat\u00f3rio ser\u00e1 constitu\u00eddo por um teste de\u00a0<strong>l\u00edngua francesa, espanhola, alem\u00e3, inglesa ou portuguesa como l\u00edngua estrangeira<\/strong>, conforme a op\u00e7\u00e3o de inscri\u00e7\u00e3o, com\u00a0<strong>16 quest\u00f5es objetivas<\/strong>.<\/p>\n<p>Outras informa\u00e7\u00f5es podem ser solicitadas aos e-mails\u00a0<a class=\"notranslate\" href=\"mailto:suficiencia.ufsm@gmail.com\" target=\"_blank\" rel=\"noopener\"><strong>suficiencia.ufsm@gmail.com<\/strong><\/a>\u00a0e\u00a0<a class=\"notranslate\" href=\"mailto:falecom@nisa.ufsm.br\"><strong>falecom@nisa.ufsm.br<\/strong><\/a><\/p>\n\n\n","protected":false},"excerpt":{"rendered":"<p>\u00a0 A Universidade Federal de Santa Maria (UFSM), por meio da Pr\u00f3-Reitoria de Gradua\u00e7\u00e3o (PROGRAD) e do Departamento de Letras Estrangeiras Modernas (DLEM), torna p\u00fablico que, no per\u00edodo\u00a0de 11 de outubro a 06 de novembro de 2022, estar\u00e3o abertas as\u00a0inscri\u00e7\u00f5es ao Teste de Sufici\u00eancia em Leitura em L\u00edngua Estrangeira (TESLLE) para o 2\u00ba semestre de [&hellip;]<\/p>\n","protected":false},"author":2589,"featured_media":0,"comment_status":"closed","ping_status":"closed","sticky":false,"template":"","format":"standard","meta":{"footnotes":""},"categories":[1],"tags":[],"class_list":["post-135","post","type-post","status-publish","format-standard","hentry","category-sem-categoria"],"acf":[],"_links":{"self":[{"href":"https:\/\/www.ufsm.br\/pro-reitorias\/prpgp\/teslle\/wp-json\/wp\/v2\/posts\/135","targetHints":{"allow":["GET"]}}],"collection":[{"href":"https:\/\/www.ufsm.br\/pro-reitorias\/prpgp\/teslle\/wp-json\/wp\/v2\/posts"}],"about":[{"href":"https:\/\/www.ufsm.br\/pro-reitorias\/prpgp\/teslle\/wp-json\/wp\/v2\/types\/post"}],"author":[{"embeddable":true,"href":"https:\/\/www.ufsm.br\/pro-reitorias\/prpgp\/teslle\/wp-json\/wp\/v2\/users\/2589"}],"replies":[{"embeddable":true,"href":"https:\/\/www.ufsm.br\/pro-reitorias\/prpgp\/teslle\/wp-json\/wp\/v2\/comments?post=135"}],"version-history":[{"count":0,"href":"https:\/\/www.ufsm.br\/pro-reitorias\/prpgp\/teslle\/wp-json\/wp\/v2\/posts\/135\/revisions"}],"wp:attachment":[{"href":"https:\/\/www.ufsm.br\/pro-reitorias\/prpgp\/teslle\/wp-json\/wp\/v2\/media?parent=135"}],"wp:term":[{"taxonomy":"category","embeddable":true,"href":"https:\/\/www.ufsm.br\/pro-reitorias\/prpgp\/teslle\/wp-json\/wp\/v2\/categories?post=135"},{"taxonomy":"post_tag","embeddable":true,"href":"https:\/\/www.ufsm.br\/pro-reitorias\/prpgp\/teslle\/wp-json\/wp\/v2\/tags?post=135"}],"curies":[{"name":"wp","href":"https:\/\/api.w.org\/{rel}","templated":true}]}}