{"id":171,"date":"2022-11-28T13:24:31","date_gmt":"2022-11-28T16:24:31","guid":{"rendered":"https:\/\/www.ufsm.br\/pro-reitorias\/prpgp\/teslle\/?p=171"},"modified":"2022-11-28T13:24:33","modified_gmt":"2022-11-28T16:24:33","slug":"gabarito-preliminar-edital-058-2022","status":"publish","type":"post","link":"https:\/\/www.ufsm.br\/pro-reitorias\/prpgp\/teslle\/2022\/11\/28\/gabarito-preliminar-edital-058-2022","title":{"rendered":"Gabarito preliminar Edital 058\/2022"},"content":{"rendered":"\n<p>Acesse:<\/p>\n<p><blockquote class=\"wp-embedded-content\" data-secret=\"4ALRHHUys9\"><a href=\"https:\/\/www.ufsm.br\/pro-reitorias\/prograd\/editais\/058-2022\">058\/2022 &#8211; Inscri\u00e7\u00f5es no Teste de Sufici\u00eancia em Leitura em L\u00edngua Estrangeira (TESLLE) para o 2\u00ba semestre de 2022<\/a><\/blockquote><iframe class=\"wp-embedded-content\" sandbox=\"allow-scripts\" security=\"restricted\" style=\"position: absolute; clip: rect(1px, 1px, 1px, 1px);\" title=\"&#8220;058\/2022 &#8211; Inscri\u00e7\u00f5es no Teste de Sufici\u00eancia em Leitura em L\u00edngua Estrangeira (TESLLE) para o 2\u00ba semestre de 2022&#8221; &#8212; PROGRAD\" src=\"https:\/\/www.ufsm.br\/pro-reitorias\/prograd\/editais\/058-2022\/embed#?secret=vLZnI5lv7C#?secret=4ALRHHUys9\" data-secret=\"4ALRHHUys9\" width=\"500\" height=\"282\" frameborder=\"0\" marginwidth=\"0\" marginheight=\"0\" scrolling=\"no\"><\/iframe><\/p>\n\n\n\n<p>&nbsp;<\/p>\n<p>&nbsp;<\/p>\n","protected":false},"excerpt":{"rendered":"<p>Acesse: 058\/2022 &#8211; Inscri\u00e7\u00f5es no Teste de Sufici\u00eancia em Leitura em L\u00edngua Estrangeira (TESLLE) para o 2\u00ba semestre de 2022 &nbsp; &nbsp;<\/p>\n","protected":false},"author":2589,"featured_media":0,"comment_status":"closed","ping_status":"closed","sticky":false,"template":"","format":"standard","meta":{"footnotes":""},"categories":[1],"tags":[],"class_list":["post-171","post","type-post","status-publish","format-standard","hentry","category-sem-categoria"],"acf":[],"_links":{"self":[{"href":"https:\/\/www.ufsm.br\/pro-reitorias\/prpgp\/teslle\/wp-json\/wp\/v2\/posts\/171","targetHints":{"allow":["GET"]}}],"collection":[{"href":"https:\/\/www.ufsm.br\/pro-reitorias\/prpgp\/teslle\/wp-json\/wp\/v2\/posts"}],"about":[{"href":"https:\/\/www.ufsm.br\/pro-reitorias\/prpgp\/teslle\/wp-json\/wp\/v2\/types\/post"}],"author":[{"embeddable":true,"href":"https:\/\/www.ufsm.br\/pro-reitorias\/prpgp\/teslle\/wp-json\/wp\/v2\/users\/2589"}],"replies":[{"embeddable":true,"href":"https:\/\/www.ufsm.br\/pro-reitorias\/prpgp\/teslle\/wp-json\/wp\/v2\/comments?post=171"}],"version-history":[{"count":0,"href":"https:\/\/www.ufsm.br\/pro-reitorias\/prpgp\/teslle\/wp-json\/wp\/v2\/posts\/171\/revisions"}],"wp:attachment":[{"href":"https:\/\/www.ufsm.br\/pro-reitorias\/prpgp\/teslle\/wp-json\/wp\/v2\/media?parent=171"}],"wp:term":[{"taxonomy":"category","embeddable":true,"href":"https:\/\/www.ufsm.br\/pro-reitorias\/prpgp\/teslle\/wp-json\/wp\/v2\/categories?post=171"},{"taxonomy":"post_tag","embeddable":true,"href":"https:\/\/www.ufsm.br\/pro-reitorias\/prpgp\/teslle\/wp-json\/wp\/v2\/tags?post=171"}],"curies":[{"name":"wp","href":"https:\/\/api.w.org\/{rel}","templated":true}]}}