{"id":290,"date":"2025-04-15T15:59:13","date_gmt":"2025-04-15T18:59:13","guid":{"rendered":"https:\/\/www.ufsm.br\/pro-reitorias\/prpgp\/teslle\/?p=290"},"modified":"2025-04-15T16:02:26","modified_gmt":"2025-04-15T19:02:26","slug":"selecao-interna-diagramadora-do-teslle","status":"publish","type":"post","link":"https:\/\/www.ufsm.br\/pro-reitorias\/prpgp\/teslle\/2025\/04\/15\/selecao-interna-diagramadora-do-teslle","title":{"rendered":"Edital n. 02\/2025-TESLLE\/DLEM-UFSM &#8211; Sele\u00e7\u00e3o interna: diagramador(a) do TESLLE"},"content":{"rendered":"\n<p dir=\"ltr\">A Universidade Federal de Santa Maria (UFSM), por meio da Comiss\u00e3o do Teste de Sufici\u00eancia em L\u00edngua Estrangeira (TESLLE), do Departamento de Letras Estrangeiras Modernas (DLEM), do Centro de Artes e Letras (CAL), torna p\u00fablico que, no per\u00edodo de 14\/04\/2025 a 23\/04\/2025, est\u00e3o abertas as inscri\u00e7\u00f5es para diagramador(a) para realiza\u00e7\u00e3o dos testes elaborados pela comiss\u00e3o, conforme Edital n. 02\/2025-TESLLE\/DLEM-UFSM.\u00a0<\/p>\n<p dir=\"ltr\">H\u00e1 uma vaga dispon\u00edvel, apenas para servidores da UFSM (t\u00e9cnicos ou docentes). As atividades se iniciam em maio de 2025, visando a diagrama\u00e7\u00e3o dos testes a serem aplicados no primeiro semestre, com a possibilidade de cadastro de reserva para as demais edi\u00e7\u00f5es.\u00a0<\/p>\n<p dir=\"ltr\">O link do edital:\u00a0<a href=\"https:\/\/www.ufsm.br\/pro-reitorias\/prpgp\/teslle\/editais\/002-2025\" target=\"_blank\" rel=\"noopener\" data-saferedirecturl=\"https:\/\/www.google.com\/url?q=https:\/\/www.ufsm.br\/pro-reitorias\/prpgp\/teslle\/editais\/002-2025&amp;source=gmail&amp;ust=1744829851219000&amp;usg=AOvVaw1PYSCveuXrBRdaEiSB0C2I\">https:\/\/www.ufsm.br\/pro-reitorias\/prpgp\/teslle\/editais\/002-2025<\/a><\/p>\n","protected":false},"excerpt":{"rendered":"<p>A Universidade Federal de Santa Maria (UFSM), por meio da Comiss\u00e3o do Teste de Sufici\u00eancia em L\u00edngua Estrangeira (TESLLE), do Departamento de Letras Estrangeiras Modernas (DLEM), do Centro de Artes e Letras (CAL), torna p\u00fablico que, no per\u00edodo de 14\/04\/2025 a 23\/04\/2025, est\u00e3o abertas as inscri\u00e7\u00f5es para diagramador(a) para realiza\u00e7\u00e3o dos testes elaborados pela comiss\u00e3o, [&hellip;]<\/p>\n","protected":false},"author":3566,"featured_media":0,"comment_status":"closed","ping_status":"closed","sticky":false,"template":"","format":"standard","meta":{"footnotes":""},"categories":[58],"tags":[54,53,55,56,47,51,57,17],"class_list":["post-290","post","type-post","status-publish","format-standard","hentry","category-selecao","tag-diagramacao-2","tag-diagramador","tag-diagramadora","tag-processo-seletivo","tag-selecao","tag-servidor-ufsm","tag-servidores","tag-teslle"],"acf":[],"_links":{"self":[{"href":"https:\/\/www.ufsm.br\/pro-reitorias\/prpgp\/teslle\/wp-json\/wp\/v2\/posts\/290","targetHints":{"allow":["GET"]}}],"collection":[{"href":"https:\/\/www.ufsm.br\/pro-reitorias\/prpgp\/teslle\/wp-json\/wp\/v2\/posts"}],"about":[{"href":"https:\/\/www.ufsm.br\/pro-reitorias\/prpgp\/teslle\/wp-json\/wp\/v2\/types\/post"}],"author":[{"embeddable":true,"href":"https:\/\/www.ufsm.br\/pro-reitorias\/prpgp\/teslle\/wp-json\/wp\/v2\/users\/3566"}],"replies":[{"embeddable":true,"href":"https:\/\/www.ufsm.br\/pro-reitorias\/prpgp\/teslle\/wp-json\/wp\/v2\/comments?post=290"}],"version-history":[{"count":0,"href":"https:\/\/www.ufsm.br\/pro-reitorias\/prpgp\/teslle\/wp-json\/wp\/v2\/posts\/290\/revisions"}],"wp:attachment":[{"href":"https:\/\/www.ufsm.br\/pro-reitorias\/prpgp\/teslle\/wp-json\/wp\/v2\/media?parent=290"}],"wp:term":[{"taxonomy":"category","embeddable":true,"href":"https:\/\/www.ufsm.br\/pro-reitorias\/prpgp\/teslle\/wp-json\/wp\/v2\/categories?post=290"},{"taxonomy":"post_tag","embeddable":true,"href":"https:\/\/www.ufsm.br\/pro-reitorias\/prpgp\/teslle\/wp-json\/wp\/v2\/tags?post=290"}],"curies":[{"name":"wp","href":"https:\/\/api.w.org\/{rel}","templated":true}]}}