{"id":75,"date":"2019-10-04T11:35:20","date_gmt":"2019-10-04T14:35:20","guid":{"rendered":"https:\/\/www.ufsm.br\/pro-reitorias\/prpgp\/teslle\/?p=75"},"modified":"2020-03-12T15:10:52","modified_gmt":"2020-03-12T18:10:52","slug":"gabaritos-dos-testes-aplicados-no-dia-04-10","status":"publish","type":"post","link":"https:\/\/www.ufsm.br\/pro-reitorias\/prpgp\/teslle\/2019\/10\/04\/gabaritos-dos-testes-aplicados-no-dia-04-10","title":{"rendered":"Gabaritos dos testes aplicados no dia 04\/10"},"content":{"rendered":"\n<p><br>A comiss\u00e3o organizadora do Teste de Sufici\u00eancia em Leitura em L\u00edngua Estrangeira da UFSM divulgou os gabaritos dos testes aplicados nesta sexta-feira (04\/10). A nota m\u00ednima para obter aprova\u00e7\u00e3o \u00e9 de 6,1, o que equivale a dez quest\u00f5es corretas.<\/p>\n<p>Os pedidos de recursos devem ser realizados na pr\u00f3xima quarta-feira (9), no hor\u00e1rio das 07:00 hs \u00e0s 12:00 hs e das 13:00 hs \u00e0s 16:00 hs, na sala 3301A do Centro de Educa\u00e7\u00e3o \u2013 pr\u00e9dio 16 do campus sede. O acesso aos testes ser\u00e1 permitido somente nessa sala.<\/p>\n<p>Comprovante \u2013Os candidatos aprovados que forem alunos regulares da p\u00f3s-gradua\u00e7\u00e3o ter\u00e3o o registro de aprova\u00e7\u00e3o no seu hist\u00f3rico escolar. Os demais candidatos (alunos de gradua\u00e7\u00e3o prov\u00e1veis formandos, alunos especiais de p\u00f3s-gradua\u00e7\u00e3o, professores e t\u00e9cnico-administrativos) dever\u00e3o solicitar com anteced\u00eancia ao Departamento de Registro e Controle Acad\u00eamico (Derca) um atestado de aprova\u00e7\u00e3o no teste.<\/p>\n<div dir=\"ltr\"><a href=\"https:\/\/www.ufsm.br\/pro-reitorias\/prpgp\/teslle\/wp-content\/uploads\/sites\/818\/2020\/03\/TESLLE_2019_II_-_Gabaritos.pdf\">Gabarito<\/a><\/div>\n","protected":false},"excerpt":{"rendered":"<p>A comiss\u00e3o organizadora do Teste de Sufici\u00eancia em Leitura em L\u00edngua Estrangeira da UFSM divulgou os gabaritos dos testes aplicados nesta sexta-feira (04\/10). A nota m\u00ednima para obter aprova\u00e7\u00e3o \u00e9 de 6,1, o que equivale a dez quest\u00f5es corretas. Os pedidos de recursos devem ser realizados na pr\u00f3xima quarta-feira (9), no hor\u00e1rio das 07:00 hs [&hellip;]<\/p>\n","protected":false},"author":2223,"featured_media":0,"comment_status":"closed","ping_status":"closed","sticky":false,"template":"","format":"standard","meta":{"footnotes":""},"categories":[11],"tags":[],"class_list":["post-75","post","type-post","status-publish","format-standard","hentry","category-noticias"],"acf":[],"_links":{"self":[{"href":"https:\/\/www.ufsm.br\/pro-reitorias\/prpgp\/teslle\/wp-json\/wp\/v2\/posts\/75","targetHints":{"allow":["GET"]}}],"collection":[{"href":"https:\/\/www.ufsm.br\/pro-reitorias\/prpgp\/teslle\/wp-json\/wp\/v2\/posts"}],"about":[{"href":"https:\/\/www.ufsm.br\/pro-reitorias\/prpgp\/teslle\/wp-json\/wp\/v2\/types\/post"}],"author":[{"embeddable":true,"href":"https:\/\/www.ufsm.br\/pro-reitorias\/prpgp\/teslle\/wp-json\/wp\/v2\/users\/2223"}],"replies":[{"embeddable":true,"href":"https:\/\/www.ufsm.br\/pro-reitorias\/prpgp\/teslle\/wp-json\/wp\/v2\/comments?post=75"}],"version-history":[{"count":0,"href":"https:\/\/www.ufsm.br\/pro-reitorias\/prpgp\/teslle\/wp-json\/wp\/v2\/posts\/75\/revisions"}],"wp:attachment":[{"href":"https:\/\/www.ufsm.br\/pro-reitorias\/prpgp\/teslle\/wp-json\/wp\/v2\/media?parent=75"}],"wp:term":[{"taxonomy":"category","embeddable":true,"href":"https:\/\/www.ufsm.br\/pro-reitorias\/prpgp\/teslle\/wp-json\/wp\/v2\/categories?post=75"},{"taxonomy":"post_tag","embeddable":true,"href":"https:\/\/www.ufsm.br\/pro-reitorias\/prpgp\/teslle\/wp-json\/wp\/v2\/tags?post=75"}],"curies":[{"name":"wp","href":"https:\/\/api.w.org\/{rel}","templated":true}]}}