{"id":11141,"date":"2021-07-31T00:55:47","date_gmt":"2021-07-31T03:55:47","guid":{"rendered":"https:\/\/www.ufsm.br\/pro-reitorias\/prpgp\/?p=11141"},"modified":"2021-07-31T00:55:49","modified_gmt":"2021-07-31T03:55:49","slug":"divulgacao-do-edital-019-2021-prpgp-ufsm-processo-seletivo-da-pos-graduacao-presencial-nivel-de-doutorado-mestrado-e-especializacao-para-ingresso-no-2o-semestre-de-2021","status":"publish","type":"post","link":"https:\/\/www.ufsm.br\/pro-reitorias\/prpgp\/2021\/07\/31\/divulgacao-do-edital-019-2021-prpgp-ufsm-processo-seletivo-da-pos-graduacao-presencial-nivel-de-doutorado-mestrado-e-especializacao-para-ingresso-no-2o-semestre-de-2021","title":{"rendered":"Divulga\u00e7\u00e3o do Edital 019\/2021\/PRPGP\/UFSM \u2013 Processo Seletivo da P\u00f3s-gradua\u00e7\u00e3o presencial, n\u00edvel de Doutorado, Mestrado e Especializa\u00e7\u00e3o, para ingresso no 2\u00ba semestre de 2021"},"content":{"rendered":"\n<p style=\"text-align: justify\"><span style=\"color: #000000\">As Coordena\u00e7\u00f5es dos Programas de P\u00f3s-Gradua\u00e7\u00e3o e a Pr\u00f3-Reitoria de P\u00f3s-gradua\u00e7\u00e3o e Pesquisa (PRPGP) tornam p\u00fablico o Edital 019\/2021\/PRPGP\/UFSM, com inscri\u00e7\u00f5es no per\u00edodo de 31 de julho a 13 de agosto, at\u00e9 as 15 horas, para o processo seletivo de P\u00f3s-gradua\u00e7\u00e3o, em n\u00edvel de Doutorado, Mestrado e Especializa\u00e7\u00e3o, para ingresso no segundo semestre letivo de 2021.<\/span><\/p>\n<p style=\"text-align: justify\"><span style=\"color: #000000\">O Edital Geral esta dispon\u00edvel na p\u00e1gina de editais da UFSM, filtrando por Editais da PRPGP ou clicando no endere\u00e7o eletr\u00f4nico: <a style=\"color: #000000\" href=\"https:\/\/www.ufsm.br\/pro-reitorias\/prpgp\/editais\/019-2021\/\">https:\/\/www.ufsm.br\/pro-reitorias\/prpgp\/editais\/019-2021\/<\/a><\/span><\/p>\n<p style=\"text-align: justify\"><span style=\"color: #000000\">Os Editais Espec\u00edficos referente a sele\u00e7\u00e3o de cada Curso de P\u00f3s-gradua\u00e7\u00e3o est\u00e3o publicados nesta mesma p\u00e1gina e separados por n\u00edvel de curso Doutorado, Mestrado e Especializa\u00e7\u00e3o.<\/span><\/p>\n<p style=\"text-align: justify\"><span style=\"color: #000000\">A PRPGP elaborou este edital em conjunto com os Programas\/Cursos de P\u00f3s-Gradua\u00e7\u00e3o da UFSM e ser\u00e1 realizado de forma totalmente remota, no qual todo o processo seletivo ser\u00e1 feito de forma online, sem a exig\u00eancia de atividade presencial elaborada pelos candidatos.<\/span><\/p>\n<p style=\"text-align: justify\"><span style=\"color: #000000\">Os cursos de P\u00f3s-Gradua\u00e7\u00e3o deste edital tem suas atividades acad\u00eamicas realizadas de forma\u00a0<strong>presencial.\u00a0<\/strong>Entretanto,\u00a0<strong>durante a pandemia<\/strong>\u00a0e enquanto vigorar o Regime de Exerc\u00edcios Domiciliares, o REDE (<a style=\"color: #000000\" href=\"https:\/\/portal.ufsm.br\/documentos\/publico\/documento.html?id=13137456\">Resolu\u00e7\u00e3o 024\/2020<\/a>),\u00a0<strong>as aulas ser\u00e3o ministradas de forma remota\/online e o conte\u00fado pr\u00e1tico ser\u00e1 realizado com o retorno das atividades acad\u00eamicas e administrativas presenciais na UFSM.<\/strong>\u00a0<\/span><\/p>\n<p style=\"text-align: justify\"><span style=\"color: #000000\"><strong>Informa\u00e7\u00f5es sobre o REDE:<\/strong><\/span><\/p>\n<p style=\"text-align: justify\"><span style=\"color: #000000\"><a style=\"color: #000000\" href=\"https:\/\/portal.ufsm.br\/documentos\/publico\/documento.html?id=13137456\"><strong>Resolu\u00e7\u00e3o sobre o REDE<\/strong>\u00a0\u2013 https:\/\/portal.ufsm.br\/documentos\/publico\/documento.html?id=13137456<\/a><\/span><br \/><span style=\"color: #000000\"><a style=\"color: #000000\" href=\"https:\/\/www.ufsm.br\/coronavirus\/perguntas-frequentes\/\"><strong>Perguntas e Respostas sobre o REDE<\/strong>\u00a0\u2013 https:\/\/www.ufsm.br\/coronavirus\/perguntas-frequentes\/<\/a><\/span><br \/><span style=\"color: #000000\"><a style=\"color: #000000\" href=\"https:\/\/www.ufsm.br\/2020\/06\/25\/plataforma-ufsm-em-rede-e-lancada-com-o-intuito-de-auxiliar-o-ensino-remoto\/\"><strong>Plataforma UFSM em REDE<\/strong>\u00a0\u2013 https:\/\/www.ufsm.br\/2020\/06\/25\/plataforma-ufsm-em-rede-e-lancada-com-o-intuito-de-auxiliar-o-ensino-remoto\/<\/a><\/span><\/p>\n<p style=\"text-align: justify\"><span style=\"color: #000000\"><strong>D\u00favidas referente ao Edital Geral<\/strong>\u00a0de sele\u00e7\u00e3o podem ser encaminhadas \u00e0 Coordenadoria de P\u00f3s-Gradua\u00e7\u00e3o (CPG) da PRPGP, atrav\u00e9s do e-mail cpg.prpgp@ufsm.br.<\/span><\/p>\n<p style=\"text-align: justify\"><span style=\"color: #000000\"><b>As d\u00favidas e solicita\u00e7\u00f5es de informa\u00e7\u00f5es referentes aos<\/b>\u00a0<b>Editais Espec\u00edficos de cada Curso, ao processo de sele\u00e7\u00e3o e a documenta\u00e7\u00e3o a ser enviada, devem ser encaminhadas a cada Programa\/Curso<\/b>. As formas de contato podem ser obtidas nos pr\u00f3prios editais espec\u00edficos de cada curso ou na p\u00e1gina da PRPGP (\u00a0<a style=\"color: #000000\" href=\"http:\/\/www.ufsm.br\/prpgp\">www.ufsm.br\/prpgp<\/a>\u00a0), no menu P\u00f3s-Gradua\u00e7\u00e3o, onde os cursos est\u00e3o organizados por n\u00edvel (Especializa\u00e7\u00e3o, Mestrado e Doutorado).<\/span><\/p>\n","protected":false},"excerpt":{"rendered":"<p>As Coordena\u00e7\u00f5es dos Programas de P\u00f3s-Gradua\u00e7\u00e3o e a Pr\u00f3-Reitoria de P\u00f3s-gradua\u00e7\u00e3o e Pesquisa (PRPGP) tornam p\u00fablico o Edital 019\/2021\/PRPGP\/UFSM, com inscri\u00e7\u00f5es no per\u00edodo de 31 de julho a 13 de agosto, at\u00e9 as 15 horas, para o processo seletivo de P\u00f3s-gradua\u00e7\u00e3o, em n\u00edvel de Doutorado, Mestrado e Especializa\u00e7\u00e3o, para ingresso no segundo semestre letivo de [&hellip;]<\/p>\n","protected":false},"author":200,"featured_media":0,"comment_status":"closed","ping_status":"closed","sticky":false,"template":"","format":"standard","meta":{"footnotes":""},"categories":[150],"tags":[204,208,219,220,206],"class_list":["post-11141","post","type-post","status-publish","format-standard","hentry","category-noticias-destaques1","tag-edital","tag-pos-graduacao","tag-processo-seletivo","tag-prpgp","tag-selecao"],"acf":[],"_links":{"self":[{"href":"https:\/\/www.ufsm.br\/pro-reitorias\/prpgp\/wp-json\/wp\/v2\/posts\/11141","targetHints":{"allow":["GET"]}}],"collection":[{"href":"https:\/\/www.ufsm.br\/pro-reitorias\/prpgp\/wp-json\/wp\/v2\/posts"}],"about":[{"href":"https:\/\/www.ufsm.br\/pro-reitorias\/prpgp\/wp-json\/wp\/v2\/types\/post"}],"author":[{"embeddable":true,"href":"https:\/\/www.ufsm.br\/pro-reitorias\/prpgp\/wp-json\/wp\/v2\/users\/200"}],"replies":[{"embeddable":true,"href":"https:\/\/www.ufsm.br\/pro-reitorias\/prpgp\/wp-json\/wp\/v2\/comments?post=11141"}],"version-history":[{"count":0,"href":"https:\/\/www.ufsm.br\/pro-reitorias\/prpgp\/wp-json\/wp\/v2\/posts\/11141\/revisions"}],"wp:attachment":[{"href":"https:\/\/www.ufsm.br\/pro-reitorias\/prpgp\/wp-json\/wp\/v2\/media?parent=11141"}],"wp:term":[{"taxonomy":"category","embeddable":true,"href":"https:\/\/www.ufsm.br\/pro-reitorias\/prpgp\/wp-json\/wp\/v2\/categories?post=11141"},{"taxonomy":"post_tag","embeddable":true,"href":"https:\/\/www.ufsm.br\/pro-reitorias\/prpgp\/wp-json\/wp\/v2\/tags?post=11141"}],"curies":[{"name":"wp","href":"https:\/\/api.w.org\/{rel}","templated":true}]}}