{"id":12748,"date":"2022-10-10T13:55:07","date_gmt":"2022-10-10T16:55:07","guid":{"rendered":"https:\/\/www.ufsm.br\/pro-reitorias\/prpgp\/?p=12748"},"modified":"2022-10-10T13:55:10","modified_gmt":"2022-10-10T16:55:10","slug":"publicado-edital-para-ingresso-no-profgeo","status":"publish","type":"post","link":"https:\/\/www.ufsm.br\/pro-reitorias\/prpgp\/2022\/10\/10\/publicado-edital-para-ingresso-no-profgeo","title":{"rendered":"Publicado edital para ingresso no PROFGEO"},"content":{"rendered":"\n\n\n<p>A Comiss\u00e3o Acad\u00eamica Nacional do Mestrado Profissional em Ensino de Geografia em Rede Nacional, PROFGEO, no exerc\u00edcio das suas atribui\u00e7\u00f5es, definidas pelo artigo n.\u00ba 7 do Regimento Geral do PROFGEO, torna p\u00fablica a realiza\u00e7\u00e3o do Exame Nacional de Acesso (ENA) PROFGEO 2022, para ingresso no 1\u00ba semestre de 2023. O processo seletivo ser\u00e1 regido por este Edital e executado pela Coordenadoria de P\u00f3s-Gradua\u00e7\u00e3o, da Pr\u00f3-Reitoria de P\u00f3s-Gradua\u00e7\u00e3o, PRPGP, da Universidade Federal de Santa Maria, UFSM. S\u00e3o ofertadas 106 vagas, distribu\u00eddas entre as institui\u00e7\u00f5es associadas.<\/p>\n<p>O edital geral do PROFGEO e o espec\u00edfico para ingresso na UFSM est\u00e3o publicados na p\u00e1gina https:\/\/www.ufsm.br\/pro-reitorias\/prpgp\/editais\/034-2022\/. Os editais espec\u00edficos para ingresso nas demais institui\u00e7\u00f5es associadas est\u00e3o publicados na p\u00e1gina de cada institui\u00e7\u00e3o, listadas no ANEXO A do Edital Geral.<\/p>\n","protected":false},"excerpt":{"rendered":"<p>A Comiss\u00e3o Acad\u00eamica Nacional do Mestrado Profissional em Ensino de Geografia em Rede Nacional, PROFGEO, no exerc\u00edcio das suas atribui\u00e7\u00f5es, definidas pelo artigo n.\u00ba 7 do Regimento Geral do PROFGEO, torna p\u00fablica a realiza\u00e7\u00e3o do Exame Nacional de Acesso (ENA) PROFGEO 2022, para ingresso no 1\u00ba semestre de 2023. O processo seletivo ser\u00e1 regido por [&hellip;]<\/p>\n","protected":false},"author":301,"featured_media":0,"comment_status":"closed","ping_status":"closed","sticky":false,"template":"","format":"standard","meta":{"footnotes":""},"categories":[1],"tags":[204,210,516,208,219,515],"class_list":["post-12748","post","type-post","status-publish","format-standard","hentry","category-sem-categoria","tag-edital","tag-ingresso","tag-mestrado-profissional","tag-pos-graduacao","tag-processo-seletivo","tag-profgeo"],"acf":[],"_links":{"self":[{"href":"https:\/\/www.ufsm.br\/pro-reitorias\/prpgp\/wp-json\/wp\/v2\/posts\/12748","targetHints":{"allow":["GET"]}}],"collection":[{"href":"https:\/\/www.ufsm.br\/pro-reitorias\/prpgp\/wp-json\/wp\/v2\/posts"}],"about":[{"href":"https:\/\/www.ufsm.br\/pro-reitorias\/prpgp\/wp-json\/wp\/v2\/types\/post"}],"author":[{"embeddable":true,"href":"https:\/\/www.ufsm.br\/pro-reitorias\/prpgp\/wp-json\/wp\/v2\/users\/301"}],"replies":[{"embeddable":true,"href":"https:\/\/www.ufsm.br\/pro-reitorias\/prpgp\/wp-json\/wp\/v2\/comments?post=12748"}],"version-history":[{"count":0,"href":"https:\/\/www.ufsm.br\/pro-reitorias\/prpgp\/wp-json\/wp\/v2\/posts\/12748\/revisions"}],"wp:attachment":[{"href":"https:\/\/www.ufsm.br\/pro-reitorias\/prpgp\/wp-json\/wp\/v2\/media?parent=12748"}],"wp:term":[{"taxonomy":"category","embeddable":true,"href":"https:\/\/www.ufsm.br\/pro-reitorias\/prpgp\/wp-json\/wp\/v2\/categories?post=12748"},{"taxonomy":"post_tag","embeddable":true,"href":"https:\/\/www.ufsm.br\/pro-reitorias\/prpgp\/wp-json\/wp\/v2\/tags?post=12748"}],"curies":[{"name":"wp","href":"https:\/\/api.w.org\/{rel}","templated":true}]}}