{"id":13155,"date":"2023-02-08T11:05:06","date_gmt":"2023-02-08T14:05:06","guid":{"rendered":"https:\/\/www.ufsm.br\/pro-reitorias\/prpgp\/?p=13155"},"modified":"2023-02-17T12:37:51","modified_gmt":"2023-02-17T15:37:51","slug":"profgeo-inscricoes-abertas","status":"publish","type":"post","link":"https:\/\/www.ufsm.br\/pro-reitorias\/prpgp\/2023\/02\/08\/profgeo-inscricoes-abertas","title":{"rendered":"PROFGEO &#8211; Inscri\u00e7\u00f5es abertas!"},"content":{"rendered":"\n<p>Est\u00e3o abertas as inscri\u00e7\u00f5es, <strong>at\u00e9 o dia 15 de fevereiro de 2023<\/strong>, para o processo seletivo para preenchimento de 9 (nove) vagas remanescentes do Mestrado Profissional em Ensino de Geografia em Rede Nacional &#8211; PROFGEO, para ingresso no 1\u00ba semestre de 2023 na UFSM (Santa Maria). O edital e o link para inscri\u00e7\u00e3o est\u00e3o publicados na p\u00e1gina <a href=\"https:\/\/www.ufsm.br\/pro-reitorias\/prpgp\/editais\/006-2023\" target=\"_blank\" rel=\"noopener\">https:\/\/www.ufsm.br\/pro-reitorias\/prpgp\/editais\/006-2023<\/a>. As inscri\u00e7\u00f5es s\u00e3o gratuitas, e podem participar do processo seletivo as pessoas que atendam aos seguintes pr\u00e9-requisitos:<\/p>\n<p>a) ser portador(a) de diploma de curso superior de licenciatura em Geografia, devidamente registrado no Minist\u00e9rio da Educa\u00e7\u00e3o;<br \/>b) atuar como professor ou professora da rede p\u00fablica de Geografia em qualquer ano da Educa\u00e7\u00e3o B\u00e1sica;<br \/>c) N\u00e3o havendo candidatos aptos, de acordo com o item b, as vagas remanescentes poder\u00e3o ser atribu\u00eddas aos demais candidatos aprovados e atuantes como professores de Geografia da rede de educa\u00e7\u00e3o b\u00e1sica, em um quantitativo n\u00e3o superior a 20% daquele constitu\u00eddo pelos professores da rede p\u00fablica selecionados no certame.<\/p>\n<p>Maiores informa\u00e7\u00f5es sobre o curso podem ser obtidas na p\u00e1gina <a href=\"http:\/\/www.ufsm.br\/profgeo\">www.ufsm.br\/profgeo<\/a> ou atrav\u00e9s do e-mail <a href=\"mailto:profgeo@ufsm.br\">profgeo@ufsm.br<\/a>.<\/p>\n","protected":false},"excerpt":{"rendered":"<p>Est\u00e3o abertas as inscri\u00e7\u00f5es, at\u00e9 o dia 15 de fevereiro de 2023, para o processo seletivo para preenchimento de 9 (nove) vagas remanescentes do Mestrado Profissional em Ensino de Geografia em Rede Nacional &#8211; PROFGEO, para ingresso no 1\u00ba semestre de 2023 na UFSM (Santa Maria). O edital e o link para inscri\u00e7\u00e3o est\u00e3o publicados [&hellip;]<\/p>\n","protected":false},"author":301,"featured_media":13156,"comment_status":"closed","ping_status":"closed","sticky":false,"template":"","format":"standard","meta":{"footnotes":""},"categories":[1],"tags":[210,355,219,515,356],"class_list":["post-13155","post","type-post","status-publish","format-standard","has-post-thumbnail","hentry","category-sem-categoria","tag-ingresso","tag-pos-graduacao-2","tag-processo-seletivo","tag-profgeo","tag-selecao-2"],"acf":[],"_links":{"self":[{"href":"https:\/\/www.ufsm.br\/pro-reitorias\/prpgp\/wp-json\/wp\/v2\/posts\/13155","targetHints":{"allow":["GET"]}}],"collection":[{"href":"https:\/\/www.ufsm.br\/pro-reitorias\/prpgp\/wp-json\/wp\/v2\/posts"}],"about":[{"href":"https:\/\/www.ufsm.br\/pro-reitorias\/prpgp\/wp-json\/wp\/v2\/types\/post"}],"author":[{"embeddable":true,"href":"https:\/\/www.ufsm.br\/pro-reitorias\/prpgp\/wp-json\/wp\/v2\/users\/301"}],"replies":[{"embeddable":true,"href":"https:\/\/www.ufsm.br\/pro-reitorias\/prpgp\/wp-json\/wp\/v2\/comments?post=13155"}],"version-history":[{"count":0,"href":"https:\/\/www.ufsm.br\/pro-reitorias\/prpgp\/wp-json\/wp\/v2\/posts\/13155\/revisions"}],"wp:featuredmedia":[{"embeddable":true,"href":"https:\/\/www.ufsm.br\/pro-reitorias\/prpgp\/wp-json\/wp\/v2\/media\/13156"}],"wp:attachment":[{"href":"https:\/\/www.ufsm.br\/pro-reitorias\/prpgp\/wp-json\/wp\/v2\/media?parent=13155"}],"wp:term":[{"taxonomy":"category","embeddable":true,"href":"https:\/\/www.ufsm.br\/pro-reitorias\/prpgp\/wp-json\/wp\/v2\/categories?post=13155"},{"taxonomy":"post_tag","embeddable":true,"href":"https:\/\/www.ufsm.br\/pro-reitorias\/prpgp\/wp-json\/wp\/v2\/tags?post=13155"}],"curies":[{"name":"wp","href":"https:\/\/api.w.org\/{rel}","templated":true}]}}