{"id":13947,"date":"2023-06-30T14:42:04","date_gmt":"2023-06-30T17:42:04","guid":{"rendered":"https:\/\/www.ufsm.br\/pro-reitorias\/prpgp\/?p=13947"},"modified":"2023-06-30T14:42:05","modified_gmt":"2023-06-30T17:42:05","slug":"resultados-editais-ic-it","status":"publish","type":"post","link":"https:\/\/www.ufsm.br\/pro-reitorias\/prpgp\/2023\/06\/30\/resultados-editais-ic-it","title":{"rendered":"RESULTADOS EDITAIS IC\/IT"},"content":{"rendered":"\n<p>A Coordenadoria de Pesquisa da PRPGP, e a Coordenadoria de Empreendedorismo da PROINOVA est\u00e3o divulgando os resultados dos editais de bolsas de inicia\u00e7\u00e3o cient\u00edfica (IC Unificado, PIBIC AF e PIBIC EM) e de inicia\u00e7\u00e3o \u00e0 inova\u00e7\u00e3o tecnol\u00f3gica (ITI Unificado).<\/p>\n<p>Os resultados das bolsas da Funda\u00e7\u00e3o de Amparo \u00e0 Pesquisa do Estado Rio Grande do Sul &#8211; FAPERGS &#8211; PROBIC e PROBITI &#8211;\u00a0 j\u00e1 s\u00e3o definitivos, sendo que os professores contemplados j\u00e1 devem tomar as provid\u00eancias para o preparo e publica\u00e7\u00e3o de seus editais individuais de sele\u00e7\u00e3o e indica\u00e7\u00e3o de bolsistas. O prazo para estes procedimentos \u00e9 de 03 a 14 de julho. O N\u00facleo de Ger\u00eancia de Inicia\u00e7\u00e3o Cient\u00edfica solicita aos contemplados com estas bolsas (PROBIC e PROBITI) que enviem os arquivos de seus editais de sele\u00e7\u00e3o de bolsistas, na forma prevista em edital, at\u00e9 o dia 07 de julho. Estamos disponibilizando um documento <a href=\"https:\/\/www.ufsm.br\/app\/uploads\/sites\/345\/2023\/06\/Tutorial-para-selecao-e-indicacao-de-bolsistas-2023.pdf\">TUTORIAL<\/a> para orientar nesse procedimento.<\/p>\n<p>Os resultados das bolsas do Conselho Nacional de Desenvolvimento Cient\u00edfico e Tecnol\u00f3gico &#8211; CNPq &#8211; PIBIC, PIBIC EM, PIBIC AF e PIBITI est\u00e3o sendo divulgados em car\u00e1ter preliminar, j\u00e1 que aguarda homologa\u00e7\u00e3o pelo Comit\u00ea Externo do CNPq, o qual avaliar\u00e1 nossos processos entre 03 e 07 de julho. Os resultado finais destas bolsas ser\u00e3o divulgados, conforme edital, em 13 de julho de 2023.\u00a0\u00a0<\/p>\n","protected":false},"excerpt":{"rendered":"<p>A Coordenadoria de Pesquisa da PRPGP, e a Coordenadoria de Empreendedorismo da PROINOVA est\u00e3o divulgando os resultados dos editais de bolsas de inicia\u00e7\u00e3o cient\u00edfica (IC Unificado, PIBIC AF e PIBIC EM) e de inicia\u00e7\u00e3o \u00e0 inova\u00e7\u00e3o tecnol\u00f3gica (ITI Unificado). Os resultados das bolsas da Funda\u00e7\u00e3o de Amparo \u00e0 Pesquisa do Estado Rio Grande do Sul [&hellip;]<\/p>\n","protected":false},"author":743,"featured_media":0,"comment_status":"closed","ping_status":"closed","sticky":false,"template":"","format":"standard","meta":{"footnotes":""},"categories":[1],"tags":[],"class_list":["post-13947","post","type-post","status-publish","format-standard","hentry","category-sem-categoria"],"acf":[],"_links":{"self":[{"href":"https:\/\/www.ufsm.br\/pro-reitorias\/prpgp\/wp-json\/wp\/v2\/posts\/13947","targetHints":{"allow":["GET"]}}],"collection":[{"href":"https:\/\/www.ufsm.br\/pro-reitorias\/prpgp\/wp-json\/wp\/v2\/posts"}],"about":[{"href":"https:\/\/www.ufsm.br\/pro-reitorias\/prpgp\/wp-json\/wp\/v2\/types\/post"}],"author":[{"embeddable":true,"href":"https:\/\/www.ufsm.br\/pro-reitorias\/prpgp\/wp-json\/wp\/v2\/users\/743"}],"replies":[{"embeddable":true,"href":"https:\/\/www.ufsm.br\/pro-reitorias\/prpgp\/wp-json\/wp\/v2\/comments?post=13947"}],"version-history":[{"count":0,"href":"https:\/\/www.ufsm.br\/pro-reitorias\/prpgp\/wp-json\/wp\/v2\/posts\/13947\/revisions"}],"wp:attachment":[{"href":"https:\/\/www.ufsm.br\/pro-reitorias\/prpgp\/wp-json\/wp\/v2\/media?parent=13947"}],"wp:term":[{"taxonomy":"category","embeddable":true,"href":"https:\/\/www.ufsm.br\/pro-reitorias\/prpgp\/wp-json\/wp\/v2\/categories?post=13947"},{"taxonomy":"post_tag","embeddable":true,"href":"https:\/\/www.ufsm.br\/pro-reitorias\/prpgp\/wp-json\/wp\/v2\/tags?post=13947"}],"curies":[{"name":"wp","href":"https:\/\/api.w.org\/{rel}","templated":true}]}}