{"id":14585,"date":"2023-07-17T14:58:43","date_gmt":"2023-07-17T17:58:43","guid":{"rendered":"https:\/\/www.ufsm.br\/pro-reitorias\/prpgp\/?p=14585"},"modified":"2026-04-06T11:09:56","modified_gmt":"2026-04-06T14:09:56","slug":"v-seminario-institucional-de-avaliacao-e-planejamento-da-pos-graduacao-da-ufsm","status":"publish","type":"post","link":"https:\/\/www.ufsm.br\/pro-reitorias\/prpgp\/2023\/07\/17\/v-seminario-institucional-de-avaliacao-e-planejamento-da-pos-graduacao-da-ufsm","title":{"rendered":"V Semin\u00e1rio Institucional de Avalia\u00e7\u00e3o e Planejamento da P\u00f3s-gradua\u00e7\u00e3o da UFSM"},"content":{"rendered":"<p><\/p>\n<p><\/p>\n<p dir=\"auto\">Entre os dias 12 e 14 de setembro de 2023, acontecer\u00e1 um encontro inspirador e estrat\u00e9gico! Os coordenadores dos cursos de p\u00f3s-gradua\u00e7\u00e3o stricto sensu da UFSM se unir\u00e3o para uma reuni\u00e3o de alto n\u00edvel, delineando os caminhos da p\u00f3s-gradua\u00e7\u00e3o da universidade em \u00e2mbito nacional e internacional.<\/p>\n<p dir=\"auto\">Este evento transcende fronteiras, contando tamb\u00e9m com a participa\u00e7\u00e3o de coordenadores de cursos recentemente aprovados, diretores das unidades acad\u00eamicas e dedicados profissionais t\u00e9cnico-administrativos em educa\u00e7\u00e3o, que desempenham um papel crucial no suporte administrativo aos cursos.<\/p>\n<p dir=\"auto\">O V Semin\u00e1rio Institucional de Avalia\u00e7\u00e3o e Planejamento da P\u00f3s-Gradua\u00e7\u00e3o da UFSM \u00e9 promovido pela Pr\u00f3-Reitoria de P\u00f3s-Gradua\u00e7\u00e3o e Pesquisa e pela Pr\u00f3-Reitoria de Planejamento. O encontro n\u00e3o apenas fortalecer\u00e1 os la\u00e7os entre os cursos, mas tamb\u00e9m trar\u00e1 luz aos horizontes que a p\u00f3s-gradua\u00e7\u00e3o da UFSM almeja alcan\u00e7ar!<\/p>\n<p><\/p>\t\t\n\t\t\t<figure class='gallery-item'>\n\t\t\t\t<a data-elementor-open-lightbox=\"yes\" data-elementor-lightbox-slideshow=\"8193f06\" data-elementor-lightbox-title=\"PROGRAMA\u00c7\u00c3O_pages-to-jpg-0001\" data-e-action-hash=\"#elementor-action%3Aaction%3Dlightbox%26settings%3DeyJpZCI6MTQ5MzQsInVybCI6Imh0dHBzOlwvXC93d3cudWZzbS5iclwvYXBwXC91cGxvYWRzXC9zaXRlc1wvMzQ1XC8yMDIzXC8wN1wvUFJPR1JBTUFDQU9fcGFnZXMtdG8tanBnLTAwMDEtc2NhbGVkLmpwZyIsInNsaWRlc2hvdyI6IjgxOTNmMDYifQ%3D%3D\" href='https:\/\/www.ufsm.br\/app\/uploads\/sites\/345\/2023\/07\/PROGRAMACAO_pages-to-jpg-0001-scaled.jpg'><img loading=\"lazy\" decoding=\"async\" width=\"150\" height=\"150\" src=\"https:\/\/www.ufsm.br\/app\/uploads\/sites\/345\/2023\/07\/PROGRAMACAO_pages-to-jpg-0001-150x150.jpg\" alt=\"\" loading=\"lazy\" \/><\/a>\n\t\t\t<\/figure><figure class='gallery-item'>\n\t\t\t\t<a data-elementor-open-lightbox=\"yes\" data-elementor-lightbox-slideshow=\"8193f06\" data-elementor-lightbox-title=\"Paulo Jorge Parreira dos Santos\" data-e-action-hash=\"#elementor-action%3Aaction%3Dlightbox%26settings%3DeyJpZCI6MTQ5MzMsInVybCI6Imh0dHBzOlwvXC93d3cudWZzbS5iclwvYXBwXC91cGxvYWRzXC9zaXRlc1wvMzQ1XC8yMDIzXC8wN1wvUGF1bG8tSm9yZ2UtUGFycmVpcmEtZG9zLVNhbnRvcy5qcGciLCJzbGlkZXNob3ciOiI4MTkzZjA2In0%3D\" href='https:\/\/www.ufsm.br\/app\/uploads\/sites\/345\/2023\/07\/Paulo-Jorge-Parreira-dos-Santos.jpg'><img loading=\"lazy\" decoding=\"async\" width=\"150\" height=\"150\" src=\"https:\/\/www.ufsm.br\/app\/uploads\/sites\/345\/2023\/07\/Paulo-Jorge-Parreira-dos-Santos-150x150.jpg\" alt=\"\" loading=\"lazy\" \/><\/a>\n\t\t\t<\/figure><figure class='gallery-item'>\n\t\t\t\t<a data-elementor-open-lightbox=\"yes\" data-elementor-lightbox-slideshow=\"8193f06\" data-elementor-lightbox-title=\"Jorge Luis Nicolas Audy\" data-e-action-hash=\"#elementor-action%3Aaction%3Dlightbox%26settings%3DeyJpZCI6MTQ5MzIsInVybCI6Imh0dHBzOlwvXC93d3cudWZzbS5iclwvYXBwXC91cGxvYWRzXC9zaXRlc1wvMzQ1XC8yMDIzXC8wN1wvSm9yZ2UtTHVpcy1OaWNvbGFzLUF1ZHkuanBnIiwic2xpZGVzaG93IjoiODE5M2YwNiJ9\" href='https:\/\/www.ufsm.br\/app\/uploads\/sites\/345\/2023\/07\/Jorge-Luis-Nicolas-Audy.jpg'><img loading=\"lazy\" decoding=\"async\" width=\"150\" height=\"150\" src=\"https:\/\/www.ufsm.br\/app\/uploads\/sites\/345\/2023\/07\/Jorge-Luis-Nicolas-Audy-150x150.jpg\" alt=\"\" loading=\"lazy\" \/><\/a>\n\t\t\t<\/figure><figure class='gallery-item'>\n\t\t\t\t<a data-elementor-open-lightbox=\"yes\" data-elementor-lightbox-slideshow=\"8193f06\" data-elementor-lightbox-title=\"Vera Beatriz Siqueira\" data-e-action-hash=\"#elementor-action%3Aaction%3Dlightbox%26settings%3DeyJpZCI6MTQ5MzEsInVybCI6Imh0dHBzOlwvXC93d3cudWZzbS5iclwvYXBwXC91cGxvYWRzXC9zaXRlc1wvMzQ1XC8yMDIzXC8wN1wvVmVyYS1CZWF0cml6LVNpcXVlaXJhLmpwZyIsInNsaWRlc2hvdyI6IjgxOTNmMDYifQ%3D%3D\" href='https:\/\/www.ufsm.br\/app\/uploads\/sites\/345\/2023\/07\/Vera-Beatriz-Siqueira.jpg'><img loading=\"lazy\" decoding=\"async\" width=\"150\" height=\"150\" src=\"https:\/\/www.ufsm.br\/app\/uploads\/sites\/345\/2023\/07\/Vera-Beatriz-Siqueira-150x150.jpg\" alt=\"\" loading=\"lazy\" \/><\/a>\n\t\t\t<\/figure><figure class='gallery-item'>\n\t\t\t\t<a data-elementor-open-lightbox=\"yes\" data-elementor-lightbox-slideshow=\"8193f06\" data-elementor-lightbox-title=\"PROGRAMA\u00c7\u00c3O_pages-to-jpg-0002\" data-e-action-hash=\"#elementor-action%3Aaction%3Dlightbox%26settings%3DeyJpZCI6MTQ5MjksInVybCI6Imh0dHBzOlwvXC93d3cudWZzbS5iclwvYXBwXC91cGxvYWRzXC9zaXRlc1wvMzQ1XC8yMDIzXC8wN1wvUFJPR1JBTUFDQU9fcGFnZXMtdG8tanBnLTAwMDItc2NhbGVkLmpwZyIsInNsaWRlc2hvdyI6IjgxOTNmMDYifQ%3D%3D\" href='https:\/\/www.ufsm.br\/app\/uploads\/sites\/345\/2023\/07\/PROGRAMACAO_pages-to-jpg-0002-scaled.jpg'><img loading=\"lazy\" decoding=\"async\" width=\"150\" height=\"150\" src=\"https:\/\/www.ufsm.br\/app\/uploads\/sites\/345\/2023\/07\/PROGRAMACAO_pages-to-jpg-0002-150x150.jpg\" alt=\"\" loading=\"lazy\" \/><\/a>\n\t\t\t<\/figure><figure class='gallery-item'>\n\t\t\t\t<a data-elementor-open-lightbox=\"yes\" data-elementor-lightbox-slideshow=\"8193f06\" data-elementor-lightbox-title=\"semin\u00e1rio institucional ava_planej\" data-e-action-hash=\"#elementor-action%3Aaction%3Dlightbox%26settings%3DeyJpZCI6MTQ1ODQsInVybCI6Imh0dHBzOlwvXC93d3cudWZzbS5iclwvYXBwXC91cGxvYWRzXC9zaXRlc1wvMzQ1XC8yMDIyXC8wN1wvc2VtaW5hcmlvLWluc3RpdHVjaW9uYWwtYXZhX3BsYW5lai5qcGciLCJzbGlkZXNob3ciOiI4MTkzZjA2In0%3D\" href='https:\/\/www.ufsm.br\/app\/uploads\/sites\/345\/2022\/07\/seminario-institucional-ava_planej.jpg'><img loading=\"lazy\" decoding=\"async\" width=\"150\" height=\"150\" src=\"https:\/\/www.ufsm.br\/app\/uploads\/sites\/345\/2022\/07\/seminario-institucional-ava_planej-150x150.jpg\" alt=\"\" loading=\"lazy\" \/><\/a>\n\t\t\t<\/figure>","protected":false},"excerpt":{"rendered":"<p>Entre os dias 12 e 14 de setembro de 2023, acontecer\u00e1 um encontro inspirador e estrat\u00e9gico! Os coordenadores dos cursos de p\u00f3s-gradua\u00e7\u00e3o stricto sensu da UFSM se unir\u00e3o para uma reuni\u00e3o de alto n\u00edvel, delineando os caminhos da p\u00f3s-gradua\u00e7\u00e3o da universidade em \u00e2mbito nacional e internacional. Este evento transcende fronteiras, contando tamb\u00e9m com a participa\u00e7\u00e3o [&hellip;]<\/p>\n","protected":false},"author":99,"featured_media":14583,"comment_status":"closed","ping_status":"closed","sticky":false,"template":"","format":"standard","meta":{"footnotes":""},"categories":[150],"tags":[208,220,1039],"class_list":["post-14585","post","type-post","status-publish","format-standard","has-post-thumbnail","hentry","category-noticias-destaques1","tag-pos-graduacao","tag-prpgp","tag-seminario-da-pos-graduacao"],"acf":[],"_links":{"self":[{"href":"https:\/\/www.ufsm.br\/pro-reitorias\/prpgp\/wp-json\/wp\/v2\/posts\/14585","targetHints":{"allow":["GET"]}}],"collection":[{"href":"https:\/\/www.ufsm.br\/pro-reitorias\/prpgp\/wp-json\/wp\/v2\/posts"}],"about":[{"href":"https:\/\/www.ufsm.br\/pro-reitorias\/prpgp\/wp-json\/wp\/v2\/types\/post"}],"author":[{"embeddable":true,"href":"https:\/\/www.ufsm.br\/pro-reitorias\/prpgp\/wp-json\/wp\/v2\/users\/99"}],"replies":[{"embeddable":true,"href":"https:\/\/www.ufsm.br\/pro-reitorias\/prpgp\/wp-json\/wp\/v2\/comments?post=14585"}],"version-history":[{"count":0,"href":"https:\/\/www.ufsm.br\/pro-reitorias\/prpgp\/wp-json\/wp\/v2\/posts\/14585\/revisions"}],"wp:featuredmedia":[{"embeddable":true,"href":"https:\/\/www.ufsm.br\/pro-reitorias\/prpgp\/wp-json\/wp\/v2\/media\/14583"}],"wp:attachment":[{"href":"https:\/\/www.ufsm.br\/pro-reitorias\/prpgp\/wp-json\/wp\/v2\/media?parent=14585"}],"wp:term":[{"taxonomy":"category","embeddable":true,"href":"https:\/\/www.ufsm.br\/pro-reitorias\/prpgp\/wp-json\/wp\/v2\/categories?post=14585"},{"taxonomy":"post_tag","embeddable":true,"href":"https:\/\/www.ufsm.br\/pro-reitorias\/prpgp\/wp-json\/wp\/v2\/tags?post=14585"}],"curies":[{"name":"wp","href":"https:\/\/api.w.org\/{rel}","templated":true}]}}