{"id":17971,"date":"2024-10-01T11:59:23","date_gmt":"2024-10-01T14:59:23","guid":{"rendered":"https:\/\/www.ufsm.br\/pro-reitorias\/prpgp\/?p=17971"},"modified":"2025-01-17T11:32:11","modified_gmt":"2025-01-17T14:32:11","slug":"publicado-edital-de-selecao-de-pos-graduacao-para-ingresso-em-2025","status":"publish","type":"post","link":"https:\/\/www.ufsm.br\/pro-reitorias\/prpgp\/2024\/10\/01\/publicado-edital-de-selecao-de-pos-graduacao-para-ingresso-em-2025","title":{"rendered":"Publicado edital de sele\u00e7\u00e3o de p\u00f3s-gradua\u00e7\u00e3o para ingresso em 2025!"},"content":{"rendered":"\t\t<div data-elementor-type=\"wp-post\" data-elementor-id=\"17971\" class=\"elementor elementor-17971\">\n\t\t\t\t\t\t<section class=\"elementor-section elementor-top-section elementor-element elementor-element-3c5d9206 elementor-section-boxed elementor-section-height-default elementor-section-height-default\" data-id=\"3c5d9206\" data-element_type=\"section\">\n\t\t\t\t\t\t<div class=\"elementor-container elementor-column-gap-default\">\n\t\t\t\t\t<div class=\"elementor-column elementor-col-100 elementor-top-column elementor-element elementor-element-19aad484\" data-id=\"19aad484\" data-element_type=\"column\">\n\t\t\t<div class=\"elementor-widget-wrap elementor-element-populated\">\n\t\t\t\t\t\t<div class=\"elementor-element elementor-element-9ba9055 elementor-widget elementor-widget-text-editor\" data-id=\"9ba9055\" data-element_type=\"widget\" data-widget_type=\"text-editor.default\">\n\t\t\t\t<div class=\"elementor-widget-container\">\n\t\t\t\t\t\t\t<!-- wp:tadv\/classic-paragraph -->\n<p><img fetchpriority=\"high\" decoding=\"async\" class=\"aligncenter size-full wp-image-17989\" src=\"https:\/\/www.ufsm.br\/app\/uploads\/sites\/345\/2024\/10\/PG1_25-Inscricoes-banner1500x400.jpg\" alt=\"\" width=\"1500\" height=\"401\" \/><br \/>Aproveite esta oportunidade para dar um salto na sua carreira acad\u00eamica! As Coordena\u00e7\u00f5es dos Programas de P\u00f3s-Gradua\u00e7\u00e3o e a Pr\u00f3-Reitoria de P\u00f3s-gradua\u00e7\u00e3o e Pesquisa (PRPGP) est\u00e3o anunciando o <a href=\"https:\/\/www.ufsm.br\/pro-reitorias\/prpgp\/editais\/065-2024\" target=\"_blank\" rel=\"noopener\"><span style=\"text-decoration: underline\"><strong>Edital PRPGP\/UFSM N. 065\/2024<\/strong><\/span><\/a> para o processo seletivo de P\u00f3s-gradua\u00e7\u00e3o, em n\u00edvel de Doutorado, Mestrado e Especializa\u00e7\u00e3o, para ingresso no ano letivo de 2025.<\/p>\n<p>O <strong>edital est\u00e1 estruturado em quatro janelas de inscri\u00e7\u00e3o e sele\u00e7\u00e3o<\/strong>, com a 1\u00aa janela de inscri\u00e7\u00f5es indo de 01 a 30 de outubro de 2024. As atividades acad\u00eamicas dessa janela t\u00eam in\u00edcio previsto para mar\u00e7o de 2025. S\u00e3o oferecidas 523vagas de doutorado, 1027 de mestrado e 110 de especializa\u00e7\u00e3o, totalizando 1660 vagas.<\/p>\n<p>N\u00e3o perca a chance de aprimorar seus conhecimentos em um ambiente acad\u00eamico reconhecido e qualificado. As inscri\u00e7\u00f5es da 1\u00aa janela dever\u00e3o ser realizadas atrav\u00e9s do <a href=\"https:\/\/portal.ufsm.br\/concursos\/inscricao\/opcoes.html?edicao=4951\" target=\"_blank\" rel=\"noopener\"><span style=\"text-decoration: underline\"><strong>Sistema Online de Inscri\u00e7\u00e3o<\/strong><\/span><\/a>, e os Editais Espec\u00edficos de cada Curso de P\u00f3s-gradua\u00e7\u00e3o est\u00e3o publicados na <a href=\"https:\/\/www.ufsm.br\/pro-reitorias\/prpgp\/editais\/065-2024\"><span style=\"text-decoration: underline\"><strong>p\u00e1gina oficial do edital<\/strong><\/span><\/a>, separados por n\u00edvel de curso, Doutorado, Mestrado e Especializa\u00e7\u00e3o.<\/p>\n<p>Caso tenha alguma d\u00favida sobre o Edital Geral de sele\u00e7\u00e3o, entre em contato com a Coordenadoria de P\u00f3s-Gradua\u00e7\u00e3o (CPG) da PRPGP, atrav\u00e9s do e-mail <a href=\"mailto:editais.cpg@ufsm.br\" target=\"_new\" rel=\"noopener\">editais.cpg@ufsm.br<\/a>. Para d\u00favidas e solicita\u00e7\u00f5es de informa\u00e7\u00f5es referentes aos Editais Espec\u00edficos de cada Curso, ao processo de sele\u00e7\u00e3o e \u00e0 documenta\u00e7\u00e3o a ser enviada, contate diretamente o Programa\/Curso desejado. As formas de contato podem ser obtidas nos editais espec\u00edficos vinculados ao <a href=\"https:\/\/www.ufsm.br\/pro-reitorias\/prpgp\/editais\/065-2024\" target=\"_blank\" rel=\"noopener\"><span style=\"text-decoration: underline\"><strong>Edital PRPGP\/UFSM N. 065\/2024<\/strong><\/span><\/a>.\u00a0Venha fazer parte da comunidade acad\u00eamica da UFSM!<\/p>\n<!-- \/wp:tadv\/classic-paragraph -->\t\t\t\t\t\t<\/div>\n\t\t\t\t<\/div>\n\t\t\t\t\t<\/div>\n\t\t<\/div>\n\t\t\t\t\t<\/div>\n\t\t<\/section>\n\t\t\t\t<\/div>\n\t\t","protected":false},"excerpt":{"rendered":"<p>Aproveite esta oportunidade para dar um salto na sua carreira acad\u00eamica! As Coordena\u00e7\u00f5es dos Programas de P\u00f3s-Gradua\u00e7\u00e3o e a Pr\u00f3-Reitoria de P\u00f3s-gradua\u00e7\u00e3o e Pesquisa (PRPGP) est\u00e3o anunciando o Edital PRPGP\/UFSM N. 065\/2024 para o processo seletivo de P\u00f3s-gradua\u00e7\u00e3o, em n\u00edvel de Doutorado, Mestrado e Especializa\u00e7\u00e3o, para ingresso no ano letivo de 2025. O edital est\u00e1 [&hellip;]<\/p>\n","protected":false},"author":301,"featured_media":17989,"comment_status":"closed","ping_status":"closed","sticky":false,"template":"","format":"standard","meta":{"footnotes":""},"categories":[150],"tags":[486,204,487,210,485,355,219,220,356],"class_list":["post-17971","post","type-post","status-publish","format-standard","has-post-thumbnail","hentry","category-noticias-destaques1","tag-doutorado","tag-edital","tag-especializacao","tag-ingresso","tag-mestrado","tag-pos-graduacao-2","tag-processo-seletivo","tag-prpgp","tag-selecao-2"],"acf":[],"_links":{"self":[{"href":"https:\/\/www.ufsm.br\/pro-reitorias\/prpgp\/wp-json\/wp\/v2\/posts\/17971","targetHints":{"allow":["GET"]}}],"collection":[{"href":"https:\/\/www.ufsm.br\/pro-reitorias\/prpgp\/wp-json\/wp\/v2\/posts"}],"about":[{"href":"https:\/\/www.ufsm.br\/pro-reitorias\/prpgp\/wp-json\/wp\/v2\/types\/post"}],"author":[{"embeddable":true,"href":"https:\/\/www.ufsm.br\/pro-reitorias\/prpgp\/wp-json\/wp\/v2\/users\/301"}],"replies":[{"embeddable":true,"href":"https:\/\/www.ufsm.br\/pro-reitorias\/prpgp\/wp-json\/wp\/v2\/comments?post=17971"}],"version-history":[{"count":0,"href":"https:\/\/www.ufsm.br\/pro-reitorias\/prpgp\/wp-json\/wp\/v2\/posts\/17971\/revisions"}],"wp:featuredmedia":[{"embeddable":true,"href":"https:\/\/www.ufsm.br\/pro-reitorias\/prpgp\/wp-json\/wp\/v2\/media\/17989"}],"wp:attachment":[{"href":"https:\/\/www.ufsm.br\/pro-reitorias\/prpgp\/wp-json\/wp\/v2\/media?parent=17971"}],"wp:term":[{"taxonomy":"category","embeddable":true,"href":"https:\/\/www.ufsm.br\/pro-reitorias\/prpgp\/wp-json\/wp\/v2\/categories?post=17971"},{"taxonomy":"post_tag","embeddable":true,"href":"https:\/\/www.ufsm.br\/pro-reitorias\/prpgp\/wp-json\/wp\/v2\/tags?post=17971"}],"curies":[{"name":"wp","href":"https:\/\/api.w.org\/{rel}","templated":true}]}}