{"id":3952,"date":"2013-04-16T13:28:26","date_gmt":"2013-04-16T16:28:26","guid":{"rendered":"https:\/\/www.ufsm.br\/pro-reitorias\/prpgp\/2013\/04\/16\/revalidacao-de-diplomas-estrangeiros-nao-devera-ser-automatica\/"},"modified":"2013-04-16T13:28:26","modified_gmt":"2013-04-16T16:28:26","slug":"revalidacao-de-diplomas-estrangeiros-nao-devera-ser-automatica","status":"publish","type":"post","link":"https:\/\/www.ufsm.br\/pro-reitorias\/prpgp\/2013\/04\/16\/revalidacao-de-diplomas-estrangeiros-nao-devera-ser-automatica","title":{"rendered":"Revalida\u00e7\u00e3o de diplomas estrangeiros n\u00e3o dever\u00e1 ser autom\u00e1tica"},"content":{"rendered":"<p>A revalida\u00e7\u00e3o de diplomas estrangeiros n\u00e3o dever\u00e1 ser autom\u00e1tica. A conclus\u00e3o foi consenso entre os participantes da audi\u00eancia p\u00fablica do \u00faltimo dia 12, ocorrida na Comiss\u00e3o de Rela\u00e7\u00f5es Exteriores e Defesa Nacional (CRE) do Senado Federal.<\/p>\n<p>A audi\u00eancia foi realizada para debater o Projeto de Lei 399\/2011, que trata a respeito do assunto. O pr\u00f3prio senador Roberto Requi\u00e3o (PMDB-PR), autor da proposta, reconheceu a necessidade de altera\u00e7\u00e3o do projeto, retirando a previs\u00e3o de automatismo. O senador reconheceu, ainda, que outros pontos do texto original precisam ser alterados e informou que pretende padronizar os crit\u00e9rios para a revalida\u00e7\u00e3o de t\u00edtulos.<\/p>\n<p>&nbsp;<\/p>\n<p>Os participantes do encontro tamb\u00e9m entraram em consenso de que o processo de revalida\u00e7\u00e3o deve tornar-se mais r\u00e1pido e objetivo, com crit\u00e9rios claros de avalia\u00e7\u00e3o.<\/p>\n<p>O senador Aloysio Nunes Ferreira (PSDB-SP) reconheceu que a aprova\u00e7\u00e3o desta mat\u00e9ria foi apressada, e que se trata de um equ\u00edvoco que precisa ser corrigido. Agora, o projeto ser\u00e1 analisado pela Comiss\u00e3o de Educa\u00e7\u00e3o e Esporte (CE) em decis\u00e3o terminativa.<\/p>\n","protected":false},"excerpt":{"rendered":"<p>A revalida\u00e7\u00e3o de diplomas estrangeiros n\u00e3o dever\u00e1 ser autom\u00e1tica. A conclus\u00e3o foi consenso entre os participantes da audi\u00eancia p\u00fablica do \u00faltimo dia 12, ocorrida na Comiss\u00e3o de Rela\u00e7\u00f5es Exteriores e Defesa Nacional (CRE) do Senado Federal. A audi\u00eancia foi realizada para debater o Projeto de Lei 399\/2011, que trata a respeito do assunto. O pr\u00f3prio [&hellip;]<\/p>\n","protected":false},"author":26,"featured_media":0,"comment_status":"closed","ping_status":"closed","sticky":false,"template":"","format":"standard","meta":{"footnotes":""},"categories":[150],"tags":[],"class_list":["post-3952","post","type-post","status-publish","format-standard","hentry","category-noticias-destaques1"],"acf":[],"_links":{"self":[{"href":"https:\/\/www.ufsm.br\/pro-reitorias\/prpgp\/wp-json\/wp\/v2\/posts\/3952","targetHints":{"allow":["GET"]}}],"collection":[{"href":"https:\/\/www.ufsm.br\/pro-reitorias\/prpgp\/wp-json\/wp\/v2\/posts"}],"about":[{"href":"https:\/\/www.ufsm.br\/pro-reitorias\/prpgp\/wp-json\/wp\/v2\/types\/post"}],"author":[{"embeddable":true,"href":"https:\/\/www.ufsm.br\/pro-reitorias\/prpgp\/wp-json\/wp\/v2\/users\/26"}],"replies":[{"embeddable":true,"href":"https:\/\/www.ufsm.br\/pro-reitorias\/prpgp\/wp-json\/wp\/v2\/comments?post=3952"}],"version-history":[{"count":0,"href":"https:\/\/www.ufsm.br\/pro-reitorias\/prpgp\/wp-json\/wp\/v2\/posts\/3952\/revisions"}],"wp:attachment":[{"href":"https:\/\/www.ufsm.br\/pro-reitorias\/prpgp\/wp-json\/wp\/v2\/media?parent=3952"}],"wp:term":[{"taxonomy":"category","embeddable":true,"href":"https:\/\/www.ufsm.br\/pro-reitorias\/prpgp\/wp-json\/wp\/v2\/categories?post=3952"},{"taxonomy":"post_tag","embeddable":true,"href":"https:\/\/www.ufsm.br\/pro-reitorias\/prpgp\/wp-json\/wp\/v2\/tags?post=3952"}],"curies":[{"name":"wp","href":"https:\/\/api.w.org\/{rel}","templated":true}]}}