{"id":3963,"date":"2013-04-25T14:12:11","date_gmt":"2013-04-25T17:12:11","guid":{"rendered":"https:\/\/www.ufsm.br\/pro-reitorias\/prpgp\/2013\/04\/25\/a-cp-prpgp-divulga-o-edital-030-2013-pro-revistas\/"},"modified":"2013-04-25T14:12:11","modified_gmt":"2013-04-25T17:12:11","slug":"a-cp-prpgp-divulga-o-edital-030-2013-pro-revistas","status":"publish","type":"post","link":"https:\/\/www.ufsm.br\/pro-reitorias\/prpgp\/2013\/04\/25\/a-cp-prpgp-divulga-o-edital-030-2013-pro-revistas","title":{"rendered":"A CP\/PRPGP divulga o  Edital 030\/2013 Pr\u00f3-revistas"},"content":{"rendered":"<p>A Pr\u00f3-Reitoria de P\u00f3s-Gradua\u00e7\u00e3o e Pesquisa da Universidade Federal de Santa Maria&nbsp;torna p\u00fablico o Edital de abertura de inscri\u00e7\u00f5es para concess\u00e3o de aux\u00edlio&nbsp;para apoio \u00e0s atividades de publica\u00e7\u00e3o de peri\u00f3dico cient\u00edfico do \u201cPrograma Especial de&nbsp;Incentivo \u00e0s Revistas Cient\u00edficas \u2013 Pr\u00f3-Revistas\u201d para revistas cient\u00edficas editadas pela&nbsp;UFSM, visando o gerenciamento digital (\u201con line\u201d) e consolida\u00e7\u00e3o dos mesmos. Per\u00edodo de inscri\u00e7\u00e3o: 25 de abril a 20 de maio de 2013.&nbsp;<span style=\"font-size: 14px; line-height: 1.5em;\">Demais Informa\u00e7\u00f5es no <a href=\"https:\/\/www.ufsm.br\/pro-reitorias\/prpgp\/wp-content\/uploads\/sites\/345\/2013\/04\/Edital-N.-030-2013-Pr-Revistas.pdf\" target=\"_blank\">Edital em anexo<\/a> ou na p\u00e1gina da PRPGP, no link<a href=\"index.php\/editais\/editais-internos\" target=\"_blank\"> &#8220;Editais&#8221; &#8211; &#8220;Editais Internos&#8221;<\/a>.<\/span><\/p>\n","protected":false},"excerpt":{"rendered":"<p>A Pr\u00f3-Reitoria de P\u00f3s-Gradua\u00e7\u00e3o e Pesquisa da Universidade Federal de Santa Maria&nbsp;torna p\u00fablico o Edital de abertura de inscri\u00e7\u00f5es para concess\u00e3o de aux\u00edlio&nbsp;para apoio \u00e0s atividades de publica\u00e7\u00e3o de peri\u00f3dico cient\u00edfico do \u201cPrograma Especial de&nbsp;Incentivo \u00e0s Revistas Cient\u00edficas \u2013 Pr\u00f3-Revistas\u201d para revistas cient\u00edficas editadas pela&nbsp;UFSM, visando o gerenciamento digital (\u201con line\u201d) e consolida\u00e7\u00e3o dos mesmos. [&hellip;]<\/p>\n","protected":false},"author":26,"featured_media":0,"comment_status":"closed","ping_status":"closed","sticky":false,"template":"","format":"standard","meta":{"footnotes":""},"categories":[150],"tags":[],"class_list":["post-3963","post","type-post","status-publish","format-standard","hentry","category-noticias-destaques1"],"acf":[],"_links":{"self":[{"href":"https:\/\/www.ufsm.br\/pro-reitorias\/prpgp\/wp-json\/wp\/v2\/posts\/3963","targetHints":{"allow":["GET"]}}],"collection":[{"href":"https:\/\/www.ufsm.br\/pro-reitorias\/prpgp\/wp-json\/wp\/v2\/posts"}],"about":[{"href":"https:\/\/www.ufsm.br\/pro-reitorias\/prpgp\/wp-json\/wp\/v2\/types\/post"}],"author":[{"embeddable":true,"href":"https:\/\/www.ufsm.br\/pro-reitorias\/prpgp\/wp-json\/wp\/v2\/users\/26"}],"replies":[{"embeddable":true,"href":"https:\/\/www.ufsm.br\/pro-reitorias\/prpgp\/wp-json\/wp\/v2\/comments?post=3963"}],"version-history":[{"count":0,"href":"https:\/\/www.ufsm.br\/pro-reitorias\/prpgp\/wp-json\/wp\/v2\/posts\/3963\/revisions"}],"wp:attachment":[{"href":"https:\/\/www.ufsm.br\/pro-reitorias\/prpgp\/wp-json\/wp\/v2\/media?parent=3963"}],"wp:term":[{"taxonomy":"category","embeddable":true,"href":"https:\/\/www.ufsm.br\/pro-reitorias\/prpgp\/wp-json\/wp\/v2\/categories?post=3963"},{"taxonomy":"post_tag","embeddable":true,"href":"https:\/\/www.ufsm.br\/pro-reitorias\/prpgp\/wp-json\/wp\/v2\/tags?post=3963"}],"curies":[{"name":"wp","href":"https:\/\/api.w.org\/{rel}","templated":true}]}}