{"id":4193,"date":"2014-04-09T13:20:28","date_gmt":"2014-04-09T16:20:28","guid":{"rendered":"https:\/\/www.ufsm.br\/pro-reitorias\/prpgp\/2014\/04\/09\/prpgp-divulga-subprojetos-recomendados-pelo-comite-assessor-para-pro-equipamentos-capes-2014\/"},"modified":"2014-04-09T13:20:28","modified_gmt":"2014-04-09T16:20:28","slug":"prpgp-divulga-subprojetos-recomendados-pelo-comite-assessor-para-pro-equipamentos-capes-2014","status":"publish","type":"post","link":"https:\/\/www.ufsm.br\/pro-reitorias\/prpgp\/2014\/04\/09\/prpgp-divulga-subprojetos-recomendados-pelo-comite-assessor-para-pro-equipamentos-capes-2014","title":{"rendered":"PRPGP divulga subprojetos recomendados pelo Comit\u00ea Assessor para Pr\u00f3-Equipamentos CAPES 2014"},"content":{"rendered":"<p>O Comit\u00ea Assessor da PRPGP disponibilizou a lista dos subprojetos recomendados para comporem a proposta da UFSM ao Pr\u00f3-Equipamentos Capes 2014.<\/p>\n<p>Para acessar, clique em Editais, Editais Internos ou <a href=\"index.php\/editais\/editais-internos\" target=\"_self\">clique aqui<\/a>.<\/p>\n<p>&nbsp;<\/p>\n","protected":false},"excerpt":{"rendered":"<p>O Comit\u00ea Assessor da PRPGP disponibilizou a lista dos subprojetos recomendados para comporem a proposta da UFSM ao Pr\u00f3-Equipamentos Capes 2014. Para acessar, clique em Editais, Editais Internos ou clique aqui. &nbsp;<\/p>\n","protected":false},"author":26,"featured_media":0,"comment_status":"closed","ping_status":"closed","sticky":false,"template":"","format":"standard","meta":{"footnotes":""},"categories":[150],"tags":[],"class_list":["post-4193","post","type-post","status-publish","format-standard","hentry","category-noticias-destaques1"],"acf":[],"_links":{"self":[{"href":"https:\/\/www.ufsm.br\/pro-reitorias\/prpgp\/wp-json\/wp\/v2\/posts\/4193","targetHints":{"allow":["GET"]}}],"collection":[{"href":"https:\/\/www.ufsm.br\/pro-reitorias\/prpgp\/wp-json\/wp\/v2\/posts"}],"about":[{"href":"https:\/\/www.ufsm.br\/pro-reitorias\/prpgp\/wp-json\/wp\/v2\/types\/post"}],"author":[{"embeddable":true,"href":"https:\/\/www.ufsm.br\/pro-reitorias\/prpgp\/wp-json\/wp\/v2\/users\/26"}],"replies":[{"embeddable":true,"href":"https:\/\/www.ufsm.br\/pro-reitorias\/prpgp\/wp-json\/wp\/v2\/comments?post=4193"}],"version-history":[{"count":0,"href":"https:\/\/www.ufsm.br\/pro-reitorias\/prpgp\/wp-json\/wp\/v2\/posts\/4193\/revisions"}],"wp:attachment":[{"href":"https:\/\/www.ufsm.br\/pro-reitorias\/prpgp\/wp-json\/wp\/v2\/media?parent=4193"}],"wp:term":[{"taxonomy":"category","embeddable":true,"href":"https:\/\/www.ufsm.br\/pro-reitorias\/prpgp\/wp-json\/wp\/v2\/categories?post=4193"},{"taxonomy":"post_tag","embeddable":true,"href":"https:\/\/www.ufsm.br\/pro-reitorias\/prpgp\/wp-json\/wp\/v2\/tags?post=4193"}],"curies":[{"name":"wp","href":"https:\/\/api.w.org\/{rel}","templated":true}]}}