{"id":4209,"date":"2014-05-30T20:17:07","date_gmt":"2014-05-30T23:17:07","guid":{"rendered":"https:\/\/www.ufsm.br\/pro-reitorias\/prpgp\/2014\/05\/30\/atualizacoes-da-coordenacao-de-iniciacao-cientifica\/"},"modified":"2014-05-30T20:17:07","modified_gmt":"2014-05-30T23:17:07","slug":"atualizacoes-da-coordenacao-de-iniciacao-cientifica","status":"publish","type":"post","link":"https:\/\/www.ufsm.br\/pro-reitorias\/prpgp\/2014\/05\/30\/atualizacoes-da-coordenacao-de-iniciacao-cientifica","title":{"rendered":"Atualiza\u00e7\u00f5es da Coordena\u00e7\u00e3o de Inicia\u00e7\u00e3o Cient\u00edfica"},"content":{"rendered":"<p><b style=\"color: #222222; font-family: arial, sans-serif; font-size: 13.333333969116211px; font-style: normal; font-variant: normal; line-height: normal;\">A CIC\/PRPGP informa que est\u00e3o dispon\u00edveis o resultado das avalia\u00e7\u00f5es do PROBIC e do PROBITI.<\/b><\/p>\n<p><b style=\"color: #222222; font-family: arial, sans-serif; font-size: 13.333333969116211px; font-style: normal; font-variant: normal; line-height: normal;\"><b style=\"color: #222222; font-family: arial, sans-serif; font-size: 13.333333969116211px; font-style: normal; font-variant: normal; line-height: normal;\">A CIC\/PRPGP est\u00e1 informando ainda que o per\u00edodo de SOLICITA\u00c7\u00c3O DE REVIS\u00c3O das avalia\u00e7\u00f5es dos editais PROBIC e PROBITI est\u00e1 prorrogado at\u00e9 \u00e0s 24:00 do dia 05 &nbsp;de junho, quinta-feira.<\/b><\/b><\/p>\n","protected":false},"excerpt":{"rendered":"<p>A CIC\/PRPGP informa que est\u00e3o dispon\u00edveis o resultado das avalia\u00e7\u00f5es do PROBIC e do PROBITI. A CIC\/PRPGP est\u00e1 informando ainda que o per\u00edodo de SOLICITA\u00c7\u00c3O DE REVIS\u00c3O das avalia\u00e7\u00f5es dos editais PROBIC e PROBITI est\u00e1 prorrogado at\u00e9 \u00e0s 24:00 do dia 05 &nbsp;de junho, quinta-feira.<\/p>\n","protected":false},"author":26,"featured_media":0,"comment_status":"closed","ping_status":"closed","sticky":false,"template":"","format":"standard","meta":{"footnotes":""},"categories":[150],"tags":[],"class_list":["post-4209","post","type-post","status-publish","format-standard","hentry","category-noticias-destaques1"],"acf":[],"_links":{"self":[{"href":"https:\/\/www.ufsm.br\/pro-reitorias\/prpgp\/wp-json\/wp\/v2\/posts\/4209","targetHints":{"allow":["GET"]}}],"collection":[{"href":"https:\/\/www.ufsm.br\/pro-reitorias\/prpgp\/wp-json\/wp\/v2\/posts"}],"about":[{"href":"https:\/\/www.ufsm.br\/pro-reitorias\/prpgp\/wp-json\/wp\/v2\/types\/post"}],"author":[{"embeddable":true,"href":"https:\/\/www.ufsm.br\/pro-reitorias\/prpgp\/wp-json\/wp\/v2\/users\/26"}],"replies":[{"embeddable":true,"href":"https:\/\/www.ufsm.br\/pro-reitorias\/prpgp\/wp-json\/wp\/v2\/comments?post=4209"}],"version-history":[{"count":0,"href":"https:\/\/www.ufsm.br\/pro-reitorias\/prpgp\/wp-json\/wp\/v2\/posts\/4209\/revisions"}],"wp:attachment":[{"href":"https:\/\/www.ufsm.br\/pro-reitorias\/prpgp\/wp-json\/wp\/v2\/media?parent=4209"}],"wp:term":[{"taxonomy":"category","embeddable":true,"href":"https:\/\/www.ufsm.br\/pro-reitorias\/prpgp\/wp-json\/wp\/v2\/categories?post=4209"},{"taxonomy":"post_tag","embeddable":true,"href":"https:\/\/www.ufsm.br\/pro-reitorias\/prpgp\/wp-json\/wp\/v2\/tags?post=4209"}],"curies":[{"name":"wp","href":"https:\/\/api.w.org\/{rel}","templated":true}]}}