{"id":4264,"date":"2014-10-14T14:30:25","date_gmt":"2014-10-14T17:30:25","guid":{"rendered":"https:\/\/www.ufsm.br\/pro-reitorias\/prpgp\/2014\/10\/14\/edital-035-2014-relacao-dos-candidatos-que-efetuaram-pagamento-da-taxa-de-inscricao\/"},"modified":"2014-10-14T14:30:25","modified_gmt":"2014-10-14T17:30:25","slug":"edital-035-2014-relacao-dos-candidatos-que-efetuaram-pagamento-da-taxa-de-inscricao","status":"publish","type":"post","link":"https:\/\/www.ufsm.br\/pro-reitorias\/prpgp\/2014\/10\/14\/edital-035-2014-relacao-dos-candidatos-que-efetuaram-pagamento-da-taxa-de-inscricao","title":{"rendered":"Edital 035\/2014 &#8211; Rela\u00e7\u00e3o dos candidatos que efetuaram pagamento da taxa de inscri\u00e7\u00e3o"},"content":{"rendered":"<p><span style=\"font-family: Arial, Verdana; font-size: 14px; font-style: normal; font-variant: normal; line-height: 21px; text-align: justify;\">A CPG\/PRPGP divulga rela\u00e7\u00e3o dos candidatos que efetuaram o pagamento da taxa de inscri\u00e7\u00e3o referente ao processo seletivo do Edital n. 035\/2014 &#8211;&nbsp;<span style=\"font-family: Arial, Verdana; font-size: 14px; font-style: normal; font-variant: normal; line-height: 21px; text-align: justify;\">Reabertura do edital n\u00ba 033\/PRPGP\/UFSM de i<span style=\"font-family: Arial, Verdana; font-size: 14px; font-style: normal; font-variant: normal; line-height: 21px; text-align: justify;\">nscri\u00e7\u00e3o ao curso de P\u00f3s-Gradua\u00e7\u00e3o em Gest\u00e3o da Educa\u00e7\u00e3o Municipal &#8211; PRADIME, n\u00edvel de Especializa\u00e7\u00e3o, modalidade \u00e0 Dist\u00e2ncia &#8211; EaD<\/span><\/span>. Para acessar a listagem,&nbsp;<\/span><a href=\"index.php\/editais\/editais-de-selecao\" target=\"_self\" style=\"font-family: Arial, Verdana; font-size: 14px; font-style: normal; font-variant: normal; line-height: 21px; text-align: justify;\">clique aqui<\/a><span style=\"font-family: Arial, Verdana; font-size: 14px; font-style: normal; font-variant: normal; line-height: 21px; text-align: justify;\">.<\/span><\/p>\n","protected":false},"excerpt":{"rendered":"<p>A CPG\/PRPGP divulga rela\u00e7\u00e3o dos candidatos que efetuaram o pagamento da taxa de inscri\u00e7\u00e3o referente ao processo seletivo do Edital n. 035\/2014 &#8211;&nbsp;Reabertura do edital n\u00ba 033\/PRPGP\/UFSM de inscri\u00e7\u00e3o ao curso de P\u00f3s-Gradua\u00e7\u00e3o em Gest\u00e3o da Educa\u00e7\u00e3o Municipal &#8211; PRADIME, n\u00edvel de Especializa\u00e7\u00e3o, modalidade \u00e0 Dist\u00e2ncia &#8211; EaD. Para acessar a listagem,&nbsp;clique aqui.<\/p>\n","protected":false},"author":26,"featured_media":0,"comment_status":"closed","ping_status":"closed","sticky":false,"template":"","format":"standard","meta":{"footnotes":""},"categories":[150],"tags":[],"class_list":["post-4264","post","type-post","status-publish","format-standard","hentry","category-noticias-destaques1"],"acf":[],"_links":{"self":[{"href":"https:\/\/www.ufsm.br\/pro-reitorias\/prpgp\/wp-json\/wp\/v2\/posts\/4264","targetHints":{"allow":["GET"]}}],"collection":[{"href":"https:\/\/www.ufsm.br\/pro-reitorias\/prpgp\/wp-json\/wp\/v2\/posts"}],"about":[{"href":"https:\/\/www.ufsm.br\/pro-reitorias\/prpgp\/wp-json\/wp\/v2\/types\/post"}],"author":[{"embeddable":true,"href":"https:\/\/www.ufsm.br\/pro-reitorias\/prpgp\/wp-json\/wp\/v2\/users\/26"}],"replies":[{"embeddable":true,"href":"https:\/\/www.ufsm.br\/pro-reitorias\/prpgp\/wp-json\/wp\/v2\/comments?post=4264"}],"version-history":[{"count":0,"href":"https:\/\/www.ufsm.br\/pro-reitorias\/prpgp\/wp-json\/wp\/v2\/posts\/4264\/revisions"}],"wp:attachment":[{"href":"https:\/\/www.ufsm.br\/pro-reitorias\/prpgp\/wp-json\/wp\/v2\/media?parent=4264"}],"wp:term":[{"taxonomy":"category","embeddable":true,"href":"https:\/\/www.ufsm.br\/pro-reitorias\/prpgp\/wp-json\/wp\/v2\/categories?post=4264"},{"taxonomy":"post_tag","embeddable":true,"href":"https:\/\/www.ufsm.br\/pro-reitorias\/prpgp\/wp-json\/wp\/v2\/tags?post=4264"}],"curies":[{"name":"wp","href":"https:\/\/api.w.org\/{rel}","templated":true}]}}