{"id":4294,"date":"2014-12-05T11:35:56","date_gmt":"2014-12-05T13:35:56","guid":{"rendered":"https:\/\/www.ufsm.br\/pro-reitorias\/prpgp\/2014\/12\/05\/edital-156-2014-progep-ufsm-retificado-concurso-publico\/"},"modified":"2014-12-05T11:35:56","modified_gmt":"2014-12-05T13:35:56","slug":"edital-156-2014-progep-ufsm-retificado-concurso-publico","status":"publish","type":"post","link":"https:\/\/www.ufsm.br\/pro-reitorias\/prpgp\/2014\/12\/05\/edital-156-2014-progep-ufsm-retificado-concurso-publico","title":{"rendered":"EDITAL 156\/2014\/PROGEP\/UFSM &#8211; RETIFICADO &#8211; Concurso P\u00fablico"},"content":{"rendered":"<p><span style=\"font-family: Arial, Verdana; font-size: 14px; font-style: normal; font-variant: normal; line-height: 21px; text-align: justify;\">Torna-se p\u00fablica a abertura de inscri\u00e7\u00f5es para Concurso P\u00fablico para o Cargo Isolado de Professor Titular-Livre do Magist\u00e9rio Superior, nas cidades de Cachoeira do Sul, Frederico Westphalen e Palmeira das Miss\u00f5es,&nbsp;nas condi\u00e7\u00f5es previstas neste Edital, e demais instrumentos reguladores do Concurso. <a href=\"index.php\/editais\/editais-externos\" target=\"_parent\">Clique aqui para acessar os editais externos a PRPGP.<\/a><\/span><\/p>\n","protected":false},"excerpt":{"rendered":"<p>Torna-se p\u00fablica a abertura de inscri\u00e7\u00f5es para Concurso P\u00fablico para o Cargo Isolado de Professor Titular-Livre do Magist\u00e9rio Superior, nas cidades de Cachoeira do Sul, Frederico Westphalen e Palmeira das Miss\u00f5es,&nbsp;nas condi\u00e7\u00f5es previstas neste Edital, e demais instrumentos reguladores do Concurso. Clique aqui para acessar os editais externos a PRPGP.<\/p>\n","protected":false},"author":26,"featured_media":0,"comment_status":"closed","ping_status":"closed","sticky":false,"template":"","format":"standard","meta":{"footnotes":""},"categories":[150],"tags":[],"class_list":["post-4294","post","type-post","status-publish","format-standard","hentry","category-noticias-destaques1"],"acf":[],"_links":{"self":[{"href":"https:\/\/www.ufsm.br\/pro-reitorias\/prpgp\/wp-json\/wp\/v2\/posts\/4294","targetHints":{"allow":["GET"]}}],"collection":[{"href":"https:\/\/www.ufsm.br\/pro-reitorias\/prpgp\/wp-json\/wp\/v2\/posts"}],"about":[{"href":"https:\/\/www.ufsm.br\/pro-reitorias\/prpgp\/wp-json\/wp\/v2\/types\/post"}],"author":[{"embeddable":true,"href":"https:\/\/www.ufsm.br\/pro-reitorias\/prpgp\/wp-json\/wp\/v2\/users\/26"}],"replies":[{"embeddable":true,"href":"https:\/\/www.ufsm.br\/pro-reitorias\/prpgp\/wp-json\/wp\/v2\/comments?post=4294"}],"version-history":[{"count":0,"href":"https:\/\/www.ufsm.br\/pro-reitorias\/prpgp\/wp-json\/wp\/v2\/posts\/4294\/revisions"}],"wp:attachment":[{"href":"https:\/\/www.ufsm.br\/pro-reitorias\/prpgp\/wp-json\/wp\/v2\/media?parent=4294"}],"wp:term":[{"taxonomy":"category","embeddable":true,"href":"https:\/\/www.ufsm.br\/pro-reitorias\/prpgp\/wp-json\/wp\/v2\/categories?post=4294"},{"taxonomy":"post_tag","embeddable":true,"href":"https:\/\/www.ufsm.br\/pro-reitorias\/prpgp\/wp-json\/wp\/v2\/tags?post=4294"}],"curies":[{"name":"wp","href":"https:\/\/api.w.org\/{rel}","templated":true}]}}