{"id":4304,"date":"2015-01-22T15:50:48","date_gmt":"2015-01-22T17:50:48","guid":{"rendered":"https:\/\/www.ufsm.br\/pro-reitorias\/prpgp\/2015\/01\/22\/edital-037-2014-relacao-final-dos-candidatos-classificados\/"},"modified":"2015-01-22T15:50:48","modified_gmt":"2015-01-22T17:50:48","slug":"edital-037-2014-relacao-final-dos-candidatos-classificados","status":"publish","type":"post","link":"https:\/\/www.ufsm.br\/pro-reitorias\/prpgp\/2015\/01\/22\/edital-037-2014-relacao-final-dos-candidatos-classificados","title":{"rendered":"Edital 037\/2014 &#8211; Rela\u00e7\u00e3o FINAL dos candidatos classificados aos cursos de P\u00f3s-Gradua\u00e7\u00e3o em n\u00edvel de Doutorado, Mestrado e Especializa\u00e7\u00e3o, com ingresso no 1\u00ba. Semestre de 2015"},"content":{"rendered":"<p><span style=\"font-family: Arial, Verdana; font-size: 14px; font-style: normal; font-variant: normal; line-height: 21px; text-align: justify;\">A PRPGP divulga rela\u00e7\u00e3o final dos candidatos classificados no edital <strong>037\/2014\/PRPGP\/UFSM<\/strong>, de 26 de setembro de 2014, inscri\u00e7\u00e3o ao Processo Seletivo da P\u00f3s-Gradua\u00e7\u00e3o, em n\u00edvel de Doutorado, Mestrado e Especializa\u00e7\u00e3o para ingresso no 1\u00ba Semestre de 2015.<\/span><\/p>\n<p><span style=\"font-family: Arial, Verdana; font-size: 14px; font-style: normal; font-variant: normal; line-height: 21px; text-align: justify;\">Para acessar os resultados,&nbsp;<\/span><a href=\"index.php\/editais\/editais-de-selecao\/16-editais\/selecao\/792-editais-selecao-2014\" target=\"_blank\" style=\"font-size: 14px; line-height: 1.5em;\">clique aqui<\/a><\/p>\n","protected":false},"excerpt":{"rendered":"<p>A PRPGP divulga rela\u00e7\u00e3o final dos candidatos classificados no edital 037\/2014\/PRPGP\/UFSM, de 26 de setembro de 2014, inscri\u00e7\u00e3o ao Processo Seletivo da P\u00f3s-Gradua\u00e7\u00e3o, em n\u00edvel de Doutorado, Mestrado e Especializa\u00e7\u00e3o para ingresso no 1\u00ba Semestre de 2015. Para acessar os resultados,&nbsp;clique aqui<\/p>\n","protected":false},"author":26,"featured_media":0,"comment_status":"closed","ping_status":"closed","sticky":false,"template":"","format":"standard","meta":{"footnotes":""},"categories":[150],"tags":[],"class_list":["post-4304","post","type-post","status-publish","format-standard","hentry","category-noticias-destaques1"],"acf":[],"_links":{"self":[{"href":"https:\/\/www.ufsm.br\/pro-reitorias\/prpgp\/wp-json\/wp\/v2\/posts\/4304","targetHints":{"allow":["GET"]}}],"collection":[{"href":"https:\/\/www.ufsm.br\/pro-reitorias\/prpgp\/wp-json\/wp\/v2\/posts"}],"about":[{"href":"https:\/\/www.ufsm.br\/pro-reitorias\/prpgp\/wp-json\/wp\/v2\/types\/post"}],"author":[{"embeddable":true,"href":"https:\/\/www.ufsm.br\/pro-reitorias\/prpgp\/wp-json\/wp\/v2\/users\/26"}],"replies":[{"embeddable":true,"href":"https:\/\/www.ufsm.br\/pro-reitorias\/prpgp\/wp-json\/wp\/v2\/comments?post=4304"}],"version-history":[{"count":0,"href":"https:\/\/www.ufsm.br\/pro-reitorias\/prpgp\/wp-json\/wp\/v2\/posts\/4304\/revisions"}],"wp:attachment":[{"href":"https:\/\/www.ufsm.br\/pro-reitorias\/prpgp\/wp-json\/wp\/v2\/media?parent=4304"}],"wp:term":[{"taxonomy":"category","embeddable":true,"href":"https:\/\/www.ufsm.br\/pro-reitorias\/prpgp\/wp-json\/wp\/v2\/categories?post=4304"},{"taxonomy":"post_tag","embeddable":true,"href":"https:\/\/www.ufsm.br\/pro-reitorias\/prpgp\/wp-json\/wp\/v2\/tags?post=4304"}],"curies":[{"name":"wp","href":"https:\/\/api.w.org\/{rel}","templated":true}]}}