{"id":4432,"date":"2017-05-31T18:57:58","date_gmt":"2017-05-31T21:57:58","guid":{"rendered":"https:\/\/www.ufsm.br\/pro-reitorias\/prpgp\/2017\/05\/31\/a-cp-prpgp-divulga-o-edital-023-2017-pro-publicacoes-internacionais\/"},"modified":"2019-03-12T12:35:38","modified_gmt":"2019-03-12T15:35:38","slug":"a-cp-prpgp-divulga-o-edital-023-2017-pro-publicacoes-internacionais","status":"publish","type":"post","link":"https:\/\/www.ufsm.br\/pro-reitorias\/prpgp\/2017\/05\/31\/a-cp-prpgp-divulga-o-edital-023-2017-pro-publicacoes-internacionais","title":{"rendered":"A CP\/PRPGP divulga o Edital 023\/2017 &#8211; Pr\u00f3-publica\u00e7\u00f5es Internacionais"},"content":{"rendered":"<p><span style=\"vertical-align: baseline;line-height: 21px;text-align: justify;font-style: inherit;font-size: 14px;font-family: Arial, Verdana;margin: 0px;padding: 0px\">Programa Especial de Incentivo \u00e0s Publica\u00e7\u00f5es Internacionais que visa custear o pagamento de despesas como taxas de publica\u00e7\u00e3o de artigo cient\u00edfico em peri\u00f3dico internacional, tradu\u00e7\u00e3o para l\u00edngua estrangeira ou corre\u00e7\u00e3o de gram\u00e1tica e estilo de artigo cient\u00edfico ou cap\u00edtulo de livro.<br \/>\nPara maiores informa\u00e7\u00f5es\u00a0<a href=\"https:\/\/www.ufsm.br\/pro-reitorias\/prpgp\/editais\/025-2018\/\" target=\"_self\" rel=\"noopener noreferrer\">clique aqui<\/a>\u00a0ou v\u00e1 para Editais Internos.<\/span><\/p>\n","protected":false},"excerpt":{"rendered":"<p>Programa Especial de Incentivo \u00e0s Publica\u00e7\u00f5es Internacionais que visa custear o pagamento de despesas como taxas de publica\u00e7\u00e3o de artigo cient\u00edfico em peri\u00f3dico internacional, tradu\u00e7\u00e3o para l\u00edngua estrangeira ou corre\u00e7\u00e3o de gram\u00e1tica e estilo de artigo cient\u00edfico ou cap\u00edtulo de livro. Para maiores informa\u00e7\u00f5es\u00a0clique aqui\u00a0ou v\u00e1 para Editais Internos.<\/p>\n","protected":false},"author":26,"featured_media":0,"comment_status":"closed","ping_status":"closed","sticky":false,"template":"","format":"standard","meta":{"footnotes":""},"categories":[150],"tags":[],"class_list":["post-4432","post","type-post","status-publish","format-standard","hentry","category-noticias-destaques1"],"acf":[],"_links":{"self":[{"href":"https:\/\/www.ufsm.br\/pro-reitorias\/prpgp\/wp-json\/wp\/v2\/posts\/4432","targetHints":{"allow":["GET"]}}],"collection":[{"href":"https:\/\/www.ufsm.br\/pro-reitorias\/prpgp\/wp-json\/wp\/v2\/posts"}],"about":[{"href":"https:\/\/www.ufsm.br\/pro-reitorias\/prpgp\/wp-json\/wp\/v2\/types\/post"}],"author":[{"embeddable":true,"href":"https:\/\/www.ufsm.br\/pro-reitorias\/prpgp\/wp-json\/wp\/v2\/users\/26"}],"replies":[{"embeddable":true,"href":"https:\/\/www.ufsm.br\/pro-reitorias\/prpgp\/wp-json\/wp\/v2\/comments?post=4432"}],"version-history":[{"count":0,"href":"https:\/\/www.ufsm.br\/pro-reitorias\/prpgp\/wp-json\/wp\/v2\/posts\/4432\/revisions"}],"wp:attachment":[{"href":"https:\/\/www.ufsm.br\/pro-reitorias\/prpgp\/wp-json\/wp\/v2\/media?parent=4432"}],"wp:term":[{"taxonomy":"category","embeddable":true,"href":"https:\/\/www.ufsm.br\/pro-reitorias\/prpgp\/wp-json\/wp\/v2\/categories?post=4432"},{"taxonomy":"post_tag","embeddable":true,"href":"https:\/\/www.ufsm.br\/pro-reitorias\/prpgp\/wp-json\/wp\/v2\/tags?post=4432"}],"curies":[{"name":"wp","href":"https:\/\/api.w.org\/{rel}","templated":true}]}}