{"id":7961,"date":"2019-03-29T10:43:33","date_gmt":"2019-03-29T13:43:33","guid":{"rendered":"https:\/\/www.ufsm.br\/pro-reitorias\/prpgp\/?p=7961"},"modified":"2019-03-29T10:46:06","modified_gmt":"2019-03-29T13:46:06","slug":"premio-40-melhores-da-33a-jai","status":"publish","type":"post","link":"https:\/\/www.ufsm.br\/pro-reitorias\/prpgp\/2019\/03\/29\/premio-40-melhores-da-33a-jai","title":{"rendered":"Pr\u00eamio 40 Melhores da 33\u00aa JAI"},"content":{"rendered":"\n<p>A CIC\/PRPGP convida a comunidade universit\u00e1ria para a Cerim\u00f4nia de Entrega de Certificados aos alunos, orientadores e co-autores contemplados com o Pr\u00eamio 40 Melhores. Este pr\u00eamio seleciona as melhores apresenta\u00e7\u00f5es de trabalho do Sal\u00e3o de Inicia\u00e7\u00e3o Cient\u00edfica e da Mostra de Ensino da Jornada Acad\u00eamica Integrada da UFSM. Al\u00e9m da certifica\u00e7\u00e3o espec\u00edfica, os alunos premiados que mantiverem v\u00ednculo acad\u00eamico coma a UFSM no primeiro semestre de 2019 poder\u00e3o representar a UFSM na Jornada Nacional de Inicia\u00e7\u00e3o Cient\u00edfica.<\/p>\n<p>Veja a lista dos<a href=\"https:\/\/www.ufsm.br\/pro-reitorias\/prpgp\/wp-content\/uploads\/sites\/345\/2019\/03\/40-Melhores_Divulga%C3%A7%C3%A3o_2019.ods\"> contemplados<\/a>.<\/p>\n<p>Local: Audit\u00f3rio Fl\u00e1vio Miguel Schneider &#8211; CCR<\/p>\n<p>Data: 04 de abril de 2019 &#8211; Quinta-feira<\/p>\n<p>Hor\u00e1rio: 15 horas.<\/p>\n","protected":false},"excerpt":{"rendered":"<p>A CIC\/PRPGP convida a comunidade universit\u00e1ria para a Cerim\u00f4nia de Entrega de Certificados aos alunos, orientadores e co-autores contemplados com o Pr\u00eamio 40 Melhores. Este pr\u00eamio seleciona as melhores apresenta\u00e7\u00f5es de trabalho do Sal\u00e3o de Inicia\u00e7\u00e3o Cient\u00edfica e da Mostra de Ensino da Jornada Acad\u00eamica Integrada da UFSM. Al\u00e9m da certifica\u00e7\u00e3o espec\u00edfica, os alunos premiados [&hellip;]<\/p>\n","protected":false},"author":743,"featured_media":0,"comment_status":"closed","ping_status":"closed","sticky":false,"template":"","format":"standard","meta":{"footnotes":""},"categories":[150],"tags":[],"class_list":["post-7961","post","type-post","status-publish","format-standard","hentry","category-noticias-destaques1"],"acf":[],"_links":{"self":[{"href":"https:\/\/www.ufsm.br\/pro-reitorias\/prpgp\/wp-json\/wp\/v2\/posts\/7961","targetHints":{"allow":["GET"]}}],"collection":[{"href":"https:\/\/www.ufsm.br\/pro-reitorias\/prpgp\/wp-json\/wp\/v2\/posts"}],"about":[{"href":"https:\/\/www.ufsm.br\/pro-reitorias\/prpgp\/wp-json\/wp\/v2\/types\/post"}],"author":[{"embeddable":true,"href":"https:\/\/www.ufsm.br\/pro-reitorias\/prpgp\/wp-json\/wp\/v2\/users\/743"}],"replies":[{"embeddable":true,"href":"https:\/\/www.ufsm.br\/pro-reitorias\/prpgp\/wp-json\/wp\/v2\/comments?post=7961"}],"version-history":[{"count":0,"href":"https:\/\/www.ufsm.br\/pro-reitorias\/prpgp\/wp-json\/wp\/v2\/posts\/7961\/revisions"}],"wp:attachment":[{"href":"https:\/\/www.ufsm.br\/pro-reitorias\/prpgp\/wp-json\/wp\/v2\/media?parent=7961"}],"wp:term":[{"taxonomy":"category","embeddable":true,"href":"https:\/\/www.ufsm.br\/pro-reitorias\/prpgp\/wp-json\/wp\/v2\/categories?post=7961"},{"taxonomy":"post_tag","embeddable":true,"href":"https:\/\/www.ufsm.br\/pro-reitorias\/prpgp\/wp-json\/wp\/v2\/tags?post=7961"}],"curies":[{"name":"wp","href":"https:\/\/api.w.org\/{rel}","templated":true}]}}