{"id":9374,"date":"2019-10-23T15:28:28","date_gmt":"2019-10-23T18:28:28","guid":{"rendered":"https:\/\/www.ufsm.br\/pro-reitorias\/prpgp\/?p=9374"},"modified":"2019-10-23T15:28:36","modified_gmt":"2019-10-23T18:28:36","slug":"informe-aos-candidatos-no-processo-de-selecao-regido-pelo-edital-062-2019-prpgp","status":"publish","type":"post","link":"https:\/\/www.ufsm.br\/pro-reitorias\/prpgp\/2019\/10\/23\/informe-aos-candidatos-no-processo-de-selecao-regido-pelo-edital-062-2019-prpgp","title":{"rendered":"INFORME AOS CANDIDATOS NO PROCESSO DE SELE\u00c7\u00c3O REGIDO PELO EDITAL 062\/2019\/PRPGP."},"content":{"rendered":"\n<p style=\"text-align: justify\">Informamos que houve um imprevisto nos registros de pagamentos, realizados no dia 17 de outubro, da taxa de inscri\u00e7\u00e3o dos candidatos ao Processo Seletivo de ingresso na P\u00f3s-Gradua\u00e7\u00e3o da UFSM.<\/p>\n<p style=\"text-align: justify\">Todos os pagamentos do dia 17 n\u00e3o foram reconhecidos pelo sistema.<\/p>\n<p style=\"text-align: justify\">Estamos em conjunto com o CPD resolvendo esta situa\u00e7\u00e3o e assim que poss\u00edvel faremos a publica\u00e7\u00e3o de uma nova rela\u00e7\u00e3o atualizada.<\/p>\n<p style=\"text-align: justify\">Os candidatos que ainda desejarem enviar seu recurso a esta publica\u00e7\u00e3o, podem fazer enviando, conforme instru\u00eddo na publica\u00e7\u00e3o de ontem, por e-mail ou pessoalmente, a ficha de inscri\u00e7\u00e3o (atrav\u00e9s do n\u00famero \u00fanico), a GRU e o comprovante de pagamento original (n\u00e3o de agendamento).<\/p>\n<p style=\"text-align: justify\">Lembramos que todas as publica\u00e7\u00f5es s\u00e3o feitas na p\u00e1gina do Edital Geral 062\/2019<br \/>https:\/\/www.ufsm.br\/pro-reitorias\/prpgp\/editais\/062-2019\/<\/p>\n","protected":false},"excerpt":{"rendered":"<p>Informamos que houve um imprevisto nos registros de pagamentos, realizados no dia 17 de outubro, da taxa de inscri\u00e7\u00e3o dos candidatos ao Processo Seletivo de ingresso na P\u00f3s-Gradua\u00e7\u00e3o da UFSM. Todos os pagamentos do dia 17 n\u00e3o foram reconhecidos pelo sistema. Estamos em conjunto com o CPD resolvendo esta situa\u00e7\u00e3o e assim que poss\u00edvel faremos [&hellip;]<\/p>\n","protected":false},"author":200,"featured_media":0,"comment_status":"closed","ping_status":"closed","sticky":false,"template":"","format":"standard","meta":{"footnotes":""},"categories":[150],"tags":[],"class_list":["post-9374","post","type-post","status-publish","format-standard","hentry","category-noticias-destaques1"],"acf":[],"_links":{"self":[{"href":"https:\/\/www.ufsm.br\/pro-reitorias\/prpgp\/wp-json\/wp\/v2\/posts\/9374","targetHints":{"allow":["GET"]}}],"collection":[{"href":"https:\/\/www.ufsm.br\/pro-reitorias\/prpgp\/wp-json\/wp\/v2\/posts"}],"about":[{"href":"https:\/\/www.ufsm.br\/pro-reitorias\/prpgp\/wp-json\/wp\/v2\/types\/post"}],"author":[{"embeddable":true,"href":"https:\/\/www.ufsm.br\/pro-reitorias\/prpgp\/wp-json\/wp\/v2\/users\/200"}],"replies":[{"embeddable":true,"href":"https:\/\/www.ufsm.br\/pro-reitorias\/prpgp\/wp-json\/wp\/v2\/comments?post=9374"}],"version-history":[{"count":0,"href":"https:\/\/www.ufsm.br\/pro-reitorias\/prpgp\/wp-json\/wp\/v2\/posts\/9374\/revisions"}],"wp:attachment":[{"href":"https:\/\/www.ufsm.br\/pro-reitorias\/prpgp\/wp-json\/wp\/v2\/media?parent=9374"}],"wp:term":[{"taxonomy":"category","embeddable":true,"href":"https:\/\/www.ufsm.br\/pro-reitorias\/prpgp\/wp-json\/wp\/v2\/categories?post=9374"},{"taxonomy":"post_tag","embeddable":true,"href":"https:\/\/www.ufsm.br\/pro-reitorias\/prpgp\/wp-json\/wp\/v2\/tags?post=9374"}],"curies":[{"name":"wp","href":"https:\/\/api.w.org\/{rel}","templated":true}]}}