{"id":9990,"date":"2020-07-27T12:20:35","date_gmt":"2020-07-27T15:20:35","guid":{"rendered":"https:\/\/www.ufsm.br\/pro-reitorias\/prpgp\/?p=9990"},"modified":"2020-07-27T12:29:50","modified_gmt":"2020-07-27T15:29:50","slug":"35a-jornada-academica-integrada-sera-realizada-de-forma-virtual-de-19-a-23-de-outubro","status":"publish","type":"post","link":"https:\/\/www.ufsm.br\/pro-reitorias\/prpgp\/2020\/07\/27\/35a-jornada-academica-integrada-sera-realizada-de-forma-virtual-de-19-a-23-de-outubro","title":{"rendered":"35\u00aa Jornada Acad\u00eamica Integrada ser\u00e1 realizada de forma virtual de 19 a 23 de outubro"},"content":{"rendered":"\n<p>A 35\u00aa Jornada Acad\u00eamica Integrada da UFSM ser\u00e1 realizada de forma online neste ano de 2020, devido \u00e0 pandemia da Covid-19, que enfrentamos desde o in\u00edcio do ano letivo. O tradicional evento organizado pelas Pr\u00f3-Reitorias de P\u00f3s-Gradua\u00e7\u00e3o e Pesquisa, de Extens\u00e3o e de Gradua\u00e7\u00e3o, vai acontecer entre os dias 19 e 23 de outubro com novos formatos de apresenta\u00e7\u00e3o dos trabalhos.\u00a0<\/p>\n<p>As inscri\u00e7\u00f5es de trabalhos poder\u00e3o ser realizadas de 29 de julho a 31 de agosto, no <a href=\"https:\/\/www.ufsm.br\/pro-reitorias\/prpgp\/jai\">site do evento<\/a>, e nela o(a) apresentador(a) deve submeter um resumo do trabalho de acordo com as normas do edital e, tamb\u00e9m, o arquivo de apresenta\u00e7\u00e3o (com no m\u00e1ximo 20 p\u00e1ginas e 5 MB). As inscri\u00e7\u00f5es para ouvintes tamb\u00e9m abrem dia 29 de julho na p\u00e1gina da JAI, e estas podem ser feitas at\u00e9 21 de outubro. Os dois modos de inscri\u00e7\u00f5es s\u00e3o independentes, ent\u00e3o \u00e9 necess\u00e1rio fazer sua inscri\u00e7\u00e3o como ouvinte mesmo se voc\u00ea pretende participar como apresentador(a).\u00a0<\/p>\n<p>H\u00e1 dois formatos de apresenta\u00e7\u00e3o: \u201cApresenta\u00e7\u00e3o Oral\u201d e \u201cApresenta\u00e7\u00f5es Performativas\u201d, sendo este \u00faltimo para os m\u00f3dulos dan\u00e7a, m\u00fasica e artes c\u00eanicas. Tanto os trabalhos Orais quanto as Apresenta\u00e7\u00f5es Performativas ser\u00e3o realizadas atrav\u00e9s da plataforma <em>Google Meet<\/em>, com salas virtuais separadas por m\u00f3dulos tem\u00e1ticos.\u00a0<\/p>\n<p>A Jornada Acad\u00eamica Integrada (JAI) da UFSM \u00e9 um evento integrante do calend\u00e1rio oficial da Institui\u00e7\u00e3o que busca estimular a participa\u00e7\u00e3o dos alunos em eventos no meio acad\u00eamico, promover a troca de experi\u00eancias entre estes alunos e entre alunos e professores\/profissionais, divulgar seus trabalhos de ensino, pesquisa e extens\u00e3o e assegurar o reconhecimento institucional destas a\u00e7\u00f5es.<\/p>\n<p>De acordo com o prof. Paulo C\u00e9sar Piquini, \u201das circunst\u00e2ncias s\u00e3o desafiadoras e inesperadas, mas os objetivos do evento continuam iguais e se fazem cada dia mais importantes, mostrando que a produ\u00e7\u00e3o cient\u00edfica\/acad\u00eamica da UFSM n\u00e3o para, seja de forma presencial ou remota\u201d. Neste ano, a JAI conta com o 35\u00ba Sal\u00e3o de Inicia\u00e7\u00e3o Cient\u00edfica, o 13\u00ba Sal\u00e3o de Extens\u00e3o, a 12\u00aa Mostra de Ensino, o 11\u00ba Sal\u00e3o de P\u00f3s-Gradua\u00e7\u00e3o e a 4\u00aa JAI Externos, que s\u00e3o sub eventos que t\u00eam como prop\u00f3sito estimular a inicia\u00e7\u00e3o dos alunos em eventos acad\u00eamicos, promover a troca de experi\u00eancias entre estes alunos e entre estes e seus professores, al\u00e9m de divulgar seus trabalhos de ensino, pesquisa e extens\u00e3o e assegurar o reconhecimento institucional destas a\u00e7\u00f5es.\u00a0<\/p>\n<p>Para mais informa\u00e7\u00f5es do evento, confira o <a href=\"https:\/\/www.ufsm.br\/pro-reitorias\/prpgp\/wp-content\/uploads\/sites\/345\/2020\/07\/Edital_028_2020_JAI.pdf\">edital<\/a>.<\/p>\n","protected":false},"excerpt":{"rendered":"<p>A 35\u00aa Jornada Acad\u00eamica Integrada da UFSM ser\u00e1 realizada de forma online neste ano de 2020, devido \u00e0 pandemia da Covid-19, que enfrentamos desde o in\u00edcio do ano letivo. O tradicional evento organizado pelas Pr\u00f3-Reitorias de P\u00f3s-Gradua\u00e7\u00e3o e Pesquisa, de Extens\u00e3o e de Gradua\u00e7\u00e3o, vai acontecer entre os dias 19 e 23 de outubro com [&hellip;]<\/p>\n","protected":false},"author":80,"featured_media":0,"comment_status":"closed","ping_status":"closed","sticky":false,"template":"","format":"standard","meta":{"footnotes":""},"categories":[150],"tags":[466],"class_list":["post-9990","post","type-post","status-publish","format-standard","hentry","category-noticias-destaques1","tag-jai"],"acf":[],"_links":{"self":[{"href":"https:\/\/www.ufsm.br\/pro-reitorias\/prpgp\/wp-json\/wp\/v2\/posts\/9990","targetHints":{"allow":["GET"]}}],"collection":[{"href":"https:\/\/www.ufsm.br\/pro-reitorias\/prpgp\/wp-json\/wp\/v2\/posts"}],"about":[{"href":"https:\/\/www.ufsm.br\/pro-reitorias\/prpgp\/wp-json\/wp\/v2\/types\/post"}],"author":[{"embeddable":true,"href":"https:\/\/www.ufsm.br\/pro-reitorias\/prpgp\/wp-json\/wp\/v2\/users\/80"}],"replies":[{"embeddable":true,"href":"https:\/\/www.ufsm.br\/pro-reitorias\/prpgp\/wp-json\/wp\/v2\/comments?post=9990"}],"version-history":[{"count":0,"href":"https:\/\/www.ufsm.br\/pro-reitorias\/prpgp\/wp-json\/wp\/v2\/posts\/9990\/revisions"}],"wp:attachment":[{"href":"https:\/\/www.ufsm.br\/pro-reitorias\/prpgp\/wp-json\/wp\/v2\/media?parent=9990"}],"wp:term":[{"taxonomy":"category","embeddable":true,"href":"https:\/\/www.ufsm.br\/pro-reitorias\/prpgp\/wp-json\/wp\/v2\/categories?post=9990"},{"taxonomy":"post_tag","embeddable":true,"href":"https:\/\/www.ufsm.br\/pro-reitorias\/prpgp\/wp-json\/wp\/v2\/tags?post=9990"}],"curies":[{"name":"wp","href":"https:\/\/api.w.org\/{rel}","templated":true}]}}