{"id":358,"date":"2021-10-13T07:34:00","date_gmt":"2021-10-13T10:34:00","guid":{"rendered":"https:\/\/www.ufsm.br\/projetos\/ensino\/isf\/?p=358"},"modified":"2021-10-20T09:37:51","modified_gmt":"2021-10-20T12:37:51","slug":"abertas-as-inscricoes-para-cursos-do-isf-portugues-lingua-estrangeira-adicional-na-ufsm-2","status":"publish","type":"post","link":"https:\/\/www.ufsm.br\/projetos\/ensino\/isf\/2021\/10\/13\/abertas-as-inscricoes-para-cursos-do-isf-portugues-lingua-estrangeira-adicional-na-ufsm-2","title":{"rendered":"Abertas as inscri\u00e7\u00f5es para cursos do IsF-Portugu\u00eas L\u00edngua Estrangeira\/Adicional na UFSM"},"content":{"rendered":"\n<p style=\"text-align: justify\">O N\u00facleo de L\u00ednguas da Rede Idiomas sem Fronteiras (IsF) da Universidade Federal de Santa Maria (UFSM) informa que est\u00e3o abertas as inscri\u00e7\u00f5es para cursos de Portugu\u00eas L\u00edngua Estrangeira\/Adicional (PLE\/A). Considerando a excepcionalidade do momento da pandemia, as aulas ser\u00e3o realizadas de modo totalmente remoto. Para isso, est\u00e3o previstas conex\u00f5es semanais de 1h30min, via ambiente virtual. As outras 2h30min da carga hor\u00e1ria semanal ser\u00e3o destinadas \u00e0 realiza\u00e7\u00e3o de atividades ass\u00edncronas.<\/p>\n<p style=\"text-align: justify\">As vagas para esta oferta s\u00e3o para os seguintes cursos:<\/p>\n<p style=\"text-align: justify\">I) Leitura e produ\u00e7\u00e3o textual: introdu\u00e7\u00e3o \u00e0 pr\u00e1tica acad\u00eamica &#8211; cujo objetivo \u00e9 proporcionar ao aluno a possibilidade de familiarizar-se com textos da esfera acad\u00eamica; compreender os conceitos e as formas de pl\u00e1gio e autopl\u00e1gio; refletir acerca do conceito de autoria e discutir princ\u00edpios da \u00e9tica em pesquisa. As aulas s\u00edncronas ser\u00e3o \u00e0s segundas-feiras, das 8h30min \u00e0s 10h.<\/p>\n<p style=\"text-align: justify\">II) Comigo no cinema &#8211; cujo objetivo \u00e9 proporcionar ao aluno a possibilidade compreender a arte cinematogr\u00e1fica como uma forma de representar experi\u00eancias, individuais e coletivas; refletir a partir de cl\u00e1ssicos do cinema brasileiro sobre a cultura nacional e vivenciar um processo orientado de escrita e reescrita. As aulas s\u00edncronas ser\u00e3o \u00e0s segundas-feiras, das 17h30min \u00e0s 19h.<\/p>\n<p style=\"text-align: justify\">Ambos os cursos iniciam dia 18 de outubro. As inscri\u00e7\u00f5es podem ser realizadas por meio deste link https:\/\/docs.google.com\/forms\/d\/1HWCRrP_rtAcqVV5G4IwKfOnOEG2dZwCrz1c10w1pwhw\/edit. Mais informa\u00e7\u00f5es podem ser obtidas em contato por este email isf.ple.pla@ufsm.br<\/p>\n","protected":false},"excerpt":{"rendered":"<p>O N\u00facleo de L\u00ednguas da Rede Idiomas sem Fronteiras (IsF) da Universidade Federal de Santa Maria (UFSM) informa que est\u00e3o abertas as inscri\u00e7\u00f5es para cursos de Portugu\u00eas L\u00edngua Estrangeira\/Adicional (PLE\/A). Considerando a excepcionalidade do momento da pandemia, as aulas ser\u00e3o realizadas de modo totalmente remoto. Para isso, est\u00e3o previstas conex\u00f5es semanais de 1h30min, via ambiente [&hellip;]<\/p>\n","protected":false},"author":4035,"featured_media":0,"comment_status":"closed","ping_status":"closed","sticky":false,"template":"","format":"standard","meta":{"footnotes":""},"categories":[28],"tags":[27,19,41],"class_list":["post-358","post","type-post","status-publish","format-standard","hentry","category-cursos","tag-cursos-de-lingua-estrangeira","tag-isf","tag-isf-ple"],"acf":[],"_links":{"self":[{"href":"https:\/\/www.ufsm.br\/projetos\/ensino\/isf\/wp-json\/wp\/v2\/posts\/358","targetHints":{"allow":["GET"]}}],"collection":[{"href":"https:\/\/www.ufsm.br\/projetos\/ensino\/isf\/wp-json\/wp\/v2\/posts"}],"about":[{"href":"https:\/\/www.ufsm.br\/projetos\/ensino\/isf\/wp-json\/wp\/v2\/types\/post"}],"author":[{"embeddable":true,"href":"https:\/\/www.ufsm.br\/projetos\/ensino\/isf\/wp-json\/wp\/v2\/users\/4035"}],"replies":[{"embeddable":true,"href":"https:\/\/www.ufsm.br\/projetos\/ensino\/isf\/wp-json\/wp\/v2\/comments?post=358"}],"version-history":[{"count":0,"href":"https:\/\/www.ufsm.br\/projetos\/ensino\/isf\/wp-json\/wp\/v2\/posts\/358\/revisions"}],"wp:attachment":[{"href":"https:\/\/www.ufsm.br\/projetos\/ensino\/isf\/wp-json\/wp\/v2\/media?parent=358"}],"wp:term":[{"taxonomy":"category","embeddable":true,"href":"https:\/\/www.ufsm.br\/projetos\/ensino\/isf\/wp-json\/wp\/v2\/categories?post=358"},{"taxonomy":"post_tag","embeddable":true,"href":"https:\/\/www.ufsm.br\/projetos\/ensino\/isf\/wp-json\/wp\/v2\/tags?post=358"}],"curies":[{"name":"wp","href":"https:\/\/api.w.org\/{rel}","templated":true}]}}