{"id":415,"date":"2022-01-23T14:35:51","date_gmt":"2022-01-23T17:35:51","guid":{"rendered":"https:\/\/www.ufsm.br\/projetos\/ensino\/isf\/?p=415"},"modified":"2022-01-23T14:35:53","modified_gmt":"2022-01-23T17:35:53","slug":"isf-italiano-queremos-ouvir-voces","status":"publish","type":"post","link":"https:\/\/www.ufsm.br\/projetos\/ensino\/isf\/2022\/01\/23\/isf-italiano-queremos-ouvir-voces","title":{"rendered":"IsF-Italiano: Queremos ouvir voc\u00eas!"},"content":{"rendered":"\n<p>A Rede Andifes \u2013 Idioma sem Fronteiras &#8211; Italiano da UFSM, por meio do N\u00facleo de L\u00ednguas da UFSM visa conhecer melhor os interesses e experi\u00eancias do nosso p\u00fablico para ampliarmos a atua\u00e7\u00e3o do IsF-Italiano.<br \/><br \/>Os cursos oferecidos pela Rede s\u00e3o focados no uso da l\u00edngua italiana em contexto acad\u00eamico, para permitir a internacionaliza\u00e7\u00e3o universit\u00e1ria, capacitando estudantes e servidores para a mobilidade acad\u00eamica e tamb\u00e9m para criar um espa\u00e7o que possa melhor receber estrangeiros em nosso contexto universit\u00e1rio.<\/p>\n<p>Acesse e responda ao formul\u00e1rio:\u00a0<a href=\"https:\/\/forms.gle\/7yenfXQeWGGQQxyd6\" target=\"_blank\" rel=\"noopener\" data-saferedirecturl=\"https:\/\/www.google.com\/url?q=https:\/\/forms.gle\/7yenfXQeWGGQQxyd6&amp;source=gmail&amp;ust=1643044673350000&amp;usg=AOvVaw147cKXsdTdxv4Szi5FPMZA\">https:\/\/forms.gle\/7yenfXQeWGGQQxyd6<\/a>\u00a0para ajudar a escolher os pr\u00f3ximos cursos de l\u00edngua italiana.<\/p>\n<p>N\u00e3o \u00e9 necess\u00e1rio identificar-se para preencher o presente formul\u00e1rio, sua identifica\u00e7\u00e3o \u00e9 opcional: deixe seu nome e e-mail para ser atualizado sobre os cursos que ofereceremos a partir de fevereiro.<br \/><br \/>Agradecemos sua participa\u00e7\u00e3o!<br \/><br \/>Equipe da Rede Andifes &#8211; Idiomas sem Fronteiras &#8211; Italiano da UFSM.<\/p>\n","protected":false},"excerpt":{"rendered":"<p>A Rede Andifes \u2013 Idioma sem Fronteiras &#8211; Italiano da UFSM, por meio do N\u00facleo de L\u00ednguas da UFSM visa conhecer melhor os interesses e experi\u00eancias do nosso p\u00fablico para ampliarmos a atua\u00e7\u00e3o do IsF-Italiano. Os cursos oferecidos pela Rede s\u00e3o focados no uso da l\u00edngua italiana em contexto acad\u00eamico, para permitir a internacionaliza\u00e7\u00e3o universit\u00e1ria, [&hellip;]<\/p>\n","protected":false},"author":3933,"featured_media":0,"comment_status":"closed","ping_status":"closed","sticky":false,"template":"","format":"standard","meta":{"footnotes":""},"categories":[28,76],"tags":[24],"class_list":["post-415","post","type-post","status-publish","format-standard","hentry","category-cursos","category-italiano","tag-isf-italiano"],"acf":[],"_links":{"self":[{"href":"https:\/\/www.ufsm.br\/projetos\/ensino\/isf\/wp-json\/wp\/v2\/posts\/415","targetHints":{"allow":["GET"]}}],"collection":[{"href":"https:\/\/www.ufsm.br\/projetos\/ensino\/isf\/wp-json\/wp\/v2\/posts"}],"about":[{"href":"https:\/\/www.ufsm.br\/projetos\/ensino\/isf\/wp-json\/wp\/v2\/types\/post"}],"author":[{"embeddable":true,"href":"https:\/\/www.ufsm.br\/projetos\/ensino\/isf\/wp-json\/wp\/v2\/users\/3933"}],"replies":[{"embeddable":true,"href":"https:\/\/www.ufsm.br\/projetos\/ensino\/isf\/wp-json\/wp\/v2\/comments?post=415"}],"version-history":[{"count":0,"href":"https:\/\/www.ufsm.br\/projetos\/ensino\/isf\/wp-json\/wp\/v2\/posts\/415\/revisions"}],"wp:attachment":[{"href":"https:\/\/www.ufsm.br\/projetos\/ensino\/isf\/wp-json\/wp\/v2\/media?parent=415"}],"wp:term":[{"taxonomy":"category","embeddable":true,"href":"https:\/\/www.ufsm.br\/projetos\/ensino\/isf\/wp-json\/wp\/v2\/categories?post=415"},{"taxonomy":"post_tag","embeddable":true,"href":"https:\/\/www.ufsm.br\/projetos\/ensino\/isf\/wp-json\/wp\/v2\/tags?post=415"}],"curies":[{"name":"wp","href":"https:\/\/api.w.org\/{rel}","templated":true}]}}