{"id":440,"date":"2022-05-05T19:00:00","date_gmt":"2022-05-05T22:00:00","guid":{"rendered":"https:\/\/www.ufsm.br\/projetos\/ensino\/isf\/?p=440"},"modified":"2022-05-05T17:04:16","modified_gmt":"2022-05-05T20:04:16","slug":"inscricoes-para-cursos-de-lingua-espanhola-pelo-idiomas-sem-fronteiras-estao-abertas-confira-como-inscrever-se","status":"publish","type":"post","link":"https:\/\/www.ufsm.br\/projetos\/ensino\/isf\/2022\/05\/05\/inscricoes-para-cursos-de-lingua-espanhola-pelo-idiomas-sem-fronteiras-estao-abertas-confira-como-inscrever-se","title":{"rendered":"Inscri\u00e7\u00f5es para cursos de l\u00edngua espanhola pelo Idiomas sem Fronteiras est\u00e3o abertas, confira como inscrever-se"},"content":{"rendered":"\n<p><span style=\"font-weight: 400\">A Rede Andifes, atrav\u00e9s do Programa Idiomas sem Fronteiras (IsF) e do N\u00facleo de L\u00ednguas, abre a nova oferta de cursos gratuitos de espanhol, em modalidade h\u00edbrida (majoritariamente remota com aulas realizadas esporadicamente na modalidade presencial). Ofertaremos cursos de Espa\u00f1ol B\u00e1sico I (duas turmas) e de Espa\u00f1ol B\u00e1sico II (uma turma). Receberemos inscri\u00e7\u00f5es de servidores e estudantes da UFSM, residentes do HUSM e professores da Educa\u00e7\u00e3o B\u00e1sica (via comprova\u00e7\u00e3o).<\/span><\/p>\n<p><span style=\"font-weight: 400\">As aulas est\u00e3o previstas para ocorrerem entre os meses de maio, junho, julho e agosto. <em>As inscri\u00e7\u00f5es v\u00e3o at\u00e9 o dia 12\/05.<\/em>\u00a0<\/span><\/p>\n<p><strong>Nossas turmas e hor\u00e1rios ser\u00e3o:<\/strong><\/p>\n<p>\u00a0<\/p>\n<p style=\"text-align: center\"><span style=\"font-weight: 400;background-color: #ccffcc\">Espa\u00f1ol B\u00e1sico I (A1) \u2013 48h\u2013 TURMA 1<\/span><\/p>\n<p style=\"text-align: center\"><span style=\"font-weight: 400\">Quartas-feiras, das 19h30 \u00e0s 21h.<\/span><\/p>\n<p style=\"text-align: center\"><span style=\"font-weight: 400\">A partir do dia: 18\/05 (acesso ao Classroom);<\/span><\/p>\n<p style=\"text-align: center\"><span style=\"font-weight: 400\">Aulas s\u00edncronas ou presenciais \u2192 De 18\/05 a 03\/08;<\/span><\/p>\n<p style=\"text-align: center\">\u00a0<\/p>\n<p style=\"text-align: center\"><span style=\"font-weight: 400;background-color: #ccffcc\">Espa\u00f1ol B\u00e1sico I (A1) \u2013 48h\u2013 TURMA 2<\/span><\/p>\n<p style=\"text-align: center\"><span style=\"font-weight: 400\">Quintas-feiras, das 14h30 \u00e0s 16h.<\/span><\/p>\n<p style=\"text-align: center\"><span style=\"font-weight: 400\">A partir do dia: 19\/05 (acesso ao Classroom);<\/span><\/p>\n<p style=\"text-align: center\"><span style=\"font-weight: 400\">Aulas s\u00edncronas ou presenciais \u2192 De 19\/05 a 04\/08;<\/span><\/p>\n<p style=\"text-align: center\">\u00a0<\/p>\n<p style=\"text-align: center\"><span style=\"font-weight: 400;background-color: #ccffcc\">Espa\u00f1ol B\u00e1sico II (A2) \u2013 48h<\/span><\/p>\n<p style=\"text-align: center\"><span style=\"font-weight: 400\">Quintas-feiras, das 17h \u00e0s 18h30.<\/span><\/p>\n<p style=\"text-align: center\"><span style=\"font-weight: 400\">A partir do dia: 19\/05 (acesso ao Classroom);<\/span><\/p>\n<p style=\"text-align: center\"><span style=\"font-weight: 400\">Aulas s\u00edncronas ou presenciais \u2192 De 19\/05 a 04\/08;<\/span><\/p>\n<p style=\"text-align: center\"><span style=\"font-weight: 400\">*Pr\u00e9-requisito: ter conclu\u00eddo curso de n\u00edvel A1 pelo Idioma sem Fronteiras, por outra institui\u00e7\u00e3o ou escola de idiomas.\u00a0<\/span><\/p>\n<p>\u00a0<\/p>\n<p><span style=\"font-weight: 400\">Os interessados em participar poder\u00e3o preencher o formul\u00e1rio de inscri\u00e7\u00e3o dispon\u00edvel no link:<\/span><\/p>\n<p><a href=\"https:\/\/forms.gle\/32wZsChji9FKRbXx7\"><span style=\"font-weight: 400\">https:\/\/forms.gle\/32wZsChji9FKRbXx7<\/span><\/a><\/p>\n<p>\u00a0<\/p>\n<p><strong>INFORMA\u00c7\u00d5ES IMPORTANTES SOBRE AS INSCRI\u00c7\u00d5ES EM NOSSOS CURSOS DE ESPANHOL<\/strong><\/p>\n<p>\u00a0<\/p>\n<p><span style=\"font-weight: 400\">&#8211; \u00c9 de inteira responsabilidade dos inscritos verificarem o recebimento do e-mail de convoca\u00e7\u00e3o para turmas, solicita\u00e7\u00e3o de participa\u00e7\u00e3o na plataforma utilizada para organiza\u00e7\u00e3o dos cursos e atividades disponibilizadas na mesma.<\/span><\/p>\n<p><span style=\"font-weight: 400\">&#8211; As vagas ser\u00e3o preenchidas de acordo com a ordem de inscri\u00e7\u00e3o.\u00a0<\/span><\/p>\n<p><span style=\"font-weight: 400\">&#8211; H\u00e1 a possibilidade de realiza\u00e7\u00e3o de alguns encontros presenciais, a depender das condi\u00e7\u00f5es sanit\u00e1rias da pandemia do COVID-19<\/span><\/p>\n<p><span style=\"font-weight: 400\">\u2013 Se necess\u00e1rio, as turmas ser\u00e3o divididas e\/ou remanejadas (de acordo com a disponibilidade dos inscritos) em grupos menores para um melhor acompanhamento dos alunos.<\/span><\/p>\n<p><span style=\"font-weight: 400\">&#8211; A n\u00e3o participa\u00e7\u00e3o no primeiro encontro s\u00edncrono (aula virtual) implicar\u00e1 na perda da vaga, passando a vez para inscritos que estiverem na lista de espera.\u00a0<\/span><\/p>\n<p><span style=\"font-weight: 400\">&#8211; Os inscritos que n\u00e3o receberem a solicita\u00e7\u00e3o de confirma\u00e7\u00e3o estar\u00e3o automaticamente no cadastro de espera dos cursos.\u00a0<\/span><\/p>\n<p><span style=\"font-weight: 400\">&#8211; Em caso de desist\u00eancias ocorrer\u00e1, na primeira semana de aula, uma nova convoca\u00e7\u00e3o para os cursos a partir do cadastro de reserva.<\/span><\/p>\n<p><span style=\"font-weight: 400\">&#8211; A lista de espera permanecer\u00e1 v\u00e1lida durante a primeira semana de aula dos cursos.<\/span><\/p>\n<p>\u00a0<\/p>\n<p><span style=\"font-weight: 400\">Para mais informa\u00e7\u00f5es entre em contato atrav\u00e9s do e-mail: isf.espanhol@ufsm.br ou pelo Instagram do IsF: @isf_ufsm<\/span><\/p>\n","protected":false},"excerpt":{"rendered":"<p>A Rede Andifes, atrav\u00e9s do Programa Idiomas sem Fronteiras (IsF) e do N\u00facleo de L\u00ednguas, abre a nova oferta de cursos gratuitos de espanhol, em modalidade h\u00edbrida (majoritariamente remota com aulas realizadas esporadicamente na modalidade presencial). Ofertaremos cursos de Espa\u00f1ol B\u00e1sico I (duas turmas) e de Espa\u00f1ol B\u00e1sico II (uma turma). Receberemos inscri\u00e7\u00f5es de servidores [&hellip;]<\/p>\n","protected":false},"author":814,"featured_media":0,"comment_status":"closed","ping_status":"closed","sticky":false,"template":"","format":"standard","meta":{"footnotes":""},"categories":[28,85,29],"tags":[27,71,104,18,19,43],"class_list":["post-440","post","type-post","status-publish","format-standard","hentry","category-cursos","category-espanhol","category-linguas","tag-cursos-de-lingua-estrangeira","tag-espanhol","tag-espanol","tag-idiomas-sem-fronteiras","tag-isf","tag-isf-espanhol"],"acf":[],"_links":{"self":[{"href":"https:\/\/www.ufsm.br\/projetos\/ensino\/isf\/wp-json\/wp\/v2\/posts\/440","targetHints":{"allow":["GET"]}}],"collection":[{"href":"https:\/\/www.ufsm.br\/projetos\/ensino\/isf\/wp-json\/wp\/v2\/posts"}],"about":[{"href":"https:\/\/www.ufsm.br\/projetos\/ensino\/isf\/wp-json\/wp\/v2\/types\/post"}],"author":[{"embeddable":true,"href":"https:\/\/www.ufsm.br\/projetos\/ensino\/isf\/wp-json\/wp\/v2\/users\/814"}],"replies":[{"embeddable":true,"href":"https:\/\/www.ufsm.br\/projetos\/ensino\/isf\/wp-json\/wp\/v2\/comments?post=440"}],"version-history":[{"count":0,"href":"https:\/\/www.ufsm.br\/projetos\/ensino\/isf\/wp-json\/wp\/v2\/posts\/440\/revisions"}],"wp:attachment":[{"href":"https:\/\/www.ufsm.br\/projetos\/ensino\/isf\/wp-json\/wp\/v2\/media?parent=440"}],"wp:term":[{"taxonomy":"category","embeddable":true,"href":"https:\/\/www.ufsm.br\/projetos\/ensino\/isf\/wp-json\/wp\/v2\/categories?post=440"},{"taxonomy":"post_tag","embeddable":true,"href":"https:\/\/www.ufsm.br\/projetos\/ensino\/isf\/wp-json\/wp\/v2\/tags?post=440"}],"curies":[{"name":"wp","href":"https:\/\/api.w.org\/{rel}","templated":true}]}}