{"id":512,"date":"2022-09-21T11:25:37","date_gmt":"2022-09-21T14:25:37","guid":{"rendered":"https:\/\/www.ufsm.br\/projetos\/ensino\/isf\/?p=512"},"modified":"2022-09-21T11:25:39","modified_gmt":"2022-09-21T14:25:39","slug":"rede-andifes-abre-inscricoes-para-ofertas-coletivas","status":"publish","type":"post","link":"https:\/\/www.ufsm.br\/projetos\/ensino\/isf\/2022\/09\/21\/rede-andifes-abre-inscricoes-para-ofertas-coletivas","title":{"rendered":"Rede Andifes abre inscri\u00e7\u00f5es para ofertas coletivas"},"content":{"rendered":"<div class=\"wp-block-image\">\n<figure class=\"aligncenter size-large\"><img fetchpriority=\"high\" decoding=\"async\" width=\"1024\" height=\"1024\" src=\"https:\/\/www.ufsm.br\/app\/uploads\/sites\/853\/2022\/09\/WhatsApp-Image-2022-09-16-at-10.34.57-1024x1024.jpeg\" alt=\"\" class=\"wp-image-515\" srcset=\"https:\/\/www.ufsm.br\/app\/uploads\/sites\/853\/2022\/09\/WhatsApp-Image-2022-09-16-at-10.34.57-1024x1024.jpeg 1024w, https:\/\/www.ufsm.br\/app\/uploads\/sites\/853\/2022\/09\/WhatsApp-Image-2022-09-16-at-10.34.57-300x300.jpeg 300w, https:\/\/www.ufsm.br\/app\/uploads\/sites\/853\/2022\/09\/WhatsApp-Image-2022-09-16-at-10.34.57-150x150.jpeg 150w, https:\/\/www.ufsm.br\/app\/uploads\/sites\/853\/2022\/09\/WhatsApp-Image-2022-09-16-at-10.34.57-768x768.jpeg 768w, https:\/\/www.ufsm.br\/app\/uploads\/sites\/853\/2022\/09\/WhatsApp-Image-2022-09-16-at-10.34.57.jpeg 1280w\" sizes=\"(max-width: 1024px) 100vw, 1024px\" \/><figcaption>Fique atento \u00e0s datas!<\/figcaption><\/figure>\n<\/div>\n\n\n\n\n<p>A Rede Andifes IsF est\u00e1 promovendo uma oferta coletiva de cursos de idiomas \u2013 alem\u00e3o, espanhol, franc\u00eas, ingl\u00eas, italiano e japon\u00eas \u2013 para toda a comunidade (discentes, docentes e t\u00e9cnico-administrativos) da universidade Federal de Santa Maria, bem como para toda a comunidade das institui\u00e7\u00f5es credenciadas \u00e0 Rede IsF.\u00a0<\/p>\n<p>S\u00e3o 1900 vagas distribu\u00eddas entre os 6 idiomas. Cada turma ofertada ter\u00e1 25 vagas e 10 em lista de espera. \u00c9 necess\u00e1rio apresentar comprovante de v\u00ednculo com a institui\u00e7\u00e3o, assim como comprovante de profici\u00eancia para cursos que exigem comprova\u00e7\u00e3o (conferir edital). \u00a0<\/p>\n<p>Os cursos s\u00e3o gratuitos e ofertados de forma colaborativa pelos especialistas de idiomas credenciados na Rede Andifes IsF. A Rede IsF segue sendo a primeira a ofertar cursos de idiomas de forma aberta, gratuita e com a qualidade que o IsF sempre imprimiu em seus cursos. As aulas ser\u00e3o realizadas totalmente on-line, de forma s\u00edncrona, e podem durar de 1 m\u00eas (cursos de 16h) a 2 meses (32h) em dois encontros semanais de 2 horas cada um ou em um \u00fanico encontro semanal de 4 horas (com intervalo). Os hor\u00e1rios indicados s\u00e3o hor\u00e1rios de Bras\u00edlia. S\u00f3 \u00e9 permitida a inscri\u00e7\u00e3o em um \u00fanico idioma por CPF.\u00a0<\/p>\n<p>Todos os detalhes sobre os temas dos cursos, hor\u00e1rios, elegibilidade est\u00e3o descritos no edital dispon\u00edvel na p\u00e1gina da Andifes: <a href=\"https:\/\/www.andifes.org.br\/?page_id=82328\">https:\/\/www.andifes.org.br\/?page_id=82328<\/a>.\u00a0<\/p>\n<p><strong>As inscri\u00e7\u00f5es se iniciam no dia 22 de setembro (quinta-feira), ao meio-dia e ser\u00e3o finalizadas no dia 26 de setembro (segunda-feira) ao meio-dia (hor\u00e1rio de Bras\u00edlia). Leia o edital e prepare seus documentos com anteced\u00eancia para garantir sua vaga!\u00a0<\/strong><\/p>\n<p>\u00a0<\/p>\n","protected":false},"excerpt":{"rendered":"<p>A Rede Andifes IsF est\u00e1 promovendo uma oferta coletiva de cursos de idiomas \u2013 alem\u00e3o, espanhol, franc\u00eas, ingl\u00eas, italiano e japon\u00eas \u2013 para toda a comunidade (discentes, docentes e t\u00e9cnico-administrativos) da universidade Federal de Santa Maria, bem como para toda a comunidade das institui\u00e7\u00f5es credenciadas \u00e0 Rede IsF.\u00a0 S\u00e3o 1900 vagas distribu\u00eddas entre os 6 [&hellip;]<\/p>\n","protected":false},"author":3566,"featured_media":0,"comment_status":"closed","ping_status":"closed","sticky":false,"template":"","format":"standard","meta":{"footnotes":""},"categories":[28],"tags":[30,27,71,72,18,20,101,37,23],"class_list":["post-512","post","type-post","status-publish","format-standard","hentry","category-cursos","tag-alemao","tag-cursos-de-lingua-estrangeira","tag-espanhol","tag-frances","tag-idiomas-sem-fronteiras","tag-italiano","tag-japones","tag-portugues-para-estrangeiros","tag-rede-andifes-isf"],"acf":[],"_links":{"self":[{"href":"https:\/\/www.ufsm.br\/projetos\/ensino\/isf\/wp-json\/wp\/v2\/posts\/512","targetHints":{"allow":["GET"]}}],"collection":[{"href":"https:\/\/www.ufsm.br\/projetos\/ensino\/isf\/wp-json\/wp\/v2\/posts"}],"about":[{"href":"https:\/\/www.ufsm.br\/projetos\/ensino\/isf\/wp-json\/wp\/v2\/types\/post"}],"author":[{"embeddable":true,"href":"https:\/\/www.ufsm.br\/projetos\/ensino\/isf\/wp-json\/wp\/v2\/users\/3566"}],"replies":[{"embeddable":true,"href":"https:\/\/www.ufsm.br\/projetos\/ensino\/isf\/wp-json\/wp\/v2\/comments?post=512"}],"version-history":[{"count":0,"href":"https:\/\/www.ufsm.br\/projetos\/ensino\/isf\/wp-json\/wp\/v2\/posts\/512\/revisions"}],"wp:attachment":[{"href":"https:\/\/www.ufsm.br\/projetos\/ensino\/isf\/wp-json\/wp\/v2\/media?parent=512"}],"wp:term":[{"taxonomy":"category","embeddable":true,"href":"https:\/\/www.ufsm.br\/projetos\/ensino\/isf\/wp-json\/wp\/v2\/categories?post=512"},{"taxonomy":"post_tag","embeddable":true,"href":"https:\/\/www.ufsm.br\/projetos\/ensino\/isf\/wp-json\/wp\/v2\/tags?post=512"}],"curies":[{"name":"wp","href":"https:\/\/api.w.org\/{rel}","templated":true}]}}