{"id":529,"date":"2022-11-07T11:24:31","date_gmt":"2022-11-07T14:24:31","guid":{"rendered":"https:\/\/www.ufsm.br\/projetos\/ensino\/isf\/?p=529"},"modified":"2022-11-07T11:24:32","modified_gmt":"2022-11-07T14:24:32","slug":"isf-frances-nova-oferta-de-cursos-4","status":"publish","type":"post","link":"https:\/\/www.ufsm.br\/projetos\/ensino\/isf\/2022\/11\/07\/isf-frances-nova-oferta-de-cursos-4","title":{"rendered":"IsF-Franc\u00eas: nova oferta de cursos"},"content":{"rendered":"\n<p>A Rede \u2013 Idiomas sem Fronteiras, atrav\u00e9s do N\u00facleo de L\u00ednguas da UFSM, divulga vagas gratuitas para cursos onlines de franc\u00eas. As inscri\u00e7\u00f5es v\u00e3o at\u00e9 sexta, dia 11 de novembro de 2022.<\/p>\n<p><strong>COMUNICA\u00c7\u00c3O ORAL : APRESENTAR-SE EM FRANC\u00caS<\/strong><br \/>Curso com carga hor\u00e1ria total de 16h e indicado para quem nunca estudou franc\u00eas anteriormente e quer come\u00e7ar a estudar o idioma.\u00a0<\/p>\n<p><strong>Ementa<\/strong>: Introdu\u00e7\u00e3o aos elementos b\u00e1sicos de comunica\u00e7\u00e3o em l\u00edngua francesa. Desenvolvimento de compet\u00eancias gramaticais, lexicais e socioculturais respondendo aos objetivos pragm\u00e1ticos para aprender a se apresentar, compreender, ler e informar as horas, descrever atividades da semana e descrever gostos e prefer\u00eancias.\u00a0<\/p>\n<p>Dia e hor\u00e1rio: todas as <strong>SEGUNDAS das 15h \u00e0s 17h<\/strong><br \/>In\u00edcio: 14\/11<br \/>Fim: 12\/12<br \/>Plataformas: Google Meet e Google Classroom<br \/>Total de vagas: 20<\/p>\n<p><strong>LEITURA DE TEXTOS ACAD\u00caMICOS EM FRANC\u00caS<\/strong><br \/>Curso com carga hor\u00e1ria total de 16h e indicado para quem precisa desenvolver compet\u00eancias de leitura em franc\u00eas. N\u00e3o \u00e9 necess\u00e1rio ter conhecimentos pr\u00e9vios de franc\u00eas.<\/p>\n<p><strong>Ementa<\/strong>: Este curso desenvolve as primeiras habilidades de compreens\u00e3o escrita em Franc\u00eas L\u00edngua Estrangeira como prepara\u00e7\u00e3o a consultas bibliogr\u00e1ficas. Os g\u00eaneros textuais utilizados fazem parte do contexto universit\u00e1rio. Ser\u00e3o desenvolvidas estrat\u00e9gias de leitura, o reconhecimento da estrutura de cada g\u00eanero textual e a aten\u00e7\u00e3o ao plano sint\u00e1tico\/sem\u00e2ntico dos documentos, com estudos espec\u00edficos de pontos gramaticais.<\/p>\n<p>Dia e hor\u00e1rio: todas as <strong>SEXTAS das 10h \u00e0s 12h<\/strong><br \/>In\u00edcio: 14\/11<br \/>Fim: 16\/12<br \/>Plataformas: Google Meet e Google Classroom<br \/>Total de vagas: 20<\/p>\n<p>INSCRI\u00c7\u00d5ES: <a href=\"https:\/\/linklist.bio\/IsF-Frances\">https:\/\/linklist.bio\/IsF-Frances<\/a><\/p>\n<p>REQUISITOS:<\/p>\n<p>1. Ter acesso a aparelho com conex\u00e3o internet equipado de c\u00e2mera e microfone;<br \/>2. Pertencer a um dos seguintes grupos:<br \/>a) estudante da UFSM;<br \/>b) servidor da UFSM;<br \/>c) residente do HUSM;<br \/>d) professor da Educa\u00e7\u00e3o B\u00e1sica.<\/p>\n<p>A carga hor\u00e1ria dos cursos est\u00e1 distribu\u00edda em atividades s\u00edncronas (via Google Meet) e atividades ass\u00edncronas propostas durante as aulas (via Classroom). Para mais informa\u00e7\u00f5es, acesse o formul\u00e1rio de inscri\u00e7\u00e3o.<\/p>\n<p>Em caso de d\u00favidas, escreva para <em>isf.frances@ufsm.br<\/em><\/p>\n","protected":false},"excerpt":{"rendered":"<p>A Rede \u2013 Idiomas sem Fronteiras, atrav\u00e9s do N\u00facleo de L\u00ednguas da UFSM, divulga vagas gratuitas para cursos onlines de franc\u00eas. As inscri\u00e7\u00f5es v\u00e3o at\u00e9 sexta, dia 11 de novembro de 2022. COMUNICA\u00c7\u00c3O ORAL : APRESENTAR-SE EM FRANC\u00caSCurso com carga hor\u00e1ria total de 16h e indicado para quem nunca estudou franc\u00eas anteriormente e quer come\u00e7ar [&hellip;]<\/p>\n","protected":false},"author":3933,"featured_media":531,"comment_status":"closed","ping_status":"closed","sticky":false,"template":"","format":"standard","meta":{"footnotes":""},"categories":[28],"tags":[33],"class_list":["post-529","post","type-post","status-publish","format-standard","has-post-thumbnail","hentry","category-cursos","tag-isf-frances"],"acf":[],"_links":{"self":[{"href":"https:\/\/www.ufsm.br\/projetos\/ensino\/isf\/wp-json\/wp\/v2\/posts\/529","targetHints":{"allow":["GET"]}}],"collection":[{"href":"https:\/\/www.ufsm.br\/projetos\/ensino\/isf\/wp-json\/wp\/v2\/posts"}],"about":[{"href":"https:\/\/www.ufsm.br\/projetos\/ensino\/isf\/wp-json\/wp\/v2\/types\/post"}],"author":[{"embeddable":true,"href":"https:\/\/www.ufsm.br\/projetos\/ensino\/isf\/wp-json\/wp\/v2\/users\/3933"}],"replies":[{"embeddable":true,"href":"https:\/\/www.ufsm.br\/projetos\/ensino\/isf\/wp-json\/wp\/v2\/comments?post=529"}],"version-history":[{"count":0,"href":"https:\/\/www.ufsm.br\/projetos\/ensino\/isf\/wp-json\/wp\/v2\/posts\/529\/revisions"}],"wp:featuredmedia":[{"embeddable":true,"href":"https:\/\/www.ufsm.br\/projetos\/ensino\/isf\/wp-json\/wp\/v2\/media\/531"}],"wp:attachment":[{"href":"https:\/\/www.ufsm.br\/projetos\/ensino\/isf\/wp-json\/wp\/v2\/media?parent=529"}],"wp:term":[{"taxonomy":"category","embeddable":true,"href":"https:\/\/www.ufsm.br\/projetos\/ensino\/isf\/wp-json\/wp\/v2\/categories?post=529"},{"taxonomy":"post_tag","embeddable":true,"href":"https:\/\/www.ufsm.br\/projetos\/ensino\/isf\/wp-json\/wp\/v2\/tags?post=529"}],"curies":[{"name":"wp","href":"https:\/\/api.w.org\/{rel}","templated":true}]}}