{"id":545,"date":"2023-01-23T21:02:39","date_gmt":"2023-01-24T00:02:39","guid":{"rendered":"https:\/\/www.ufsm.br\/projetos\/ensino\/isf\/?p=545"},"modified":"2023-01-24T08:05:43","modified_gmt":"2023-01-24T11:05:43","slug":"isf-italiano-abre-inscricoes-para-a-primeira-oferta-de-cursos-de-2023","status":"publish","type":"post","link":"https:\/\/www.ufsm.br\/projetos\/ensino\/isf\/2023\/01\/23\/isf-italiano-abre-inscricoes-para-a-primeira-oferta-de-cursos-de-2023","title":{"rendered":"IsF-Italiano abre inscri\u00e7\u00f5es para a primeira oferta de cursos de 2023."},"content":{"rendered":"\n<p>O Programa Idiomas sem Fronteiras, no \u00e2mbito da Rede Andifes IsF, atrav\u00e9s do N\u00facleo de L\u00ednguas convida toda a comunidade acad\u00eamica da UFSM (servidores e estudantes da UFSM, residentes do HUSM e professores da Educa\u00e7\u00e3o B\u00e1sica de Santa Maria e regi\u00e3o da Quarta Col\u00f4nia para participar da nossa da primeira oferta cursos de italiano de 2023.<\/p>\n<div>Ser\u00e3o ofertadas ao todo 6 turmas:\u00a0<\/div>\n<p><b>Turma 1<\/b>\u00a0\u2013 Introduzione alla lingua e cultura italiane 1 \u2013 20h<br \/>Ter\u00e7as-feiras: 31\/01 \u2013 07\/02 \u2013 14\/02 \u2013 28\/02, das 10:00 \u00e0s 11:50.<br \/><b><\/b><\/p>\n<p><b>Turma 2<\/b>\u00a0\u2013 Introduzione alla lingua e cultura italiane 1 \u2013 20h<br \/>Ter\u00e7as-feiras: 31\/01 \u2013 07\/02 \u2013 14\/02 \u2013 28\/02, das 17:00 \u00e0s 18:50.<br \/><b><\/b><\/p>\n<p><b>Turma 3<\/b>\u00a0\u2013 Studiare e viaggiare in Italia 1 \u2013 16h<br \/>Segundas-feiras: 30\/01 \u2013 06\/02 \u2013 13\/02 \u2013 27\/02, das 15:00 \u00e0s 16:30.<br \/><b><\/b><\/p>\n<p><b>Turma 4<\/b>\u00a0\u2013 Introduzione alla lingua e cultura italiane 1 \u2013 20h, de 30\/01 a 01\/03.<br \/>Segundas-feiras: das 19:30 \u00e0s 21:00<br \/>Quartas-feiras: das 19:30 \u00e0s 20:30<br \/><b><\/b><\/p>\n<p><b>Turma 5 <\/b>\u2013 Introduzione alla lingua e cultura italiane 1 \u2013 20h, de 31\/01 a 02\/03.<br \/>Ter\u00e7as-feiras: das 17:00 \u00e0s 18:30<br \/>Quintas-feiras: das 17:00 \u00e0s 18:00<\/p>\n<p><b>Turma 6<\/b>\u00a0\u2013 Introduzione alla lingua e cultura italiane 1 \u2013 20h, de\u00a031\/01 a 02\/03.<br \/>Ter\u00e7as-feiras: das 19:00 \u00e0s 20:30<br \/>Quintas-feiras: das 19:00 \u00e0s 20:00<\/p>\n<p>Al\u00e9m dos cursos, tamb\u00e9m receberemos inscri\u00e7\u00f5es para o encontro <strong>Ateli\u00ea de conversa\u00e7\u00e3o: condivisione di conoscenza<\/strong>, a ser realizado na segunda-feira, dia 06\/02, das 17:00 \u00e0s 18:30.<\/p>\n<p>As inscri\u00e7\u00f5es poder\u00e3o ser realizadas no link: <strong><a href=\"https:\/\/forms.gle\/6n4KG2QZvf4ZJXQA6\"><em>https:\/\/forms.gle\/6n4KG2QZvf4ZJXQA6<\/em><\/a><\/strong><\/p>\n<p>Modalidade dos cursos: Remota.<br \/>Plataforma utilizadas: Google Meet e Google Classroom.<\/p>\n<p>Em caso de d\u00favidas, escreva para: <strong><a href=\"mailto:isf.italiano@ufsm.br\">isf.italiano@ufsm.br<\/a><\/strong>\u00a0<\/p>\n","protected":false},"excerpt":{"rendered":"<p>O Programa Idiomas sem Fronteiras, no \u00e2mbito da Rede Andifes IsF, atrav\u00e9s do N\u00facleo de L\u00ednguas convida toda a comunidade acad\u00eamica da UFSM (servidores e estudantes da UFSM, residentes do HUSM e professores da Educa\u00e7\u00e3o B\u00e1sica de Santa Maria e regi\u00e3o da Quarta Col\u00f4nia para participar da nossa da primeira oferta cursos de italiano de [&hellip;]<\/p>\n","protected":false},"author":3933,"featured_media":0,"comment_status":"closed","ping_status":"closed","sticky":false,"template":"","format":"standard","meta":{"footnotes":""},"categories":[28,1],"tags":[24],"class_list":["post-545","post","type-post","status-publish","format-standard","hentry","category-cursos","category-sem-categoria","tag-isf-italiano"],"acf":[],"_links":{"self":[{"href":"https:\/\/www.ufsm.br\/projetos\/ensino\/isf\/wp-json\/wp\/v2\/posts\/545","targetHints":{"allow":["GET"]}}],"collection":[{"href":"https:\/\/www.ufsm.br\/projetos\/ensino\/isf\/wp-json\/wp\/v2\/posts"}],"about":[{"href":"https:\/\/www.ufsm.br\/projetos\/ensino\/isf\/wp-json\/wp\/v2\/types\/post"}],"author":[{"embeddable":true,"href":"https:\/\/www.ufsm.br\/projetos\/ensino\/isf\/wp-json\/wp\/v2\/users\/3933"}],"replies":[{"embeddable":true,"href":"https:\/\/www.ufsm.br\/projetos\/ensino\/isf\/wp-json\/wp\/v2\/comments?post=545"}],"version-history":[{"count":0,"href":"https:\/\/www.ufsm.br\/projetos\/ensino\/isf\/wp-json\/wp\/v2\/posts\/545\/revisions"}],"wp:attachment":[{"href":"https:\/\/www.ufsm.br\/projetos\/ensino\/isf\/wp-json\/wp\/v2\/media?parent=545"}],"wp:term":[{"taxonomy":"category","embeddable":true,"href":"https:\/\/www.ufsm.br\/projetos\/ensino\/isf\/wp-json\/wp\/v2\/categories?post=545"},{"taxonomy":"post_tag","embeddable":true,"href":"https:\/\/www.ufsm.br\/projetos\/ensino\/isf\/wp-json\/wp\/v2\/tags?post=545"}],"curies":[{"name":"wp","href":"https:\/\/api.w.org\/{rel}","templated":true}]}}