{"id":558,"date":"2023-03-15T09:17:55","date_gmt":"2023-03-15T12:17:55","guid":{"rendered":"https:\/\/www.ufsm.br\/projetos\/ensino\/isf\/?p=558"},"modified":"2023-03-15T11:09:52","modified_gmt":"2023-03-15T14:09:52","slug":"idiomas-sem-fronteiras-italiano-oferta-de-marco-abril","status":"publish","type":"post","link":"https:\/\/www.ufsm.br\/projetos\/ensino\/isf\/2023\/03\/15\/idiomas-sem-fronteiras-italiano-oferta-de-marco-abril","title":{"rendered":"Idiomas sem Fronteiras &#8211; Italiano &#8211; Oferta de mar\u00e7o\/abril"},"content":{"rendered":"\n<p>A Rede Andifes IsF e o N\u00facleo de L\u00ednguas da UFSM abrem a nova oferta de cursos gratuitos de italiano, em modalidade remota. Teremos os cursos <strong>Introdu\u00e7\u00e3o \u00e0 L\u00edngua e Cultura Italianas 1<\/strong>, <strong>Introdu\u00e7\u00e3o \u00e0 L\u00edngua e Cultura Italianas 2<\/strong> e <strong>Studiare e viaggiare in Italia 1<\/strong>. Receberemos inscri\u00e7\u00f5es de servidores e estudantes da UFSM, residentes do HUSM e professores da Educa\u00e7\u00e3o B\u00e1sica (via comprova\u00e7\u00e3o).<br \/>Nossas turmas e hor\u00e1rios ser\u00e3o:<\/p>\n<p>Professora Adriane Viana (Aulas remotas &#8211; Inscri\u00e7\u00f5es at\u00e9 ao meio dia de 20\/03)<\/p>\n<p><strong>Introdu\u00e7\u00e3o \u00e0 l\u00edngua e cultura italianas A1 (Turma 01)<\/strong><br \/>Ter\u00e7as-feiras, das 15h00 \u00e0s 16h30.<br \/>A partir do dia: 21\/03 (acesso ao Classroom);<br \/>Aulas s\u00edncronas \u2192 De 21\/03 a 18\/04;<\/p>\n<p><strong>Introdu\u00e7\u00e3o \u00e0 l\u00edngua e cultura italianas A2 (Turma 02)<\/strong><br \/>Ter\u00e7as-feiras, das 17h00 \u00e0s 18h30.<br \/>A partir do dia: 21\/03 (acesso ao Classroom);<br \/>Aulas s\u00edncronas \u2192 De 21\/03 a 18\/04;<\/p>\n<p><strong>Studiare e viaggiare A1 (Turma 03)<\/strong><br \/>Segundas-feiras, das 15h00 \u00e0s 16h30.<br \/>A partir do dia: 20\/03 (acesso ao Classroom);<br \/>Aulas s\u00edncronas \u2192 De 20\/03 a 17\/04;<\/p>\n<p><br \/>Profesor Marlon Misceno (Aulas presenciais &#8211; Inscri\u00e7\u00f5es at\u00e9\u00a0 ao meio dia de 22\/03)<\/p>\n<p><b>Introdu\u00e7\u00e3o \u00e0 l\u00edngua e cultura italianas A1 (Turma 04)<\/b><b><br \/><\/b><span style=\"font-weight: 400\">Aulas \u2192 De 24\/03 a 20\/04,\u00a0 das 13:30 \u00e0s 15:30\u00a0<\/span><span style=\"font-weight: 400\">(ter\u00e7as e sextas-feiras).<\/span><\/p>\n<p><b>Introdu\u00e7\u00e3o \u00e0 l\u00edngua e cultura italianas A1 (Turma 05)<\/b><b><br \/><\/b><span style=\"font-weight: 400\">Aulas \u2192 De 24\/03 a 20\/04, das 16:00 \u00e0s 18:00\u00a0<\/span><span style=\"font-weight: 400\">(ter\u00e7as e sextas-feiras).<\/span><\/p>\n<p><b>Introdu\u00e7\u00e3o \u00e0 l\u00edngua e cultura italianas A2 (Turma 06)<\/b><b><br \/><\/b><span style=\"font-weight: 400\">Aulas \u2192 De 22\/03 a 17\/04, das 18:15 \u00e0s 20:15 <\/span><span style=\"font-weight: 400\">(segundas e quartas-feiras).<\/span><\/p>\n<p>\u00a0<\/p>\n<p><span style=\"font-size: revert;color: initial\">Os interessados em participar dos cursos poder\u00e3o preencher o formul\u00e1rio de inscri\u00e7\u00e3o dispon\u00edvel em: <\/span><a style=\"font-size: revert\" href=\"https:\/\/www.ufsm.br\/projetos\/ensino\/isf\/italiano\">https:\/\/www.ufsm.br\/projetos\/ensino\/isf\/italiano<\/a><\/p>\n<p>INFORMA\u00c7\u00d5ES IMPORTANTES SOBRE AS INSCRI\u00c7\u00d5ES EM NOSSOS CURSOS DE ITALIANO<br \/>&#8211; Devido a grande procura, as vagas para os nossos cursos ser\u00e3o preenchidas por meio de sorteio entre os inscritos.<br \/>&#8211; Os inscritos selecionados receber\u00e3o um convite por e-mail para acessar a plataforma Classroom, sendo obrigat\u00f3ria a inscri\u00e7\u00e3o no Classroom por meio do convite fornecido.<br \/>&#8211; \u00c9 de inteira responsabilidade dos selecionados verificarem o recebimento do e-mail de convoca\u00e7\u00e3o para as turmas e tamb\u00e9m a inscri\u00e7\u00e3o na plataforma Classroom utilizada para organiza\u00e7\u00e3o dos cursos.<br \/>&#8211; O inscrito, que n\u00e3o for pr\u00e9-selecionado na primeira chamada, ir\u00e1 compor a lista de segunda chamada.<\/p>\n<p>D\u00favidas? Escreva para: isf.italiano@ufsm.br.<\/p>\n","protected":false},"excerpt":{"rendered":"<p>A Rede Andifes IsF e o N\u00facleo de L\u00ednguas da UFSM abrem a nova oferta de cursos gratuitos de italiano, em modalidade remota. Teremos os cursos Introdu\u00e7\u00e3o \u00e0 L\u00edngua e Cultura Italianas 1, Introdu\u00e7\u00e3o \u00e0 L\u00edngua e Cultura Italianas 2 e Studiare e viaggiare in Italia 1. Receberemos inscri\u00e7\u00f5es de servidores e estudantes da UFSM, [&hellip;]<\/p>\n","protected":false},"author":3933,"featured_media":0,"comment_status":"closed","ping_status":"closed","sticky":false,"template":"","format":"standard","meta":{"footnotes":""},"categories":[28],"tags":[24],"class_list":["post-558","post","type-post","status-publish","format-standard","hentry","category-cursos","tag-isf-italiano"],"acf":[],"_links":{"self":[{"href":"https:\/\/www.ufsm.br\/projetos\/ensino\/isf\/wp-json\/wp\/v2\/posts\/558","targetHints":{"allow":["GET"]}}],"collection":[{"href":"https:\/\/www.ufsm.br\/projetos\/ensino\/isf\/wp-json\/wp\/v2\/posts"}],"about":[{"href":"https:\/\/www.ufsm.br\/projetos\/ensino\/isf\/wp-json\/wp\/v2\/types\/post"}],"author":[{"embeddable":true,"href":"https:\/\/www.ufsm.br\/projetos\/ensino\/isf\/wp-json\/wp\/v2\/users\/3933"}],"replies":[{"embeddable":true,"href":"https:\/\/www.ufsm.br\/projetos\/ensino\/isf\/wp-json\/wp\/v2\/comments?post=558"}],"version-history":[{"count":0,"href":"https:\/\/www.ufsm.br\/projetos\/ensino\/isf\/wp-json\/wp\/v2\/posts\/558\/revisions"}],"wp:attachment":[{"href":"https:\/\/www.ufsm.br\/projetos\/ensino\/isf\/wp-json\/wp\/v2\/media?parent=558"}],"wp:term":[{"taxonomy":"category","embeddable":true,"href":"https:\/\/www.ufsm.br\/projetos\/ensino\/isf\/wp-json\/wp\/v2\/categories?post=558"},{"taxonomy":"post_tag","embeddable":true,"href":"https:\/\/www.ufsm.br\/projetos\/ensino\/isf\/wp-json\/wp\/v2\/tags?post=558"}],"curies":[{"name":"wp","href":"https:\/\/api.w.org\/{rel}","templated":true}]}}