{"id":657,"date":"2023-10-05T12:16:27","date_gmt":"2023-10-05T15:16:27","guid":{"rendered":"https:\/\/www.ufsm.br\/projetos\/ensino\/isf\/?p=657"},"modified":"2023-10-05T12:21:55","modified_gmt":"2023-10-05T15:21:55","slug":"isf-frances-ultima-oferta-de-cursos-de-frances-do-ano-de-2023","status":"publish","type":"post","link":"https:\/\/www.ufsm.br\/projetos\/ensino\/isf\/2023\/10\/05\/isf-frances-ultima-oferta-de-cursos-de-frances-do-ano-de-2023","title":{"rendered":"IsF-Franc\u00eas: \u00faltima oferta de cursos de\u00a0 franc\u00eas do ano de 2023\u00a0"},"content":{"rendered":"\t\t<div data-elementor-type=\"wp-post\" data-elementor-id=\"657\" class=\"elementor elementor-657\">\n\t\t\t\t\t\t<section class=\"elementor-section elementor-top-section elementor-element elementor-element-772ebdd2 elementor-section-boxed elementor-section-height-default elementor-section-height-default\" data-id=\"772ebdd2\" data-element_type=\"section\">\n\t\t\t\t\t\t<div class=\"elementor-container elementor-column-gap-default\">\n\t\t\t\t\t<div class=\"elementor-column elementor-col-100 elementor-top-column elementor-element elementor-element-348ce22a\" data-id=\"348ce22a\" data-element_type=\"column\">\n\t\t\t<div class=\"elementor-widget-wrap elementor-element-populated\">\n\t\t\t\t\t\t<div class=\"elementor-element elementor-element-09d8518 elementor-widget elementor-widget-text-editor\" data-id=\"09d8518\" data-element_type=\"widget\" data-widget_type=\"text-editor.default\">\n\t\t\t\t<div class=\"elementor-widget-container\">\n\t\t\t\t\t\t\t<p><span style=\"color: #000000;font-size: 16px;text-align: justify\">A Rede \u2013 Idiomas sem Fronteiras, atrav\u00e9s do N\u00facleo de L\u00ednguas da UFSM, divulga vagas gratuitas para cursos\u00a0<\/span><span style=\"font-weight: bold;color: #000000;font-size: 16px;text-align: justify\">online <\/span><span style=\"color: #000000;font-size: 16px;text-align: justify\">de franc\u00eas.\u00a0<\/span><span style=\"font-weight: bold;color: #000000;font-size: 16px;text-align: justify\">As inscri\u00e7\u00f5es est\u00e3o abertas at\u00e9 dia 15\/10\/2023<\/span><span style=\"color: #000000;font-size: 16px;text-align: justify\">.<\/span><\/p>\t\t\t\t\t\t<\/div>\n\t\t\t\t<\/div>\n\t\t\t\t<div class=\"elementor-element elementor-element-e069676 elementor-widget-divider--view-line elementor-widget elementor-widget-divider\" data-id=\"e069676\" data-element_type=\"widget\" data-widget_type=\"divider.default\">\n\t\t\t\t<div class=\"elementor-widget-container\">\n\t\t\t\t\t<div class=\"elementor-divider\">\n\t\t\t<span class=\"elementor-divider-separator\">\n\t\t\t\t\t\t<\/span>\n\t\t<\/div>\n\t\t\t\t<\/div>\n\t\t\t\t<\/div>\n\t\t\t\t<div class=\"elementor-element elementor-element-47b339b elementor-widget elementor-widget-text-editor\" data-id=\"47b339b\" data-element_type=\"widget\" data-widget_type=\"text-editor.default\">\n\t\t\t\t<div class=\"elementor-widget-container\">\n\t\t\t\t\t\t\t<p><b>COMUNICA\u00c7\u00c3O ORAL : INTERA\u00c7\u00d5ES COTIDIANAS\u00a0<\/b><\/p>\n<p><span style=\"font-weight: 400\">Curso com carga hor\u00e1ria total de 32h e indicado para quem quer continuar os seus estudos de l\u00edngua francesa. Para se inscrever, \u00e9 necess\u00e1rio j\u00e1 ter realizado um dos seguintes cursos: Comunica\u00e7\u00e3o Oral: Apresentar-se em Franc\u00eas ou Franc\u00eas para Engenharia II. Uma comprovante ser\u00e1 solicitado.<\/span><\/p>\n<p><b>Ementa <\/b><span style=\"font-weight: 400\">: Desenvolvimento de compet\u00eancias comunicativas, gramaticais, lexicais, fon\u00e9ticas e socioculturais respondendo aos objetivos pragm\u00e1ticos para aprender falar da sua fam\u00edlia, falar da sua cidade, falar dos seus h\u00e1bitos cotidianos, contar experi\u00eancias passadas, descrever um alojamento, procurar um alojamento, propor um convite, aceitar ou recusar um convite, e fazer chamadas telef\u00f4nicas.\u00a0\u00a0\u00a0<\/span><\/p>\n<p>\u00a0<\/p>\n<ul>\n<li><b>Dia e hor\u00e1rio:<\/b><span style=\"font-weight: 400\"> QUARTAS das 08H30 \u00e0s 10h30<\/span><\/li>\n<li><b>In\u00edcio:<\/b><span style=\"font-weight: 400\"> 18 de outubro de 2023<\/span><\/li>\n<li><b>T\u00e9rmino:<\/b><span style=\"font-weight: 400\"> 06 de dezembro de 2023<\/span><\/li>\n<li><b>Plataformas:<\/b><span style=\"font-weight: 400\"> Google Meet e Google Classroom<\/span><\/li>\n<li><b>Frequ\u00eancia m\u00ednima para obten\u00e7\u00e3o do certificado: <\/b><span style=\"font-weight: 400\">75%<\/span><\/li>\n<li><b>Total de vagas:<\/b><span style=\"font-weight: 400\"> 20<\/span><\/li>\n<\/ul>\n<hr \/>\n<p>\u00a0<\/p>\n<p><b>PRIMEIROS PASSOS EM FRANC\u00caS\u00a0<\/b><\/p>\n<p><span style=\"font-weight: 400\">Curso com carga hor\u00e1ria total de 48h e indicado para alunos que nunca estudaram franc\u00eas anteriormente. Nesta oferta, h\u00e1 duas turmas dispon\u00edveis para inscri\u00e7\u00e3o.<\/span><\/p>\n<p><b>Ementa <\/b><span style=\"font-weight: 400\">: Introduzir o aluno ao estudo da l\u00edngua francesa atrav\u00e9s de situa\u00e7\u00f5es de apresenta\u00e7\u00e3o pessoal, descri\u00e7\u00e3o f\u00edsica e psicol\u00f3gica, apresenta\u00e7\u00e3o da fam\u00edlia, descri\u00e7\u00e3o da cidade, encontro e convite, rela\u00e7\u00f5es interculturais.<\/span><\/p>\n<p>\u00a0<\/p>\n<p><b>TURMA A<\/b><\/p>\n<ul>\n<li><b>Carga hor\u00e1ria total:<\/b><span style=\"font-weight: 400\"> 48h<\/span><\/li>\n<li><b>Dia e hor\u00e1rio:<\/b><span style=\"font-weight: 400\"> QUARTAS das 13h30 \u00e0s 15h30<\/span><\/li>\n<li><b>In\u00edcio:<\/b><span style=\"font-weight: 400\"> 18 de outubro de 2023<\/span><\/li>\n<li><b>T\u00e9rmino:<\/b><span style=\"font-weight: 400\"> 13 de dezembro de 2023<\/span><\/li>\n<li><b>Plataformas:<\/b><span style=\"font-weight: 400\"> Google Meet e Google Classroom<\/span><\/li>\n<li><b>Frequ\u00eancia m\u00ednima para obten\u00e7\u00e3o do certificado: <\/b><span style=\"font-weight: 400\">75%<\/span><\/li>\n<li><b>Total de vagas:<\/b><span style=\"font-weight: 400\"> 20<\/span><\/li>\n<\/ul>\n<p>\u00a0<\/p>\n<p><b>TURMA B<\/b><\/p>\n<ul>\n<li><b>Carga hor\u00e1ria total:<\/b><span style=\"font-weight: 400\"> 48h<\/span><\/li>\n<li><b>Dia e hor\u00e1rio:<\/b><span style=\"font-weight: 400\"> QUINTAS das 10h \u00e0s 12h<\/span><\/li>\n<li><b>In\u00edcio:<\/b><span style=\"font-weight: 400\"> 19 de outubro de 2023<\/span><\/li>\n<li><b>T\u00e9rmino:<\/b><span style=\"font-weight: 400\"> 14 de dezembro de 2023<\/span><\/li>\n<li><b>Plataformas:<\/b><span style=\"font-weight: 400\"> Google Meet e Google Classroom<\/span><\/li>\n<li><b>Frequ\u00eancia m\u00ednima para obten\u00e7\u00e3o do certificado: <\/b><span style=\"font-weight: 400\">75%<\/span><\/li>\n<li><b>Total de vagas:<\/b><span style=\"font-weight: 400\"> 20<\/span><\/li>\n<\/ul>\t\t\t\t\t\t<\/div>\n\t\t\t\t<\/div>\n\t\t\t\t<div class=\"elementor-element elementor-element-04ae361 elementor-widget elementor-widget-spacer\" data-id=\"04ae361\" data-element_type=\"widget\" data-widget_type=\"spacer.default\">\n\t\t\t\t<div class=\"elementor-widget-container\">\n\t\t\t\t\t<div class=\"elementor-spacer\">\n\t\t\t<div class=\"elementor-spacer-inner\"><\/div>\n\t\t<\/div>\n\t\t\t\t<\/div>\n\t\t\t\t<\/div>\n\t\t\t\t<div class=\"elementor-element elementor-element-6e831326 elementor-widget elementor-widget-text-editor\" data-id=\"6e831326\" data-element_type=\"widget\" data-widget_type=\"text-editor.default\">\n\t\t\t\t<div class=\"elementor-widget-container\">\n\t\t\t\t\t\t\t<p><!-- wp:tadv\/classic-paragraph \/--><\/p>\n<p><!-- wp:tadv\/classic-paragraph --><\/p>\n<p><!-- \/wp:tadv\/classic-paragraph --><\/p>\n<p><!-- wp:paragraph --><\/p>\n<p style=\"text-align: justify\"><span style=\"font-weight: 400\">A Rede \u2013 Idiomas sem Fronteiras, atrav\u00e9s do N\u00facleo de L\u00ednguas da UFSM, divulga vagas gratuitas para cursos <\/span><b>onlines <\/b><span style=\"font-weight: 400\">de franc\u00eas. <\/span><b>As inscri\u00e7\u00f5es est\u00e3o abertas at\u00e9 dia 15\/10\/2023<\/b><span style=\"font-weight: 400\">.<\/span><\/p>\n<p style=\"text-align: justify\"><b>Total de vagas:<\/b><span style=\"font-weight: 400\"> 20<\/span><\/p>\n<p><!-- \/wp:paragraph --><\/p>\n<p><!-- wp:paragraph --><\/p>\n<p>A carga hor\u00e1ria dos cursos est\u00e1 distribu\u00edda em atividades s\u00edncronas (via Google Meet) e atividades ass\u00edncronas propostas durante as aulas (via Classroom). Para mais informa\u00e7\u00f5es, acesse o formul\u00e1rio de inscri\u00e7\u00e3o.<\/p>\n<p><!-- \/wp:paragraph --><\/p>\n<p><!-- wp:paragraph --><\/p>\n<p><strong>INSCRI\u00c7\u00d5ES<\/strong>: <a href=\"https:\/\/linklist.bio\/IsF-Frances\">https:\/\/linklist.bio\/IsF-Frances<\/a><\/p>\n<p><!-- \/wp:paragraph --><\/p>\n<p><!-- wp:paragraph --><\/p>\n<p>Em caso de d\u00favidas, escreva para <a href=\"mailto:isf.frances@ufsm.br\">isf.frances@ufsm.br<\/a><\/p>\n<p><!-- \/wp:paragraph --><\/p>\t\t\t\t\t\t<\/div>\n\t\t\t\t<\/div>\n\t\t\t\t\t<\/div>\n\t\t<\/div>\n\t\t\t\t\t<\/div>\n\t\t<\/section>\n\t\t\t\t<\/div>\n\t\t","protected":false},"excerpt":{"rendered":"<p>A Rede \u2013 Idiomas sem Fronteiras, atrav\u00e9s do N\u00facleo de L\u00ednguas da UFSM, divulga vagas gratuitas para cursos\u00a0online de franc\u00eas.\u00a0As inscri\u00e7\u00f5es est\u00e3o abertas at\u00e9 dia 15\/10\/2023. COMUNICA\u00c7\u00c3O ORAL : INTERA\u00c7\u00d5ES COTIDIANAS\u00a0 Curso com carga hor\u00e1ria total de 32h e indicado para quem quer continuar os seus estudos de l\u00edngua francesa. Para se inscrever, \u00e9 necess\u00e1rio [&hellip;]<\/p>\n","protected":false},"author":3933,"featured_media":0,"comment_status":"closed","ping_status":"closed","sticky":false,"template":"","format":"standard","meta":{"footnotes":""},"categories":[28],"tags":[33],"class_list":["post-657","post","type-post","status-publish","format-standard","hentry","category-cursos","tag-isf-frances"],"acf":[],"_links":{"self":[{"href":"https:\/\/www.ufsm.br\/projetos\/ensino\/isf\/wp-json\/wp\/v2\/posts\/657","targetHints":{"allow":["GET"]}}],"collection":[{"href":"https:\/\/www.ufsm.br\/projetos\/ensino\/isf\/wp-json\/wp\/v2\/posts"}],"about":[{"href":"https:\/\/www.ufsm.br\/projetos\/ensino\/isf\/wp-json\/wp\/v2\/types\/post"}],"author":[{"embeddable":true,"href":"https:\/\/www.ufsm.br\/projetos\/ensino\/isf\/wp-json\/wp\/v2\/users\/3933"}],"replies":[{"embeddable":true,"href":"https:\/\/www.ufsm.br\/projetos\/ensino\/isf\/wp-json\/wp\/v2\/comments?post=657"}],"version-history":[{"count":0,"href":"https:\/\/www.ufsm.br\/projetos\/ensino\/isf\/wp-json\/wp\/v2\/posts\/657\/revisions"}],"wp:attachment":[{"href":"https:\/\/www.ufsm.br\/projetos\/ensino\/isf\/wp-json\/wp\/v2\/media?parent=657"}],"wp:term":[{"taxonomy":"category","embeddable":true,"href":"https:\/\/www.ufsm.br\/projetos\/ensino\/isf\/wp-json\/wp\/v2\/categories?post=657"},{"taxonomy":"post_tag","embeddable":true,"href":"https:\/\/www.ufsm.br\/projetos\/ensino\/isf\/wp-json\/wp\/v2\/tags?post=657"}],"curies":[{"name":"wp","href":"https:\/\/api.w.org\/{rel}","templated":true}]}}