{"id":817,"date":"2025-09-23T23:28:54","date_gmt":"2025-09-24T02:28:54","guid":{"rendered":"https:\/\/www.ufsm.br\/projetos\/ensino\/isf\/?p=817"},"modified":"2025-09-27T20:35:59","modified_gmt":"2025-09-27T23:35:59","slug":"isf-italiano-abre-inscricoes-para-cursos-regulares-em-outubro-de-2025","status":"publish","type":"post","link":"https:\/\/www.ufsm.br\/projetos\/ensino\/isf\/2025\/09\/23\/isf-italiano-abre-inscricoes-para-cursos-regulares-em-outubro-de-2025","title":{"rendered":"IsF-Italiano abre inscri\u00e7\u00f5es para cursos regulares em outubro de 2025"},"content":{"rendered":"\n<p>A Rede Andifes Idiomas sem Fronteiras (IsF), por meio do N\u00facleo de L\u00ednguas da UFSM, est\u00e1 com inscri\u00e7\u00f5es abertas, at\u00e9\u00a0<strong>29 de setembro<\/strong>, para novos cursos de extens\u00e3o em l\u00edngua e cultura italiana. Podem se inscrever servidores e estudantes da UFSM, residentes do Hospital Universit\u00e1rio de Santa Maria (HUSM), professores da educa\u00e7\u00e3o b\u00e1sica (mediante comprova\u00e7\u00e3o, que deve ser enviada para o e-mail:\u00a0<a><b>isf.italiano@ufsm.br<\/b><\/a>) e ex-alunos que j\u00e1 conclu\u00edram cursos de italiano ofertados pela Rede Andifes IsF.<\/p>\n<h4 data-start=\"736\" data-end=\"758\">Cursos ofertados<\/h4>\n<p data-start=\"760\" data-end=\"1046\">\ud83d\udccc <strong>Turma 1:<\/strong> <strong data-start=\"763\" data-end=\"828\">Introdu\u00e7\u00e3o \u00e0 L\u00edngua e \u00e0 Cultura Italianas \u2013 N\u00edvel A1 \u2013 Online<\/strong><br data-start=\"828\" data-end=\"831\" \/>Inicia\u00e7\u00e3o \u00e0 compreens\u00e3o e produ\u00e7\u00e3o oral e escrita em situa\u00e7\u00f5es do cotidiano e do contexto acad\u00eamico, com foco em apresenta\u00e7\u00f5es pessoais e comunica\u00e7\u00e3o b\u00e1sica.<br data-start=\"988\" data-end=\"991\" \/>\ud83d\udcc6 Ter\u00e7as e quintas, de 02\/10 a 28\/10 \u2013 9h30 \u00e0s 11h30.<\/p>\n<p data-start=\"1048\" data-end=\"1305\">\ud83d\udccc <strong>Turma 2: L\u00edngua e Diferen\u00e7as Culturais: Scoprire l\u2019Italia 2 \u2013 N\u00edvel A2 \u2013 Online<\/strong><br data-start=\"1125\" data-end=\"1128\" \/>Aprofundamento nos estudos de l\u00edngua e cultura italiana, com incentivo ao desenvolvimento acad\u00eamico e intercultural.<br data-start=\"1244\" data-end=\"1247\" \/>\ud83d\udcc6 Segundas e quartas, de 01\/10 a 27\/10 \u2013 18h30 \u00e0s 20h30.<\/p>\n<p data-start=\"1307\" data-end=\"1578\">\ud83d\udccc <strong>Turma 3:<\/strong> <strong data-start=\"1310\" data-end=\"1388\">Compreens\u00e3o Oral: Estrat\u00e9gias \u2013 Fare 4 Chiacchiere \u2013 N\u00edvel A2 \u2013 Presencial<\/strong><br data-start=\"1388\" data-end=\"1391\" \/>Pr\u00e1tica de compreens\u00e3o e express\u00e3o oral em contextos cotidianos e acad\u00eamicos, com aten\u00e7\u00e3o \u00e0s demandas de exames de profici\u00eancia.<br data-start=\"1519\" data-end=\"1522\" \/>\ud83d\udcc6 Ter\u00e7as e quintas, de 02\/10 a 28\/10 \u2013 18h30 \u00e0s 20h00.<\/p>\n<hr data-start=\"1580\" data-end=\"1585\" \/>\n<p data-start=\"1587\" data-end=\"1672\">\u2709\ufe0f <strong data-start=\"1637\" data-end=\"1649\">Contato:<\/strong> <a class=\"decorated-link cursor-pointer\" rel=\"noopener\" data-start=\"1650\" data-end=\"1670\">isf.italiano@ufsm.br<\/a><\/p>\n<p data-start=\"1674\" data-end=\"1790\">\ud83d\udd17 Para se inscrever, acesse: <a href=\"https:\/\/www.ufsm.br\/projetos\/ensino\/isf\/italiano\">https:\/\/www.ufsm.br\/projetos\/ensino\/isf\/italiano<\/a><\/p>\n","protected":false},"excerpt":{"rendered":"<p>A Rede Andifes Idiomas sem Fronteiras (IsF), por meio do N\u00facleo de L\u00ednguas da UFSM, est\u00e1 com inscri\u00e7\u00f5es abertas, at\u00e9\u00a029 de setembro, para novos cursos de extens\u00e3o em l\u00edngua e cultura italiana. Podem se inscrever servidores e estudantes da UFSM, residentes do Hospital Universit\u00e1rio de Santa Maria (HUSM), professores da educa\u00e7\u00e3o b\u00e1sica (mediante comprova\u00e7\u00e3o, que [&hellip;]<\/p>\n","protected":false},"author":3933,"featured_media":0,"comment_status":"closed","ping_status":"closed","sticky":false,"template":"","format":"standard","meta":{"footnotes":""},"categories":[28,76,2],"tags":[27,18,19,24,23],"class_list":["post-817","post","type-post","status-publish","format-standard","hentry","category-cursos","category-italiano","category-noticias","tag-cursos-de-lingua-estrangeira","tag-idiomas-sem-fronteiras","tag-isf","tag-isf-italiano","tag-rede-andifes-isf"],"acf":[],"_links":{"self":[{"href":"https:\/\/www.ufsm.br\/projetos\/ensino\/isf\/wp-json\/wp\/v2\/posts\/817","targetHints":{"allow":["GET"]}}],"collection":[{"href":"https:\/\/www.ufsm.br\/projetos\/ensino\/isf\/wp-json\/wp\/v2\/posts"}],"about":[{"href":"https:\/\/www.ufsm.br\/projetos\/ensino\/isf\/wp-json\/wp\/v2\/types\/post"}],"author":[{"embeddable":true,"href":"https:\/\/www.ufsm.br\/projetos\/ensino\/isf\/wp-json\/wp\/v2\/users\/3933"}],"replies":[{"embeddable":true,"href":"https:\/\/www.ufsm.br\/projetos\/ensino\/isf\/wp-json\/wp\/v2\/comments?post=817"}],"version-history":[{"count":0,"href":"https:\/\/www.ufsm.br\/projetos\/ensino\/isf\/wp-json\/wp\/v2\/posts\/817\/revisions"}],"wp:attachment":[{"href":"https:\/\/www.ufsm.br\/projetos\/ensino\/isf\/wp-json\/wp\/v2\/media?parent=817"}],"wp:term":[{"taxonomy":"category","embeddable":true,"href":"https:\/\/www.ufsm.br\/projetos\/ensino\/isf\/wp-json\/wp\/v2\/categories?post=817"},{"taxonomy":"post_tag","embeddable":true,"href":"https:\/\/www.ufsm.br\/projetos\/ensino\/isf\/wp-json\/wp\/v2\/tags?post=817"}],"curies":[{"name":"wp","href":"https:\/\/api.w.org\/{rel}","templated":true}]}}