{"id":863,"date":"2026-08-30T12:08:41","date_gmt":"2026-08-30T15:08:41","guid":{"rendered":"https:\/\/www.ufsm.br\/projetos\/ensino\/isf\/?p=863"},"modified":"2026-08-30T12:51:35","modified_gmt":"2026-08-30T15:51:35","slug":"isf-italiano-abre-nova-oferta-local-de-cursos-de-lingua-e-cultura-italianas-na-ufsm","status":"publish","type":"post","link":"https:\/\/www.ufsm.br\/projetos\/ensino\/isf\/2026\/08\/30\/isf-italiano-abre-nova-oferta-local-de-cursos-de-lingua-e-cultura-italianas-na-ufsm","title":{"rendered":"IsF-Italiano abre nova\u00a0Oferta Local\u00a0de cursos de l\u00edngua e cultura italianas na UFSM"},"content":{"rendered":"\t\t<div data-elementor-type=\"wp-post\" data-elementor-id=\"863\" class=\"elementor elementor-863\">\n\t\t\t\t\t\t<section class=\"elementor-section elementor-top-section elementor-element elementor-element-454bd8fa elementor-section-boxed elementor-section-height-default elementor-section-height-default\" data-id=\"454bd8fa\" data-element_type=\"section\">\n\t\t\t\t\t\t<div class=\"elementor-container elementor-column-gap-default\">\n\t\t\t\t\t<div class=\"elementor-column elementor-col-100 elementor-top-column elementor-element elementor-element-5eb2c33\" data-id=\"5eb2c33\" data-element_type=\"column\">\n\t\t\t<div class=\"elementor-widget-wrap elementor-element-populated\">\n\t\t\t\t\t\t<div class=\"elementor-element elementor-element-7dc5c8af elementor-widget elementor-widget-text-editor\" data-id=\"7dc5c8af\" data-element_type=\"widget\" data-widget_type=\"text-editor.default\">\n\t\t\t\t<div class=\"elementor-widget-container\">\n\t\t\t\t\t\t\t<!-- wp:paragraph -->\n<p>A Rede Andifes Idiomas sem Fronteiras (IsF), em parceria com o N\u00facleo de L\u00ednguas da Universidade Federal de Santa Maria (UFSM), est\u00e1 com inscri\u00e7\u00f5es abertas para novos cursos gratuitos de l\u00edngua italiana. Se voc\u00ea deseja iniciar ou aprofundar seus conhecimentos na l\u00edngua e cultura italianas, esta \u00e9 uma excelente oportunidade!<\/p>\n<!-- \/wp:paragraph --><!-- wp:paragraph -->\n<p>\ud83c\udfaf\u00a0<strong>Para quem?<\/strong><\/p>\n<!-- \/wp:paragraph --><!-- wp:list -->\n<ul class=\"wp-block-list\"><!-- wp:list-item -->\n<li>Estudantes de gradua\u00e7\u00e3o e p\u00f3s-gradua\u00e7\u00e3o e servidores da UFSM e de institui\u00e7\u00f5es participantes da Rede Andifes IsF;<\/li>\n<!-- \/wp:list-item --><!-- wp:list-item -->\n<li>Residentes do HUSM;<\/li>\n<!-- \/wp:list-item --><!-- wp:list-item -->\n<li>Professores da educa\u00e7\u00e3o b\u00e1sica de Santa Maria e da Quarta Col\u00f4nia.<\/li>\n<!-- \/wp:list-item --><\/ul>\n<!-- \/wp:list --><!-- wp:paragraph -->\n<p>\ud83d\udcda\u00a0<strong>Conhe\u00e7a os cursos ofertados:<\/strong><\/p>\n<!-- \/wp:paragraph --><!-- wp:paragraph -->\n<p><strong>\ud83d\udcd6 Introdu\u00e7\u00e3o \u00e0 L\u00edngua e \u00e0 Cultura Italianas 1 \u2013 N\u00edvel A1<\/strong><\/p>\n<!-- \/wp:paragraph --><!-- wp:paragraph -->\n<p>Curso destinado a quem deseja iniciar seus estudos na l\u00edngua e na cultura italianas. A proposta aborda a compreens\u00e3o e a produ\u00e7\u00e3o de textos orais e escritos em situa\u00e7\u00f5es cotidianas e acad\u00eamicas, al\u00e9m do desenvolvimento da capacidade de falar de si e do outro e de compreender e descrever acontecimentos presentes, passados e futuros.<\/p>\n<!-- \/wp:paragraph --><!-- wp:paragraph -->\n<p><strong>Aulas: segundas e quartas-feiras, das 14h \u00e0s 16h.<\/strong><\/p>\n<!-- \/wp:paragraph --><!-- wp:paragraph -->\n<p><strong>Per\u00edodo: de 14\/09 a 07\/10.<\/strong><\/p>\n<!-- \/wp:paragraph --><!-- wp:paragraph -->\n<p>\u25c6\u2501\u2501\u2501\u2501\u2501\u2501\u2501\u2501\u2501\u2501\u2501\u2501\u2501\u2501\u25c6\u2501\u2501\u2501\u2501\u2501\u2501\u2501\u2501\u2501\u2501\u2501\u2501\u2501\u2501\u25c6<\/p>\n<!-- \/wp:paragraph --><!-- wp:paragraph -->\n<p><strong>\ud83d\udcd6 L\u00edngua e Diferen\u00e7as Culturais: Scoprire l\u2019Italia 2 \u2013 N\u00edvel A2<\/strong><\/p>\n<!-- \/wp:paragraph --><!-- wp:paragraph -->\n<p>O curso promove o contato e o aperfei\u00e7oamento da l\u00edngua e da cultura italiana, aprofundando conhecimentos adquiridos no n\u00edvel A1. A proposta aborda temas voltados \u00e0s rela\u00e7\u00f5es profissionais e pessoais e busca despertar o interesse por futuras pesquisas e estudos em universidades italianas.<\/p>\n<!-- \/wp:paragraph --><!-- wp:paragraph -->\n<p><strong>Aulas: segundas e quartas-feiras, das 16h30 \u00e0s 18h30<\/strong>.<\/p>\n<!-- \/wp:paragraph --><!-- wp:paragraph -->\n<p><strong>Per\u00edodo: de 14\/09 a 07\/10.<\/strong><\/p>\n<!-- \/wp:paragraph --><!-- wp:paragraph -->\n<p>\u25c6\u2501\u2501\u2501\u2501\u2501\u2501\u2501\u2501\u2501\u2501\u2501\u2501\u2501\u2501\u25c6\u2501\u2501\u2501\u2501\u2501\u2501\u2501\u2501\u2501\u2501\u2501\u2501\u2501\u2501\u25c6<\/p>\n<!-- \/wp:paragraph --><!-- wp:paragraph -->\n<p><strong>\ud83d\udcd6 Mobilidade Acad\u00eamica: Como e Onde Estudar na It\u00e1lia 2 \u2013 N\u00edvel A2<\/strong><\/p>\n<!-- \/wp:paragraph --><!-- wp:paragraph -->\n<p>O curso trabalha a compreens\u00e3o e a produ\u00e7\u00e3o de g\u00eaneros textuais essenciais para uma mobilidade acad\u00eamica. Tamb\u00e9m contempla a descri\u00e7\u00e3o de acontecimentos no presente, passado e futuro e as rela\u00e7\u00f5es interculturais entre It\u00e1lia e Brasil, especialmente no contexto acad\u00eamico.<\/p>\n<!-- \/wp:paragraph --><!-- wp:paragraph -->\n<p><strong>Aulas: segundas e quartas-feiras, das 9h \u00e0s 11h.<\/strong><\/p>\n<!-- \/wp:paragraph --><!-- wp:paragraph -->\n<p><strong>Per\u00edodo: de 14\/09 a 07\/10.<\/strong><\/p>\n<!-- \/wp:paragraph --><!-- wp:paragraph -->\n<p>\u25c6\u2501\u2501\u2501\u2501\u2501\u2501\u2501\u2501\u2501\u2501\u2501\u2501\u2501\u2501\u25c6\u2501\u2501\u2501\u2501\u2501\u2501\u2501\u2501\u2501\u2501\u2501\u2501\u2501\u2501\u25c6<\/p>\n<!-- \/wp:paragraph --><!-- wp:paragraph -->\n<p>\ud83d\udcbb\u00a0<strong>Informa\u00e7\u00f5es importantes<\/strong><\/p>\n<!-- \/wp:paragraph --><!-- wp:paragraph -->\n<p><strong>Modalidade:<\/strong>\u00a0100% online, com aulas s\u00edncronas (intera\u00e7\u00e3o ao vivo).<\/p>\n<!-- \/wp:paragraph --><!-- wp:paragraph -->\n<p><strong>Carga hor\u00e1ria:<\/strong>\u00a016 horas por curso.<\/p>\n<!-- \/wp:paragraph --><!-- wp:paragraph -->\n<p><strong>Certifica\u00e7\u00e3o:<\/strong>\u00a0receber\u00e3o certificado os participantes que obtiverem frequ\u00eancia m\u00ednima de 80%.<\/p>\n<!-- \/wp:paragraph --><!-- wp:paragraph -->\n<p>\u25c6\u2501\u2501\u2501\u2501\u2501\u2501\u2501\u2501\u2501\u2501\u2501\u2501\u2501\u2501\u25c6\u2501\u2501\u2501\u2501\u2501\u2501\u2501\u2501\u2501\u2501\u2501\u2501\u2501\u2501\u25c6<\/p>\n<!-- \/wp:paragraph --><!-- wp:paragraph -->\n<p>\ud83d\udcc5\u00a0<strong>Inscri\u00e7\u00f5es at\u00e9 10 de setembro de 2026.<\/strong><\/p>\n<!-- \/wp:paragraph --><!-- wp:paragraph -->\n<p><strong>Sele\u00e7\u00e3o:<\/strong>\u00a0sorteio eletr\u00f4nico.<\/p>\n<!-- \/wp:paragraph --><!-- wp:paragraph -->\n<p><strong>Inscri\u00e7\u00f5es dispon\u00edveis em nossa p\u00e1gina:\u00a0<\/strong><a href=\"https:\/\/forms.gle\/Zjz77Hzp1zNnVmmE6\" target=\"_blank\" rel=\"noreferrer noopener\">\u00a0<\/a><a href=\"https:\/\/www.ufsm.br\/projetos\/ensino\/isf\/italiano\" target=\"_blank\" rel=\"noreferrer noopener\">https:\/\/www.ufsm.br\/projetos\/ensino\/isf\/italiano<\/a><\/p>\n<!-- \/wp:paragraph --><!-- wp:heading {\"level\":3} -->\n<p class=\"wp-block-heading\"><span style=\"font-size: 12pt\"><strong>Convoca\u00e7\u00e3o: o e-mail de convoca\u00e7\u00e3o (ou de lista de espera) ser\u00e1 enviado at\u00e9 as 14h de s\u00e1bado, dia 12\/09. Lembre-se de manter aten\u00e7\u00e3o na sua caixa de entrada e\/ou na pasta de spam.<\/strong><\/span><br \/><br \/><span style=\"font-size: 12pt\"><strong>\u26a0\ufe0f Aten\u00e7\u00e3o<\/strong><\/span><\/p>\n<!-- \/wp:heading --><!-- wp:list -->\n<ul class=\"wp-block-list\"><!-- wp:list-item -->\n<li>O e-mail de convoca\u00e7\u00e3o (ou de lista de espera) ser\u00e1 enviado aos candidatos selecionados. \u00c9 importante verificar regularmente a caixa de entrada e a pasta de spam.<\/li>\n<!-- \/wp:list-item --><!-- wp:list-item -->\n<li>Ap\u00f3s o recebimento do e-mail de convoca\u00e7\u00e3o, o candidato dever\u00e1 acessar o link do Google Classroom e preencher o\u00a0<strong>Termo de Compromisso<\/strong>\u00a0dentro do prazo indicado.<\/li>\n<!-- \/wp:list-item --><!-- wp:list-item -->\n<li>A n\u00e3o confirma\u00e7\u00e3o no prazo estabelecido implicar\u00e1 na perda da vaga, com a convoca\u00e7\u00e3o do pr\u00f3ximo candidato da lista de espera.<\/li>\n<!-- \/wp:list-item --><!-- wp:list-item -->\n<li><strong>N\u00e3o perca o prazo!<\/strong><strong><u>\u00a0As inscri\u00e7\u00f5es encerram em 10 de setembro de 2026.<\/u><\/strong><\/li>\n<!-- \/wp:list-item --><\/ul>\n<!-- \/wp:list --><!-- wp:paragraph -->\n<p>Em caso de d\u00favidas, entre em contato pelo e-mail:\u00a0<strong>isf.italiano@ufsm.br<\/strong>.<\/p>\n<!-- \/wp:paragraph -->\t\t\t\t\t\t<\/div>\n\t\t\t\t<\/div>\n\t\t\t\t\t<\/div>\n\t\t<\/div>\n\t\t\t\t\t<\/div>\n\t\t<\/section>\n\t\t\t\t<\/div>\n\t\t","protected":false},"excerpt":{"rendered":"<p>A Rede Andifes Idiomas sem Fronteiras (IsF), em parceria com o N\u00facleo de L\u00ednguas da Universidade Federal de Santa Maria (UFSM), est\u00e1 com inscri\u00e7\u00f5es abertas para novos cursos gratuitos de l\u00edngua italiana. Se voc\u00ea deseja iniciar ou aprofundar seus conhecimentos na l\u00edngua e cultura italianas, esta \u00e9 uma excelente oportunidade! \ud83c\udfaf\u00a0Para quem? \ud83d\udcda\u00a0Conhe\u00e7a os cursos [&hellip;]<\/p>\n","protected":false},"author":3933,"featured_media":0,"comment_status":"closed","ping_status":"closed","sticky":false,"template":"","format":"standard","meta":{"footnotes":""},"categories":[28,76,2],"tags":[18,24,23],"class_list":["post-863","post","type-post","status-publish","format-standard","hentry","category-cursos","category-italiano","category-noticias","tag-idiomas-sem-fronteiras","tag-isf-italiano","tag-rede-andifes-isf"],"acf":[],"_links":{"self":[{"href":"https:\/\/www.ufsm.br\/projetos\/ensino\/isf\/wp-json\/wp\/v2\/posts\/863","targetHints":{"allow":["GET"]}}],"collection":[{"href":"https:\/\/www.ufsm.br\/projetos\/ensino\/isf\/wp-json\/wp\/v2\/posts"}],"about":[{"href":"https:\/\/www.ufsm.br\/projetos\/ensino\/isf\/wp-json\/wp\/v2\/types\/post"}],"author":[{"embeddable":true,"href":"https:\/\/www.ufsm.br\/projetos\/ensino\/isf\/wp-json\/wp\/v2\/users\/3933"}],"replies":[{"embeddable":true,"href":"https:\/\/www.ufsm.br\/projetos\/ensino\/isf\/wp-json\/wp\/v2\/comments?post=863"}],"version-history":[{"count":0,"href":"https:\/\/www.ufsm.br\/projetos\/ensino\/isf\/wp-json\/wp\/v2\/posts\/863\/revisions"}],"wp:attachment":[{"href":"https:\/\/www.ufsm.br\/projetos\/ensino\/isf\/wp-json\/wp\/v2\/media?parent=863"}],"wp:term":[{"taxonomy":"category","embeddable":true,"href":"https:\/\/www.ufsm.br\/projetos\/ensino\/isf\/wp-json\/wp\/v2\/categories?post=863"},{"taxonomy":"post_tag","embeddable":true,"href":"https:\/\/www.ufsm.br\/projetos\/ensino\/isf\/wp-json\/wp\/v2\/tags?post=863"}],"curies":[{"name":"wp","href":"https:\/\/api.w.org\/{rel}","templated":true}]}}