{"id":201,"date":"2015-09-25T13:46:17","date_gmt":"2015-09-25T16:46:17","guid":{"rendered":"https:\/\/www.ufsm.br\/projetos\/extensao\/ateliedetextos\/2015\/09\/25\/atelie-de-textos-radio-universidade-campus-da-gente-cristiane-fuzer\/"},"modified":"2015-09-25T13:46:17","modified_gmt":"2015-09-25T16:46:17","slug":"atelie-de-textos-radio-universidade-campus-da-gente-cristiane-fuzer","status":"publish","type":"post","link":"https:\/\/www.ufsm.br\/projetos\/extensao\/ateliedetextos\/2015\/09\/25\/atelie-de-textos-radio-universidade-campus-da-gente-cristiane-fuzer","title":{"rendered":"Coordenadora do Ateli\u00ea de Textos participa do Programa Campus da Gente da R\u00e1dio Universidade"},"content":{"rendered":"<p>A Professora Cristiane Fuzer, coordenadora do Ateli\u00ea de Textos, falou sobre as atividades do projeto em entrevista para Roberto Montagner no Programa Campus da Gente, da R\u00e1dio Universidade, que foi ao ar no dia 15 de setembro.<\/p>\n<p>Clique <a href=\"https:\/\/soundcloud.com\/atelie-de-textos\/entrevista-com-cristiane-fuzer-no-programa-campus-da-gente-15-setembro-terca\">aqui<\/a> para ouvir a entrevista.&nbsp;<a href=\"https:\/\/soundcloud.com\/atelie-de-textos\/entrevista-com-cristiane-fuzer-no-programa-campus-da-gente-15-setembro-terca\"><br \/><\/a><\/p>\n","protected":false},"excerpt":{"rendered":"<p>A Professora Cristiane Fuzer, coordenadora do Ateli\u00ea de Textos, falou sobre as atividades do projeto em entrevista para Roberto Montagner no Programa Campus da Gente, da R\u00e1dio Universidade, que foi ao ar no dia 15 de setembro. Clique aqui para ouvir a entrevista.&nbsp;<\/p>\n","protected":false},"author":25,"featured_media":0,"comment_status":"closed","ping_status":"closed","sticky":false,"template":"","format":"standard","meta":{"footnotes":""},"categories":[2],"tags":[],"class_list":["post-201","post","type-post","status-publish","format-standard","hentry","category-noticias"],"acf":[],"_links":{"self":[{"href":"https:\/\/www.ufsm.br\/projetos\/extensao\/ateliedetextos\/wp-json\/wp\/v2\/posts\/201","targetHints":{"allow":["GET"]}}],"collection":[{"href":"https:\/\/www.ufsm.br\/projetos\/extensao\/ateliedetextos\/wp-json\/wp\/v2\/posts"}],"about":[{"href":"https:\/\/www.ufsm.br\/projetos\/extensao\/ateliedetextos\/wp-json\/wp\/v2\/types\/post"}],"author":[{"embeddable":true,"href":"https:\/\/www.ufsm.br\/projetos\/extensao\/ateliedetextos\/wp-json\/wp\/v2\/users\/25"}],"replies":[{"embeddable":true,"href":"https:\/\/www.ufsm.br\/projetos\/extensao\/ateliedetextos\/wp-json\/wp\/v2\/comments?post=201"}],"version-history":[{"count":0,"href":"https:\/\/www.ufsm.br\/projetos\/extensao\/ateliedetextos\/wp-json\/wp\/v2\/posts\/201\/revisions"}],"wp:attachment":[{"href":"https:\/\/www.ufsm.br\/projetos\/extensao\/ateliedetextos\/wp-json\/wp\/v2\/media?parent=201"}],"wp:term":[{"taxonomy":"category","embeddable":true,"href":"https:\/\/www.ufsm.br\/projetos\/extensao\/ateliedetextos\/wp-json\/wp\/v2\/categories?post=201"},{"taxonomy":"post_tag","embeddable":true,"href":"https:\/\/www.ufsm.br\/projetos\/extensao\/ateliedetextos\/wp-json\/wp\/v2\/tags?post=201"}],"curies":[{"name":"wp","href":"https:\/\/api.w.org\/{rel}","templated":true}]}}