{"id":226,"date":"2025-06-30T10:38:00","date_gmt":"2025-06-30T13:38:00","guid":{"rendered":"https:\/\/www.ufsm.br\/projetos\/extensao\/guriastec\/?p=226"},"modified":"2025-06-30T10:38:28","modified_gmt":"2025-06-30T13:38:28","slug":"guriastec-lanca-podcast","status":"publish","type":"post","link":"https:\/\/www.ufsm.br\/projetos\/extensao\/guriastec\/2025\/06\/30\/guriastec-lanca-podcast","title":{"rendered":"GuriasTec lan\u00e7a podcast"},"content":{"rendered":"\t\t<div data-elementor-type=\"wp-post\" data-elementor-id=\"226\" class=\"elementor elementor-226\">\n\t\t\t\t\t\t<section class=\"elementor-section elementor-top-section elementor-element elementor-element-6652a3d elementor-section-boxed elementor-section-height-default elementor-section-height-default\" data-id=\"6652a3d\" data-element_type=\"section\">\n\t\t\t\t\t\t<div class=\"elementor-container elementor-column-gap-default\">\n\t\t\t\t\t<div class=\"elementor-column elementor-col-100 elementor-top-column elementor-element elementor-element-d5136e5\" data-id=\"d5136e5\" data-element_type=\"column\">\n\t\t\t<div class=\"elementor-widget-wrap elementor-element-populated\">\n\t\t\t\t\t\t<div class=\"elementor-element elementor-element-dd52854 elementor-widget elementor-widget-text-editor\" data-id=\"dd52854\" data-element_type=\"widget\" data-widget_type=\"text-editor.default\">\n\t\t\t\t<div class=\"elementor-widget-container\">\n\t\t\t\t\t\t\t<p>Hoje, 30 de junho, o Programa GuriasTec lan\u00e7ou o guriastec podcast. A iniciativa tem o objetivo de incentivar o ingresso, a forma\u00e7\u00e3o e a perman\u00eancia de meninas e mulheres nas suas carreiras das \u00e1reas de ci\u00eancias exatas, engenharias e computa\u00e7\u00e3o, ao divulgar a atua\u00e7\u00e3o de mulheres e promover o debate sobre o tema. O primeiro epis\u00f3dio contou com a presen\u00e7a de duas convidadas: Brenda Salenave Santana, egressa da UFSM, doutora em Ci\u00eancia da Computa\u00e7\u00e3o e professora da Universidade Federal de Pelotas (UFPeL), e Marcia Pasin, doutora em Ci\u00eancias da Computa\u00e7\u00e3o, professora no Departamento de Linguagens e Sistemas de Computa\u00e7\u00e3o da UFSM e integrante do GuriasTec. A grava\u00e7\u00e3o foi realizada de forma remota.<\/p>\t\t\t\t\t\t<\/div>\n\t\t\t\t<\/div>\n\t\t\t\t\t<\/div>\n\t\t<\/div>\n\t\t\t\t\t<\/div>\n\t\t<\/section>\n\t\t\t\t<section class=\"elementor-section elementor-top-section elementor-element elementor-element-427a12d elementor-section-boxed elementor-section-height-default elementor-section-height-default\" data-id=\"427a12d\" data-element_type=\"section\">\n\t\t\t\t\t\t<div class=\"elementor-container elementor-column-gap-default\">\n\t\t\t\t\t<div class=\"elementor-column elementor-col-100 elementor-top-column elementor-element elementor-element-dff14c0\" data-id=\"dff14c0\" data-element_type=\"column\">\n\t\t\t<div class=\"elementor-widget-wrap elementor-element-populated\">\n\t\t\t\t\t\t<div class=\"elementor-element elementor-element-e4d8e53 elementor-widget elementor-widget-image\" data-id=\"e4d8e53\" data-element_type=\"widget\" data-widget_type=\"image.default\">\n\t\t\t\t<div class=\"elementor-widget-container\">\n\t\t\t\t\t\t\t\t\t\t<figure class=\"wp-caption\">\n\t\t\t\t\t\t\t\t\t\t<img fetchpriority=\"high\" decoding=\"async\" width=\"1010\" height=\"533\" src=\"https:\/\/www.ufsm.br\/app\/uploads\/sites\/964\/2025\/06\/gravacao-1.jpg\" class=\"attachment-large size-large wp-image-228\" alt=\"\" srcset=\"https:\/\/www.ufsm.br\/app\/uploads\/sites\/964\/2025\/06\/gravacao-1.jpg 1010w, https:\/\/www.ufsm.br\/app\/uploads\/sites\/964\/2025\/06\/gravacao-1-300x158.jpg 300w, https:\/\/www.ufsm.br\/app\/uploads\/sites\/964\/2025\/06\/gravacao-1-768x405.jpg 768w\" sizes=\"(max-width: 1010px) 100vw, 1010px\" \/>\t\t\t\t\t\t\t\t\t\t\t<figcaption class=\"widget-image-caption wp-caption-text\">A grava\u00e7\u00e3o do epis\u00f3dio foi feita de maneira remota<\/figcaption>\n\t\t\t\t\t\t\t\t\t\t<\/figure>\n\t\t\t\t\t\t\t<\/div>\n\t\t\t\t<\/div>\n\t\t\t\t\t<\/div>\n\t\t<\/div>\n\t\t\t\t\t<\/div>\n\t\t<\/section>\n\t\t\t\t<section class=\"elementor-section elementor-top-section elementor-element elementor-element-c68eab7 elementor-section-boxed elementor-section-height-default elementor-section-height-default\" data-id=\"c68eab7\" data-element_type=\"section\">\n\t\t\t\t\t\t<div class=\"elementor-container elementor-column-gap-default\">\n\t\t\t\t\t\t<\/div>\n\t\t<\/section>\n\t\t\t\t<section class=\"elementor-section elementor-top-section elementor-element elementor-element-aac3cc6 elementor-section-boxed elementor-section-height-default elementor-section-height-default\" data-id=\"aac3cc6\" data-element_type=\"section\">\n\t\t\t\t\t\t<div class=\"elementor-container elementor-column-gap-default\">\n\t\t\t\t\t\t<\/div>\n\t\t<\/section>\n\t\t\t\t<section class=\"elementor-section elementor-top-section elementor-element elementor-element-8e1693d elementor-section-boxed elementor-section-height-default elementor-section-height-default\" data-id=\"8e1693d\" data-element_type=\"section\">\n\t\t\t\t\t\t<div class=\"elementor-container elementor-column-gap-default\">\n\t\t\t\t\t<div class=\"elementor-column elementor-col-100 elementor-top-column elementor-element elementor-element-53691d7\" data-id=\"53691d7\" data-element_type=\"column\">\n\t\t\t<div class=\"elementor-widget-wrap elementor-element-populated\">\n\t\t\t\t\t\t<div class=\"elementor-element elementor-element-54cb23a elementor-widget elementor-widget-image\" data-id=\"54cb23a\" data-element_type=\"widget\" data-widget_type=\"image.default\">\n\t\t\t\t<div class=\"elementor-widget-container\">\n\t\t\t\t\t\t\t\t\t\t<figure class=\"wp-caption\">\n\t\t\t\t\t\t\t\t\t\t<img decoding=\"async\" width=\"989\" height=\"655\" src=\"https:\/\/www.ufsm.br\/app\/uploads\/sites\/964\/2025\/06\/gravacao-2.jpg\" class=\"attachment-large size-large wp-image-229\" alt=\"\" srcset=\"https:\/\/www.ufsm.br\/app\/uploads\/sites\/964\/2025\/06\/gravacao-2.jpg 989w, https:\/\/www.ufsm.br\/app\/uploads\/sites\/964\/2025\/06\/gravacao-2-300x199.jpg 300w, https:\/\/www.ufsm.br\/app\/uploads\/sites\/964\/2025\/06\/gravacao-2-768x509.jpg 768w\" sizes=\"(max-width: 989px) 100vw, 989px\" \/>\t\t\t\t\t\t\t\t\t\t\t<figcaption class=\"widget-image-caption wp-caption-text\">Luciana Mendes, Brenda Salenave e Marcia Pasin<\/figcaption>\n\t\t\t\t\t\t\t\t\t\t<\/figure>\n\t\t\t\t\t\t\t<\/div>\n\t\t\t\t<\/div>\n\t\t\t\t\t<\/div>\n\t\t<\/div>\n\t\t\t\t\t<\/div>\n\t\t<\/section>\n\t\t\t\t<section class=\"elementor-section elementor-top-section elementor-element elementor-element-d428ffc elementor-section-boxed elementor-section-height-default elementor-section-height-default\" data-id=\"d428ffc\" data-element_type=\"section\">\n\t\t\t\t\t\t<div class=\"elementor-container elementor-column-gap-default\">\n\t\t\t\t\t<div class=\"elementor-column elementor-col-100 elementor-top-column elementor-element elementor-element-ad98110\" data-id=\"ad98110\" data-element_type=\"column\">\n\t\t\t<div class=\"elementor-widget-wrap elementor-element-populated\">\n\t\t\t\t\t\t<div class=\"elementor-element elementor-element-bd199d3 elementor-widget elementor-widget-text-editor\" data-id=\"bd199d3\" data-element_type=\"widget\" data-widget_type=\"text-editor.default\">\n\t\t\t\t<div class=\"elementor-widget-container\">\n\t\t\t\t\t\t\t<p>A primeira temporada do programa tem formato de roda de conversa e conta com a presen\u00e7a de egressas da UFSM das \u00e1reas de atua\u00e7\u00e3o do projeto, e uma integrante do GuriasTec, com apresenta\u00e7\u00e3o da bolsista de divulga\u00e7\u00e3o cient\u00edfica do projeto e radialista, Luciana Mendes. O intuito \u00e9 sempre na \u00faltima semana do m\u00eas, tratar de possibilidades de carreira, futuro no mercado de trabalho e academia.<\/p>\t\t\t\t\t\t<\/div>\n\t\t\t\t<\/div>\n\t\t\t\t\t<\/div>\n\t\t<\/div>\n\t\t\t\t\t<\/div>\n\t\t<\/section>\n\t\t\t\t<section class=\"elementor-section elementor-top-section elementor-element elementor-element-5aa7836 elementor-section-boxed elementor-section-height-default elementor-section-height-default\" data-id=\"5aa7836\" data-element_type=\"section\">\n\t\t\t\t\t\t<div class=\"elementor-container elementor-column-gap-default\">\n\t\t\t\t\t<div class=\"elementor-column elementor-col-100 elementor-top-column elementor-element elementor-element-6a331e5\" data-id=\"6a331e5\" data-element_type=\"column\">\n\t\t\t<div class=\"elementor-widget-wrap elementor-element-populated\">\n\t\t\t\t\t\t<div class=\"elementor-element elementor-element-f547dc2 elementor-widget elementor-widget-image\" data-id=\"f547dc2\" data-element_type=\"widget\" data-widget_type=\"image.default\">\n\t\t\t\t<div class=\"elementor-widget-container\">\n\t\t\t\t\t\t\t\t\t\t<figure class=\"wp-caption\">\n\t\t\t\t\t\t\t\t\t\t<img decoding=\"async\" width=\"610\" height=\"211\" src=\"https:\/\/www.ufsm.br\/app\/uploads\/sites\/964\/2025\/06\/Prancheta-3.png\" class=\"attachment-large size-large wp-image-230\" alt=\"\" srcset=\"https:\/\/www.ufsm.br\/app\/uploads\/sites\/964\/2025\/06\/Prancheta-3.png 610w, https:\/\/www.ufsm.br\/app\/uploads\/sites\/964\/2025\/06\/Prancheta-3-300x104.png 300w\" sizes=\"(max-width: 610px) 100vw, 610px\" \/>\t\t\t\t\t\t\t\t\t\t\t<figcaption class=\"widget-image-caption wp-caption-text\">Marca criada por Marina Huppes Kist<\/figcaption>\n\t\t\t\t\t\t\t\t\t\t<\/figure>\n\t\t\t\t\t\t\t<\/div>\n\t\t\t\t<\/div>\n\t\t\t\t\t<\/div>\n\t\t<\/div>\n\t\t\t\t\t<\/div>\n\t\t<\/section>\n\t\t\t\t<section class=\"elementor-section elementor-top-section elementor-element elementor-element-7a304cf elementor-section-boxed elementor-section-height-default elementor-section-height-default\" data-id=\"7a304cf\" data-element_type=\"section\">\n\t\t\t\t\t\t<div class=\"elementor-container elementor-column-gap-default\">\n\t\t\t\t\t<div class=\"elementor-column elementor-col-100 elementor-top-column elementor-element elementor-element-09ecbf1\" data-id=\"09ecbf1\" data-element_type=\"column\">\n\t\t\t<div class=\"elementor-widget-wrap elementor-element-populated\">\n\t\t\t\t\t\t<div class=\"elementor-element elementor-element-292b8f2 elementor-widget elementor-widget-text-editor\" data-id=\"292b8f2\" data-element_type=\"widget\" data-widget_type=\"text-editor.default\">\n\t\t\t\t<div class=\"elementor-widget-container\">\n\t\t\t\t\t\t\t<p>A marca foi desenvolvida pela estudante de Desenho Industrial, Marina Huppes Kist. A constru\u00e7\u00e3o dos elementos buscou seguir a do GuriasTec, remetendo a um produto da marca ao mesmo tempo trazendo o s\u00edmbolo do podcast: o microfone.<\/p>\t\t\t\t\t\t<\/div>\n\t\t\t\t<\/div>\n\t\t\t\t\t<\/div>\n\t\t<\/div>\n\t\t\t\t\t<\/div>\n\t\t<\/section>\n\t\t\t\t<section class=\"elementor-section elementor-top-section elementor-element elementor-element-9cd1e39 elementor-section-boxed elementor-section-height-default elementor-section-height-default\" data-id=\"9cd1e39\" data-element_type=\"section\">\n\t\t\t\t\t\t<div class=\"elementor-container elementor-column-gap-default\">\n\t\t\t\t\t<div class=\"elementor-column elementor-col-100 elementor-top-column elementor-element elementor-element-51c89b7\" data-id=\"51c89b7\" data-element_type=\"column\">\n\t\t\t<div class=\"elementor-widget-wrap elementor-element-populated\">\n\t\t\t\t\t\t<div class=\"elementor-element elementor-element-0c09679 elementor-widget elementor-widget-text-editor\" data-id=\"0c09679\" data-element_type=\"widget\" data-widget_type=\"text-editor.default\">\n\t\t\t\t<div class=\"elementor-widget-container\">\n\t\t\t\t\t\t\t<p>O epis\u00f3dio j\u00e1 est\u00e1 dispon\u00edvel no Spotify e Deezer pelos links abaixo.<\/p>\n<p><a href=\"https:\/\/open.spotify.com\/show\/21QsgaNYUndWPpglf9MX3X?si=ca6afe6dc86c44f3\">https:\/\/open.spotify.com\/show\/21QsgaNYUndWPpglf9MX3X?si=ca6afe6dc86c44f3<\/a><\/p>\n<p><a href=\"https:\/\/link.deezer.com\/s\/30l33Ui5uZBxmP74Z093a\">https:\/\/link.deezer.com\/s\/30l33Ui5uZBxmP74Z093a<\/a><\/p>\t\t\t\t\t\t<\/div>\n\t\t\t\t<\/div>\n\t\t\t\t\t<\/div>\n\t\t<\/div>\n\t\t\t\t\t<\/div>\n\t\t<\/section>\n\t\t\t\t<section class=\"elementor-section elementor-top-section elementor-element elementor-element-695dc71 elementor-section-boxed elementor-section-height-default elementor-section-height-default\" data-id=\"695dc71\" data-element_type=\"section\">\n\t\t\t\t\t\t<div class=\"elementor-container elementor-column-gap-default\">\n\t\t\t\t\t<div class=\"elementor-column elementor-col-100 elementor-top-column elementor-element elementor-element-57a6ba0\" data-id=\"57a6ba0\" data-element_type=\"column\">\n\t\t\t<div class=\"elementor-widget-wrap elementor-element-populated\">\n\t\t\t\t\t\t<div class=\"elementor-element elementor-element-127380c elementor-widget elementor-widget-text-editor\" data-id=\"127380c\" data-element_type=\"widget\" data-widget_type=\"text-editor.default\">\n\t\t\t\t<div class=\"elementor-widget-container\">\n\t\t\t\t\t\t\t<p><strong>Expediente:<\/strong><\/p>\n<p><em>Not\u00edcia e fotos: Luciana Mendes<\/em><br \/><em>Desenvolvimento de marca: Marina Huppes Kist, bolsista de Desenho Industrial<\/em><\/p>\t\t\t\t\t\t<\/div>\n\t\t\t\t<\/div>\n\t\t\t\t\t<\/div>\n\t\t<\/div>\n\t\t\t\t\t<\/div>\n\t\t<\/section>\n\t\t\t\t<\/div>\n\t\t","protected":false},"excerpt":{"rendered":"<p>Programa impulsiona meninas e mulheres na Ci\u00eancia<\/p>\n","protected":false},"author":8892,"featured_media":228,"comment_status":"closed","ping_status":"closed","sticky":false,"template":"","format":"standard","meta":{"footnotes":""},"categories":[9,62,2,45,1],"tags":[60,41,22,63,24],"class_list":["post-226","post","type-post","status-publish","format-standard","has-post-thumbnail","hentry","category-destaques","category-guriastec-podcast","category-noticias","category-reportagens","category-sem-categoria","tag-computacao","tag-divulgacao-cientifica","tag-guriastec","tag-podcast","tag-tecnologia"],"acf":[],"_links":{"self":[{"href":"https:\/\/www.ufsm.br\/projetos\/extensao\/guriastec\/wp-json\/wp\/v2\/posts\/226","targetHints":{"allow":["GET"]}}],"collection":[{"href":"https:\/\/www.ufsm.br\/projetos\/extensao\/guriastec\/wp-json\/wp\/v2\/posts"}],"about":[{"href":"https:\/\/www.ufsm.br\/projetos\/extensao\/guriastec\/wp-json\/wp\/v2\/types\/post"}],"author":[{"embeddable":true,"href":"https:\/\/www.ufsm.br\/projetos\/extensao\/guriastec\/wp-json\/wp\/v2\/users\/8892"}],"replies":[{"embeddable":true,"href":"https:\/\/www.ufsm.br\/projetos\/extensao\/guriastec\/wp-json\/wp\/v2\/comments?post=226"}],"version-history":[{"count":0,"href":"https:\/\/www.ufsm.br\/projetos\/extensao\/guriastec\/wp-json\/wp\/v2\/posts\/226\/revisions"}],"wp:featuredmedia":[{"embeddable":true,"href":"https:\/\/www.ufsm.br\/projetos\/extensao\/guriastec\/wp-json\/wp\/v2\/media\/228"}],"wp:attachment":[{"href":"https:\/\/www.ufsm.br\/projetos\/extensao\/guriastec\/wp-json\/wp\/v2\/media?parent=226"}],"wp:term":[{"taxonomy":"category","embeddable":true,"href":"https:\/\/www.ufsm.br\/projetos\/extensao\/guriastec\/wp-json\/wp\/v2\/categories?post=226"},{"taxonomy":"post_tag","embeddable":true,"href":"https:\/\/www.ufsm.br\/projetos\/extensao\/guriastec\/wp-json\/wp\/v2\/tags?post=226"}],"curies":[{"name":"wp","href":"https:\/\/api.w.org\/{rel}","templated":true}]}}