{"id":266,"date":"2025-09-11T20:04:14","date_gmt":"2025-09-11T23:04:14","guid":{"rendered":"https:\/\/www.ufsm.br\/projetos\/extensao\/guriastec\/?p=266"},"modified":"2025-09-11T20:36:19","modified_gmt":"2025-09-11T23:36:19","slug":"guriastec-grava-episodio-de-podcast-com-mulheres-pioneiras","status":"publish","type":"post","link":"https:\/\/www.ufsm.br\/projetos\/extensao\/guriastec\/2025\/09\/11\/guriastec-grava-episodio-de-podcast-com-mulheres-pioneiras","title":{"rendered":"GuriasTec grava epis\u00f3dio de podcast com mulheres pioneiras"},"content":{"rendered":"\t\t<div data-elementor-type=\"wp-post\" data-elementor-id=\"266\" class=\"elementor elementor-266\">\n\t\t\t\t\t\t<section class=\"elementor-section elementor-top-section elementor-element elementor-element-98ac77e elementor-section-boxed elementor-section-height-default elementor-section-height-default\" data-id=\"98ac77e\" data-element_type=\"section\">\n\t\t\t\t\t\t<div class=\"elementor-container elementor-column-gap-default\">\n\t\t\t\t\t<div class=\"elementor-column elementor-col-100 elementor-top-column elementor-element elementor-element-cfcf639\" data-id=\"cfcf639\" data-element_type=\"column\">\n\t\t\t<div class=\"elementor-widget-wrap elementor-element-populated\">\n\t\t\t\t\t\t<div class=\"elementor-element elementor-element-e44f767 elementor-widget elementor-widget-text-editor\" data-id=\"e44f767\" data-element_type=\"widget\" data-widget_type=\"text-editor.default\">\n\t\t\t\t<div class=\"elementor-widget-container\">\n\t\t\t\t\t\t\t<p><span style=\"font-weight: 400\">Nesta ter\u00e7a (9), o Programa GuriasTec fez a grava\u00e7\u00e3o do quarto epis\u00f3dio do guriastec podcast.\u00a0 O programa teve como tema \u201cmulheres inovadoras na ci\u00eancia\u201d e\u00a0 tratou de assuntos como lideran\u00e7a feminina e projetos de pesquisa e extens\u00e3o nas \u00e1reas da qu\u00edmica e engenharia el\u00e9trica. O epis\u00f3dio contou com a presen\u00e7a da Vice-reitora, Professora Martha Bohrer Adaime, eleita como reitora da UFSM, e a integrante do GuriasTec, doutora em Engenharia El\u00e9trica e primeira professora do Centro de Tecnologia da UFSM, Nilza Venturini Zampieri. A grava\u00e7\u00e3o foi realizada de forma presencial e contou com apoio do Sistemas de R\u00e1dios da UFSM<\/span>.<\/p>\t\t\t\t\t\t<\/div>\n\t\t\t\t<\/div>\n\t\t\t\t\t<\/div>\n\t\t<\/div>\n\t\t\t\t\t<\/div>\n\t\t<\/section>\n\t\t\t\t<section class=\"elementor-section elementor-top-section elementor-element elementor-element-a31fa2a elementor-section-boxed elementor-section-height-default elementor-section-height-default\" data-id=\"a31fa2a\" data-element_type=\"section\">\n\t\t\t\t\t\t<div class=\"elementor-container elementor-column-gap-default\">\n\t\t\t\t\t<div class=\"elementor-column elementor-col-100 elementor-top-column elementor-element elementor-element-82d0018\" data-id=\"82d0018\" data-element_type=\"column\">\n\t\t\t<div class=\"elementor-widget-wrap elementor-element-populated\">\n\t\t\t\t\t\t<div class=\"elementor-element elementor-element-059b26b elementor-widget elementor-widget-image\" data-id=\"059b26b\" data-element_type=\"widget\" data-widget_type=\"image.default\">\n\t\t\t\t<div class=\"elementor-widget-container\">\n\t\t\t\t\t\t\t\t\t\t<figure class=\"wp-caption\">\n\t\t\t\t\t\t\t\t\t\t<img fetchpriority=\"high\" decoding=\"async\" width=\"1024\" height=\"938\" src=\"https:\/\/www.ufsm.br\/app\/uploads\/sites\/964\/2025\/09\/WhatsApp-Image-2025-09-09-at-14.21.48-2-e1757631831884-1024x938.jpeg\" class=\"attachment-large size-large wp-image-267\" alt=\"ep 4 podcast\" srcset=\"https:\/\/www.ufsm.br\/app\/uploads\/sites\/964\/2025\/09\/WhatsApp-Image-2025-09-09-at-14.21.48-2-e1757631831884-1024x938.jpeg 1024w, https:\/\/www.ufsm.br\/app\/uploads\/sites\/964\/2025\/09\/WhatsApp-Image-2025-09-09-at-14.21.48-2-e1757631831884-300x275.jpeg 300w, https:\/\/www.ufsm.br\/app\/uploads\/sites\/964\/2025\/09\/WhatsApp-Image-2025-09-09-at-14.21.48-2-e1757631831884-768x704.jpeg 768w, https:\/\/www.ufsm.br\/app\/uploads\/sites\/964\/2025\/09\/WhatsApp-Image-2025-09-09-at-14.21.48-2-e1757631831884.jpeg 1280w\" sizes=\"(max-width: 1024px) 100vw, 1024px\" \/>\t\t\t\t\t\t\t\t\t\t\t<figcaption class=\"widget-image-caption wp-caption-text\">A grava\u00e7\u00e3o do epis\u00f3dio foi feita de maneira presencial<\/figcaption>\n\t\t\t\t\t\t\t\t\t\t<\/figure>\n\t\t\t\t\t\t\t<\/div>\n\t\t\t\t<\/div>\n\t\t\t\t\t<\/div>\n\t\t<\/div>\n\t\t\t\t\t<\/div>\n\t\t<\/section>\n\t\t\t\t<section class=\"elementor-section elementor-top-section elementor-element elementor-element-00974da elementor-section-boxed elementor-section-height-default elementor-section-height-default\" data-id=\"00974da\" data-element_type=\"section\">\n\t\t\t\t\t\t<div class=\"elementor-container elementor-column-gap-default\">\n\t\t\t\t\t<div class=\"elementor-column elementor-col-100 elementor-top-column elementor-element elementor-element-7ba22a0\" data-id=\"7ba22a0\" data-element_type=\"column\">\n\t\t\t<div class=\"elementor-widget-wrap elementor-element-populated\">\n\t\t\t\t\t\t<div class=\"elementor-element elementor-element-4351351 elementor-widget elementor-widget-image\" data-id=\"4351351\" data-element_type=\"widget\" data-widget_type=\"image.default\">\n\t\t\t\t<div class=\"elementor-widget-container\">\n\t\t\t\t\t\t\t\t\t\t<figure class=\"wp-caption\">\n\t\t\t\t\t\t\t\t\t\t<img decoding=\"async\" width=\"1024\" height=\"665\" src=\"https:\/\/www.ufsm.br\/app\/uploads\/sites\/964\/2025\/09\/WhatsApp-Image-2025-09-09-at-14.22.30-e1757632055223-1024x665.jpeg\" class=\"attachment-large size-large wp-image-268\" alt=\"grava\u00e7\u00e3o 4\" srcset=\"https:\/\/www.ufsm.br\/app\/uploads\/sites\/964\/2025\/09\/WhatsApp-Image-2025-09-09-at-14.22.30-e1757632055223-1024x665.jpeg 1024w, https:\/\/www.ufsm.br\/app\/uploads\/sites\/964\/2025\/09\/WhatsApp-Image-2025-09-09-at-14.22.30-e1757632055223-300x195.jpeg 300w, https:\/\/www.ufsm.br\/app\/uploads\/sites\/964\/2025\/09\/WhatsApp-Image-2025-09-09-at-14.22.30-e1757632055223-768x499.jpeg 768w, https:\/\/www.ufsm.br\/app\/uploads\/sites\/964\/2025\/09\/WhatsApp-Image-2025-09-09-at-14.22.30-e1757632055223.jpeg 1485w\" sizes=\"(max-width: 1024px) 100vw, 1024px\" \/>\t\t\t\t\t\t\t\t\t\t\t<figcaption class=\"widget-image-caption wp-caption-text\">Renata Rojas, Martha Adaime, Nilza Zampieri, Luciana Mendes e Jaqueline Kegler<\/figcaption>\n\t\t\t\t\t\t\t\t\t\t<\/figure>\n\t\t\t\t\t\t\t<\/div>\n\t\t\t\t<\/div>\n\t\t\t\t\t<\/div>\n\t\t<\/div>\n\t\t\t\t\t<\/div>\n\t\t<\/section>\n\t\t\t\t<section class=\"elementor-section elementor-top-section elementor-element elementor-element-67b9d7b elementor-section-boxed elementor-section-height-default elementor-section-height-default\" data-id=\"67b9d7b\" data-element_type=\"section\">\n\t\t\t\t\t\t<div class=\"elementor-container elementor-column-gap-default\">\n\t\t\t\t\t<div class=\"elementor-column elementor-col-100 elementor-top-column elementor-element elementor-element-dbd0784\" data-id=\"dbd0784\" data-element_type=\"column\">\n\t\t\t<div class=\"elementor-widget-wrap elementor-element-populated\">\n\t\t\t\t\t\t<div class=\"elementor-element elementor-element-019410d elementor-widget elementor-widget-text-editor\" data-id=\"019410d\" data-element_type=\"widget\" data-widget_type=\"text-editor.default\">\n\t\t\t\t<div class=\"elementor-widget-container\">\n\t\t\t\t\t\t\t<p><span style=\"font-weight: 400\">As convidadas foram recepcionadas pela coordenadora do projeto, a professora Renata Rojas Guerra e a coordenadora do Gurias_Com, a professora Jaqueline Quincozes Kegler. Na ocasi\u00e3o, foram entregues as camisetas e as canecas do projeto.\u00a0<\/span><\/p><p><span style=\"font-weight: 400\">As participantes do epis\u00f3dio destacaram a\u00e7\u00f5es como essa na valoriza\u00e7\u00e3o da participa\u00e7\u00e3o feminina na ci\u00eancia e tecnologia. Para a Martha, \u00e9 essencial que as meninas e mulheres se posicionem nas suas carreiras: \u201cN\u00e3o h\u00e1 idade para a gente inibir sonhos\u201d, destacou. Nilza ressaltou a import\u00e2ncia da confian\u00e7a feminina no trabalho: \u201cAcreditar que \u00e9 poss\u00edvel fazer sim\u201d.<\/span><\/p><p><span style=\"font-weight: 400\">A primeira temporada do programa tem formato de roda de conversa e conta com a presen\u00e7a de egressas da UFSM das \u00e1reas de atua\u00e7\u00e3o do projeto e integrantes do GuriasTec, com apresenta\u00e7\u00e3o da bolsista de divulga\u00e7\u00e3o cient\u00edfica do projeto e radialista, Luciana Mendes. Os epis\u00f3dios v\u00e3o ao ar sempre na \u00faltima semana de cada m\u00eas.<\/span><\/p>\t\t\t\t\t\t<\/div>\n\t\t\t\t<\/div>\n\t\t\t\t\t<\/div>\n\t\t<\/div>\n\t\t\t\t\t<\/div>\n\t\t<\/section>\n\t\t\t\t<section class=\"elementor-section elementor-top-section elementor-element elementor-element-9e8c25c elementor-section-boxed elementor-section-height-default elementor-section-height-default\" data-id=\"9e8c25c\" data-element_type=\"section\">\n\t\t\t\t\t\t<div class=\"elementor-container elementor-column-gap-default\">\n\t\t\t\t\t<div class=\"elementor-column elementor-col-100 elementor-top-column elementor-element elementor-element-cd4f1c2\" data-id=\"cd4f1c2\" data-element_type=\"column\">\n\t\t\t<div class=\"elementor-widget-wrap elementor-element-populated\">\n\t\t\t\t\t\t<div class=\"elementor-element elementor-element-f83b3ad elementor-widget elementor-widget-text-editor\" data-id=\"f83b3ad\" data-element_type=\"widget\" data-widget_type=\"text-editor.default\">\n\t\t\t\t<div class=\"elementor-widget-container\">\n\t\t\t\t\t\t\t<p><span style=\"font-weight: 400\">O epis\u00f3dio 4 estar\u00e1 dispon\u00edvel no dia 26 de setembro no Spotify e Deezer pelos links abaixo.<\/span><\/p><p><a href=\"https:\/\/open.spotify.com\/show\/21QsgaNYUndWPpglf9MX3X\">https:\/\/open.spotify.com\/show\/21QsgaNYUndWPpglf9MX3X<\/a><\/p><p><a href=\"https:\/\/www.deezer.com\/br\/show\/1001999481?host=6572464941&amp;deferredFl=1\">https:\/\/www.deezer.com\/br\/show\/1001999481?host=6572464941&amp;deferredFl=1<\/a><\/p><p><b>Expediente:<\/b><\/p><p><i><span style=\"font-weight: 400\">Not\u00edcia e fotos: Luciana Mendes<\/span><\/i><\/p>\t\t\t\t\t\t<\/div>\n\t\t\t\t<\/div>\n\t\t\t\t\t<\/div>\n\t\t<\/div>\n\t\t\t\t\t<\/div>\n\t\t<\/section>\n\t\t\t\t<\/div>\n\t\t","protected":false},"excerpt":{"rendered":"<p>Programa impulsiona meninas e mulheres na Ci\u00eancia<\/p>\n","protected":false},"author":8892,"featured_media":267,"comment_status":"closed","ping_status":"closed","sticky":false,"template":"","format":"standard","meta":{"footnotes":""},"categories":[9,20,62,2,1],"tags":[79,22,76,63,78,77,24],"class_list":["post-266","post","type-post","status-publish","format-standard","has-post-thumbnail","hentry","category-destaques","category-guriastec","category-guriastec-podcast","category-noticias","category-sem-categoria","tag-engenharia-eletrica","tag-guriastec","tag-pioneiras","tag-podcast","tag-quimica","tag-reitoria-ufsm","tag-tecnologia"],"acf":[],"_links":{"self":[{"href":"https:\/\/www.ufsm.br\/projetos\/extensao\/guriastec\/wp-json\/wp\/v2\/posts\/266","targetHints":{"allow":["GET"]}}],"collection":[{"href":"https:\/\/www.ufsm.br\/projetos\/extensao\/guriastec\/wp-json\/wp\/v2\/posts"}],"about":[{"href":"https:\/\/www.ufsm.br\/projetos\/extensao\/guriastec\/wp-json\/wp\/v2\/types\/post"}],"author":[{"embeddable":true,"href":"https:\/\/www.ufsm.br\/projetos\/extensao\/guriastec\/wp-json\/wp\/v2\/users\/8892"}],"replies":[{"embeddable":true,"href":"https:\/\/www.ufsm.br\/projetos\/extensao\/guriastec\/wp-json\/wp\/v2\/comments?post=266"}],"version-history":[{"count":0,"href":"https:\/\/www.ufsm.br\/projetos\/extensao\/guriastec\/wp-json\/wp\/v2\/posts\/266\/revisions"}],"wp:featuredmedia":[{"embeddable":true,"href":"https:\/\/www.ufsm.br\/projetos\/extensao\/guriastec\/wp-json\/wp\/v2\/media\/267"}],"wp:attachment":[{"href":"https:\/\/www.ufsm.br\/projetos\/extensao\/guriastec\/wp-json\/wp\/v2\/media?parent=266"}],"wp:term":[{"taxonomy":"category","embeddable":true,"href":"https:\/\/www.ufsm.br\/projetos\/extensao\/guriastec\/wp-json\/wp\/v2\/categories?post=266"},{"taxonomy":"post_tag","embeddable":true,"href":"https:\/\/www.ufsm.br\/projetos\/extensao\/guriastec\/wp-json\/wp\/v2\/tags?post=266"}],"curies":[{"name":"wp","href":"https:\/\/api.w.org\/{rel}","templated":true}]}}