{"id":285,"date":"2025-10-21T15:49:37","date_gmt":"2025-10-21T18:49:37","guid":{"rendered":"https:\/\/www.ufsm.br\/projetos\/extensao\/guriastec\/?p=285"},"modified":"2025-10-21T15:58:25","modified_gmt":"2025-10-21T18:58:25","slug":"projetos-guriastec-e-energizando-a-equidade-realizam-atividade-na-ufsm","status":"publish","type":"post","link":"https:\/\/www.ufsm.br\/projetos\/extensao\/guriastec\/2025\/10\/21\/projetos-guriastec-e-energizando-a-equidade-realizam-atividade-na-ufsm","title":{"rendered":"Projetos GuriasTec e Energizando a equidade realizam atividade na UFSM"},"content":{"rendered":"\t\t<div data-elementor-type=\"wp-post\" data-elementor-id=\"285\" class=\"elementor elementor-285\">\n\t\t\t\t\t\t<section class=\"elementor-section elementor-top-section elementor-element elementor-element-f9efaa8 elementor-section-boxed elementor-section-height-default elementor-section-height-default\" data-id=\"f9efaa8\" data-element_type=\"section\">\n\t\t\t\t\t\t<div class=\"elementor-container elementor-column-gap-default\">\n\t\t\t\t\t<div class=\"elementor-column elementor-col-100 elementor-top-column elementor-element elementor-element-4b06a4a\" data-id=\"4b06a4a\" data-element_type=\"column\">\n\t\t\t<div class=\"elementor-widget-wrap elementor-element-populated\">\n\t\t\t\t\t\t<div class=\"elementor-element elementor-element-497224a elementor-widget elementor-widget-text-editor\" data-id=\"497224a\" data-element_type=\"widget\" data-widget_type=\"text-editor.default\">\n\t\t\t\t<div class=\"elementor-widget-container\">\n\t\t\t\t\t\t\t<p><span style=\"font-weight: 400\">Na \u00faltima semana, 17, os programas GuriasTec e Energizando a equidade realizaram uma oficina no pr\u00e9dio 9F de Arquitetura da UFSM com alunas e professora da Escola Municipal de Ensino Fundamental Vicente Farencena. A atividade consistiu em uma conversa sobre equidade de g\u00eanero na ci\u00eancia, especialmente nas \u00e1reas STEAM (Ci\u00eancia, Tecnologia, Engenharia, Artes e Matem\u00e1tica) e na escola. A a\u00e7\u00e3o foi conduzida pela professora \u00cdsis Portolan, coordenadora do programa Energizando a equidade e participante do GuriasTec, e a mestranda do Programa de P\u00f3s-Gradua\u00e7\u00e3o em Arquitetura, Urbanismo e Paisagismo, Raiane Pires T\u00f3lio<\/span>.<\/p>\t\t\t\t\t\t<\/div>\n\t\t\t\t<\/div>\n\t\t\t\t\t<\/div>\n\t\t<\/div>\n\t\t\t\t\t<\/div>\n\t\t<\/section>\n\t\t\t\t<section class=\"elementor-section elementor-top-section elementor-element elementor-element-cccce9a elementor-section-boxed elementor-section-height-default elementor-section-height-default\" data-id=\"cccce9a\" data-element_type=\"section\">\n\t\t\t\t\t\t<div class=\"elementor-container elementor-column-gap-default\">\n\t\t\t\t\t<div class=\"elementor-column elementor-col-100 elementor-top-column elementor-element elementor-element-8af0e61\" data-id=\"8af0e61\" data-element_type=\"column\">\n\t\t\t<div class=\"elementor-widget-wrap elementor-element-populated\">\n\t\t\t\t\t\t<div class=\"elementor-element elementor-element-9d8ddb2 elementor-widget elementor-widget-image\" data-id=\"9d8ddb2\" data-element_type=\"widget\" data-widget_type=\"image.default\">\n\t\t\t\t<div class=\"elementor-widget-container\">\n\t\t\t\t\t\t\t\t\t\t<figure class=\"wp-caption\">\n\t\t\t\t\t\t\t\t\t\t<img fetchpriority=\"high\" decoding=\"async\" width=\"1024\" height=\"504\" src=\"https:\/\/www.ufsm.br\/app\/uploads\/sites\/964\/2025\/10\/WhatsApp-Image-2025-10-20-at-10.44.12-e1761072568674-1024x504.jpeg\" class=\"attachment-large size-large wp-image-286\" alt=\"\" srcset=\"https:\/\/www.ufsm.br\/app\/uploads\/sites\/964\/2025\/10\/WhatsApp-Image-2025-10-20-at-10.44.12-e1761072568674-1024x504.jpeg 1024w, https:\/\/www.ufsm.br\/app\/uploads\/sites\/964\/2025\/10\/WhatsApp-Image-2025-10-20-at-10.44.12-e1761072568674-300x148.jpeg 300w, https:\/\/www.ufsm.br\/app\/uploads\/sites\/964\/2025\/10\/WhatsApp-Image-2025-10-20-at-10.44.12-e1761072568674-768x378.jpeg 768w, https:\/\/www.ufsm.br\/app\/uploads\/sites\/964\/2025\/10\/WhatsApp-Image-2025-10-20-at-10.44.12-e1761072568674.jpeg 1280w\" sizes=\"(max-width: 1024px) 100vw, 1024px\" \/>\t\t\t\t\t\t\t\t\t\t\t<figcaption class=\"widget-image-caption wp-caption-text\">A professora \u00cdsis Portolan e a mestranda Raiane Pires T\u00f3lio conduziram a oficina<\/figcaption>\n\t\t\t\t\t\t\t\t\t\t<\/figure>\n\t\t\t\t\t\t\t<\/div>\n\t\t\t\t<\/div>\n\t\t\t\t\t<\/div>\n\t\t<\/div>\n\t\t\t\t\t<\/div>\n\t\t<\/section>\n\t\t\t\t<section class=\"elementor-section elementor-top-section elementor-element elementor-element-eebe5c7 elementor-section-boxed elementor-section-height-default elementor-section-height-default\" data-id=\"eebe5c7\" data-element_type=\"section\">\n\t\t\t\t\t\t<div class=\"elementor-container elementor-column-gap-default\">\n\t\t\t\t\t<div class=\"elementor-column elementor-col-100 elementor-top-column elementor-element elementor-element-b9e80bb\" data-id=\"b9e80bb\" data-element_type=\"column\">\n\t\t\t<div class=\"elementor-widget-wrap elementor-element-populated\">\n\t\t\t\t\t\t<div class=\"elementor-element elementor-element-87929e2 elementor-widget elementor-widget-image\" data-id=\"87929e2\" data-element_type=\"widget\" data-widget_type=\"image.default\">\n\t\t\t\t<div class=\"elementor-widget-container\">\n\t\t\t\t\t\t\t\t\t\t<figure class=\"wp-caption\">\n\t\t\t\t\t\t\t\t\t\t<img decoding=\"async\" width=\"1024\" height=\"653\" src=\"https:\/\/www.ufsm.br\/app\/uploads\/sites\/964\/2025\/10\/WhatsApp-Image-2025-10-18-at-12.35.09-2-e1761072706164-1024x653.jpeg\" class=\"attachment-large size-large wp-image-287\" alt=\"\" srcset=\"https:\/\/www.ufsm.br\/app\/uploads\/sites\/964\/2025\/10\/WhatsApp-Image-2025-10-18-at-12.35.09-2-e1761072706164-1024x653.jpeg 1024w, https:\/\/www.ufsm.br\/app\/uploads\/sites\/964\/2025\/10\/WhatsApp-Image-2025-10-18-at-12.35.09-2-e1761072706164-300x191.jpeg 300w, https:\/\/www.ufsm.br\/app\/uploads\/sites\/964\/2025\/10\/WhatsApp-Image-2025-10-18-at-12.35.09-2-e1761072706164-768x490.jpeg 768w, https:\/\/www.ufsm.br\/app\/uploads\/sites\/964\/2025\/10\/WhatsApp-Image-2025-10-18-at-12.35.09-2-e1761072706164.jpeg 1525w\" sizes=\"(max-width: 1024px) 100vw, 1024px\" \/>\t\t\t\t\t\t\t\t\t\t\t<figcaption class=\"widget-image-caption wp-caption-text\">As participantes do Energizando a equidade conheceram a vice-reitora, Martha Adaime<\/figcaption>\n\t\t\t\t\t\t\t\t\t\t<\/figure>\n\t\t\t\t\t\t\t<\/div>\n\t\t\t\t<\/div>\n\t\t\t\t\t<\/div>\n\t\t<\/div>\n\t\t\t\t\t<\/div>\n\t\t<\/section>\n\t\t\t\t<section class=\"elementor-section elementor-top-section elementor-element elementor-element-df60229 elementor-section-boxed elementor-section-height-default elementor-section-height-default\" data-id=\"df60229\" data-element_type=\"section\">\n\t\t\t\t\t\t<div class=\"elementor-container elementor-column-gap-default\">\n\t\t\t\t\t<div class=\"elementor-column elementor-col-100 elementor-top-column elementor-element elementor-element-32bf22a\" data-id=\"32bf22a\" data-element_type=\"column\">\n\t\t\t<div class=\"elementor-widget-wrap elementor-element-populated\">\n\t\t\t\t\t\t<div class=\"elementor-element elementor-element-44e55a5 elementor-widget elementor-widget-text-editor\" data-id=\"44e55a5\" data-element_type=\"widget\" data-widget_type=\"text-editor.default\">\n\t\t\t\t<div class=\"elementor-widget-container\">\n\t\t\t\t\t\t\t<p><span style=\"font-weight: 400\">As participantes dos projetos do GuriasTec, como o FormA\u00e7\u00e3o, Casa em n\u00fameros e Gurias_Com puderam compartilhar suas hist\u00f3rias, inspira\u00e7\u00f5es e oportunidades nas \u00e1reas de interesse e as atividades realizadas. O objetivo da oficina era fazer com que as gurias pudessem se ver e ocupar o espa\u00e7o da universidade, entender os estere\u00f3tipos da mulher na ci\u00eancia e a sub-representa\u00e7\u00e3o nas \u00e1reas de exatas e tecnologia e quais os efeitos disso na sociedade.<\/span><\/p>\t\t\t\t\t\t<\/div>\n\t\t\t\t<\/div>\n\t\t\t\t\t<\/div>\n\t\t<\/div>\n\t\t\t\t\t<\/div>\n\t\t<\/section>\n\t\t\t\t<section class=\"elementor-section elementor-top-section elementor-element elementor-element-4d959f7 elementor-section-boxed elementor-section-height-default elementor-section-height-default\" data-id=\"4d959f7\" data-element_type=\"section\">\n\t\t\t\t\t\t<div class=\"elementor-container elementor-column-gap-default\">\n\t\t\t\t\t<div class=\"elementor-column elementor-col-100 elementor-top-column elementor-element elementor-element-8c22525\" data-id=\"8c22525\" data-element_type=\"column\">\n\t\t\t<div class=\"elementor-widget-wrap elementor-element-populated\">\n\t\t\t\t\t\t<div class=\"elementor-element elementor-element-af1ad2f elementor-widget elementor-widget-image\" data-id=\"af1ad2f\" data-element_type=\"widget\" data-widget_type=\"image.default\">\n\t\t\t\t<div class=\"elementor-widget-container\">\n\t\t\t\t\t\t\t\t\t\t<figure class=\"wp-caption\">\n\t\t\t\t\t\t\t\t\t\t<img decoding=\"async\" width=\"1024\" height=\"552\" src=\"https:\/\/www.ufsm.br\/app\/uploads\/sites\/964\/2025\/10\/WhatsApp-Image-2025-10-20-at-10.44.07-e1761072845789-1024x552.jpeg\" class=\"attachment-large size-large wp-image-288\" alt=\"\" srcset=\"https:\/\/www.ufsm.br\/app\/uploads\/sites\/964\/2025\/10\/WhatsApp-Image-2025-10-20-at-10.44.07-e1761072845789-1024x552.jpeg 1024w, https:\/\/www.ufsm.br\/app\/uploads\/sites\/964\/2025\/10\/WhatsApp-Image-2025-10-20-at-10.44.07-e1761072845789-300x162.jpeg 300w, https:\/\/www.ufsm.br\/app\/uploads\/sites\/964\/2025\/10\/WhatsApp-Image-2025-10-20-at-10.44.07-e1761072845789-768x414.jpeg 768w, https:\/\/www.ufsm.br\/app\/uploads\/sites\/964\/2025\/10\/WhatsApp-Image-2025-10-20-at-10.44.07-e1761072845789.jpeg 1212w\" sizes=\"(max-width: 1024px) 100vw, 1024px\" \/>\t\t\t\t\t\t\t\t\t\t\t<figcaption class=\"widget-image-caption wp-caption-text\">Participantes dos dois projetos puderam apresentar suas percep\u00e7\u00f5es sobre equidade de g\u00eanero<\/figcaption>\n\t\t\t\t\t\t\t\t\t\t<\/figure>\n\t\t\t\t\t\t\t<\/div>\n\t\t\t\t<\/div>\n\t\t\t\t\t<\/div>\n\t\t<\/div>\n\t\t\t\t\t<\/div>\n\t\t<\/section>\n\t\t\t\t<section class=\"elementor-section elementor-top-section elementor-element elementor-element-b3db80d elementor-section-boxed elementor-section-height-default elementor-section-height-default\" data-id=\"b3db80d\" data-element_type=\"section\">\n\t\t\t\t\t\t<div class=\"elementor-container elementor-column-gap-default\">\n\t\t\t\t\t<div class=\"elementor-column elementor-col-100 elementor-top-column elementor-element elementor-element-07aa712\" data-id=\"07aa712\" data-element_type=\"column\">\n\t\t\t<div class=\"elementor-widget-wrap elementor-element-populated\">\n\t\t\t\t\t\t<div class=\"elementor-element elementor-element-672a3ed elementor-widget elementor-widget-text-editor\" data-id=\"672a3ed\" data-element_type=\"widget\" data-widget_type=\"text-editor.default\">\n\t\t\t\t<div class=\"elementor-widget-container\">\n\t\t\t\t\t\t\t<p><span style=\"font-weight: 400\">Ao final, todas participaram de uma din\u00e2mica sobre a equidade intitulada \u201cD\u00ea um passo \u00e0 frente\u2026\u201d. Al\u00e9m disso, a atividade come\u00e7ou pelo encontro com a atual vice-reitora e reitora eleita da UFSM, Martha Adaime, no Gabinete da Reitoria. As alunas puderam conhecer o ambiente e a trajet\u00f3ria de lideran\u00e7a feminina na universidade. Acompanhe as p\u00e1ginas dos grupos para as demais a\u00e7\u00f5es.<\/span><\/p><p>Instagram <span style=\"font-weight: 400\">Energizando: @energizandoaequidade<\/span><\/p><p><span style=\"font-weight: 400\">Instagram GuriasTec: @guriastecufsm<\/span><\/p>\t\t\t\t\t\t<\/div>\n\t\t\t\t<\/div>\n\t\t\t\t\t<\/div>\n\t\t<\/div>\n\t\t\t\t\t<\/div>\n\t\t<\/section>\n\t\t\t\t<section class=\"elementor-section elementor-top-section elementor-element elementor-element-04631c9 elementor-section-boxed elementor-section-height-default elementor-section-height-default\" data-id=\"04631c9\" data-element_type=\"section\">\n\t\t\t\t\t\t<div class=\"elementor-container elementor-column-gap-default\">\n\t\t\t\t\t<div class=\"elementor-column elementor-col-100 elementor-top-column elementor-element elementor-element-5c17e25\" data-id=\"5c17e25\" data-element_type=\"column\">\n\t\t\t<div class=\"elementor-widget-wrap elementor-element-populated\">\n\t\t\t\t\t\t<div class=\"elementor-element elementor-element-392b729 elementor-widget elementor-widget-image\" data-id=\"392b729\" data-element_type=\"widget\" data-widget_type=\"image.default\">\n\t\t\t\t<div class=\"elementor-widget-container\">\n\t\t\t\t\t\t\t\t\t\t<figure class=\"wp-caption\">\n\t\t\t\t\t\t\t\t\t\t<img loading=\"lazy\" decoding=\"async\" width=\"1024\" height=\"678\" src=\"https:\/\/www.ufsm.br\/app\/uploads\/sites\/964\/2025\/10\/WhatsApp-Image-2025-10-17-at-19.06.46-1-e1761072965173-1024x678.jpeg\" class=\"attachment-large size-large wp-image-289\" alt=\"\" srcset=\"https:\/\/www.ufsm.br\/app\/uploads\/sites\/964\/2025\/10\/WhatsApp-Image-2025-10-17-at-19.06.46-1-e1761072965173-1024x678.jpeg 1024w, https:\/\/www.ufsm.br\/app\/uploads\/sites\/964\/2025\/10\/WhatsApp-Image-2025-10-17-at-19.06.46-1-e1761072965173-300x199.jpeg 300w, https:\/\/www.ufsm.br\/app\/uploads\/sites\/964\/2025\/10\/WhatsApp-Image-2025-10-17-at-19.06.46-1-e1761072965173-768x508.jpeg 768w, https:\/\/www.ufsm.br\/app\/uploads\/sites\/964\/2025\/10\/WhatsApp-Image-2025-10-17-at-19.06.46-1-e1761072965173.jpeg 1136w\" sizes=\"(max-width: 1024px) 100vw, 1024px\" \/>\t\t\t\t\t\t\t\t\t\t\t<figcaption class=\"widget-image-caption wp-caption-text\">As participantes dos projetos participaram de uma din\u00e2mica<\/figcaption>\n\t\t\t\t\t\t\t\t\t\t<\/figure>\n\t\t\t\t\t\t\t<\/div>\n\t\t\t\t<\/div>\n\t\t\t\t\t<\/div>\n\t\t<\/div>\n\t\t\t\t\t<\/div>\n\t\t<\/section>\n\t\t\t\t<section class=\"elementor-section elementor-top-section elementor-element elementor-element-7e16439 elementor-section-boxed elementor-section-height-default elementor-section-height-default\" data-id=\"7e16439\" data-element_type=\"section\">\n\t\t\t\t\t\t<div class=\"elementor-container elementor-column-gap-default\">\n\t\t\t\t\t<div class=\"elementor-column elementor-col-100 elementor-top-column elementor-element elementor-element-0d8116a\" data-id=\"0d8116a\" data-element_type=\"column\">\n\t\t\t<div class=\"elementor-widget-wrap elementor-element-populated\">\n\t\t\t\t\t\t<div class=\"elementor-element elementor-element-53d8d3c elementor-widget elementor-widget-text-editor\" data-id=\"53d8d3c\" data-element_type=\"widget\" data-widget_type=\"text-editor.default\">\n\t\t\t\t<div class=\"elementor-widget-container\">\n\t\t\t\t\t\t\t<p><strong>Expediente:<\/strong><\/p><p><span style=\"font-weight: 400\">Not\u00edcia e fotografias: <\/span><i><span style=\"font-weight: 400\">Luciana Mendes<\/span><\/i><\/p>\t\t\t\t\t\t<\/div>\n\t\t\t\t<\/div>\n\t\t\t\t\t<\/div>\n\t\t<\/div>\n\t\t\t\t\t<\/div>\n\t\t<\/section>\n\t\t\t\t<\/div>\n\t\t","protected":false},"excerpt":{"rendered":"<p>Atividade foi realizada no Pr\u00e9dio 9F do curso de Arquitetura<\/p>\n","protected":false},"author":8892,"featured_media":286,"comment_status":"closed","ping_status":"closed","sticky":false,"template":"","format":"standard","meta":{"footnotes":""},"categories":[9,20,2,50,1],"tags":[82,23,22,26],"class_list":["post-285","post","type-post","status-publish","format-standard","has-post-thumbnail","hentry","category-destaques","category-guriastec","category-noticias","category-reportagens-2","category-sem-categoria","tag-energizando-a-equidade","tag-genero","tag-guriastec","tag-meninas-na-ciencia"],"acf":[],"_links":{"self":[{"href":"https:\/\/www.ufsm.br\/projetos\/extensao\/guriastec\/wp-json\/wp\/v2\/posts\/285","targetHints":{"allow":["GET"]}}],"collection":[{"href":"https:\/\/www.ufsm.br\/projetos\/extensao\/guriastec\/wp-json\/wp\/v2\/posts"}],"about":[{"href":"https:\/\/www.ufsm.br\/projetos\/extensao\/guriastec\/wp-json\/wp\/v2\/types\/post"}],"author":[{"embeddable":true,"href":"https:\/\/www.ufsm.br\/projetos\/extensao\/guriastec\/wp-json\/wp\/v2\/users\/8892"}],"replies":[{"embeddable":true,"href":"https:\/\/www.ufsm.br\/projetos\/extensao\/guriastec\/wp-json\/wp\/v2\/comments?post=285"}],"version-history":[{"count":0,"href":"https:\/\/www.ufsm.br\/projetos\/extensao\/guriastec\/wp-json\/wp\/v2\/posts\/285\/revisions"}],"wp:featuredmedia":[{"embeddable":true,"href":"https:\/\/www.ufsm.br\/projetos\/extensao\/guriastec\/wp-json\/wp\/v2\/media\/286"}],"wp:attachment":[{"href":"https:\/\/www.ufsm.br\/projetos\/extensao\/guriastec\/wp-json\/wp\/v2\/media?parent=285"}],"wp:term":[{"taxonomy":"category","embeddable":true,"href":"https:\/\/www.ufsm.br\/projetos\/extensao\/guriastec\/wp-json\/wp\/v2\/categories?post=285"},{"taxonomy":"post_tag","embeddable":true,"href":"https:\/\/www.ufsm.br\/projetos\/extensao\/guriastec\/wp-json\/wp\/v2\/tags?post=285"}],"curies":[{"name":"wp","href":"https:\/\/api.w.org\/{rel}","templated":true}]}}