{"id":441,"date":"2026-08-31T15:16:51","date_gmt":"2026-08-31T18:16:51","guid":{"rendered":"https:\/\/www.ufsm.br\/projetos\/extensao\/guriastec\/?p=441"},"modified":"2026-08-31T15:20:12","modified_gmt":"2026-08-31T18:20:12","slug":"guriastec-lanca-primeiro-episodio-da-terceira-temporada-do-seu-podcast","status":"publish","type":"post","link":"https:\/\/www.ufsm.br\/projetos\/extensao\/guriastec\/2026\/08\/31\/guriastec-lanca-primeiro-episodio-da-terceira-temporada-do-seu-podcast","title":{"rendered":"GuriasTec lan\u00e7a primeiro epis\u00f3dio da terceira temporada do seu PodCast"},"content":{"rendered":"\t\t<div data-elementor-type=\"wp-post\" data-elementor-id=\"441\" class=\"elementor elementor-441\">\n\t\t\t\t\t\t<section class=\"elementor-section elementor-top-section elementor-element elementor-element-43119f9e elementor-section-boxed elementor-section-height-default elementor-section-height-default\" data-id=\"43119f9e\" data-element_type=\"section\">\n\t\t\t\t\t\t<div class=\"elementor-container elementor-column-gap-default\">\n\t\t\t\t\t<div class=\"elementor-column elementor-col-100 elementor-top-column elementor-element elementor-element-607f0c9d\" data-id=\"607f0c9d\" data-element_type=\"column\">\n\t\t\t<div class=\"elementor-widget-wrap elementor-element-populated\">\n\t\t\t\t\t\t<div class=\"elementor-element elementor-element-26cfe34a elementor-widget elementor-widget-text-editor\" data-id=\"26cfe34a\" data-element_type=\"widget\" data-widget_type=\"text-editor.default\">\n\t\t\t\t<div class=\"elementor-widget-container\">\n\t\t\t\t\t\t\t<!-- wp:tadv\/classic-paragraph -->\n<p><span style=\"font-weight: 400\">Na \u00faltima sexta-feira, 28 de agosto, o projeto GuriasTec lan\u00e7ou o primeiro epis\u00f3dio da terceira temporada do GuriasTec PodCast. O epis\u00f3dio abordou temas como lideran\u00e7a de projetos que envolvem mulheres na ci\u00eancia, pol\u00edticas de Igualdade de G\u00eanero e sub-representa\u00e7\u00e3o feminina no trabalho. O programa recebeu a doutora e professora do Departamento de F\u00edsica da UFSM, participante do GuriasTec e coordenadora do Ci\u00eancia Pop, Dyana Duarte. Tamb\u00e9m contou com a presen\u00e7a da Administradora pela Universidade norte do Paran\u00e1, mestranda em sa\u00fade coletiva pela UFSM e Chefe da Casa Ver\u00f4nica, Bruna Denkin.<\/span><\/p>\n<!-- \/wp:tadv\/classic-paragraph -->\t\t\t\t\t\t<\/div>\n\t\t\t\t<\/div>\n\t\t\t\t\t<\/div>\n\t\t<\/div>\n\t\t\t\t\t<\/div>\n\t\t<\/section>\n\t\t\t\t<section class=\"elementor-section elementor-top-section elementor-element elementor-element-1c2f2bb elementor-section-boxed elementor-section-height-default elementor-section-height-default\" data-id=\"1c2f2bb\" data-element_type=\"section\">\n\t\t\t\t\t\t<div class=\"elementor-container elementor-column-gap-default\">\n\t\t\t\t\t<div class=\"elementor-column elementor-col-100 elementor-top-column elementor-element elementor-element-8da5751\" data-id=\"8da5751\" data-element_type=\"column\">\n\t\t\t<div class=\"elementor-widget-wrap elementor-element-populated\">\n\t\t\t\t\t\t<div class=\"elementor-element elementor-element-d72794a elementor-widget elementor-widget-image\" data-id=\"d72794a\" data-element_type=\"widget\" data-widget_type=\"image.default\">\n\t\t\t\t<div class=\"elementor-widget-container\">\n\t\t\t\t\t\t\t\t\t\t<figure class=\"wp-caption\">\n\t\t\t\t\t\t\t\t\t\t<img fetchpriority=\"high\" decoding=\"async\" width=\"768\" height=\"576\" src=\"https:\/\/www.ufsm.br\/app\/uploads\/sites\/964\/2026\/08\/WhatsApp-Image-2026-08-31-at-15.12.47-768x576.jpeg\" class=\"attachment-medium_large size-medium_large wp-image-442\" alt=\"\" srcset=\"https:\/\/www.ufsm.br\/app\/uploads\/sites\/964\/2026\/08\/WhatsApp-Image-2026-08-31-at-15.12.47-768x576.jpeg 768w, https:\/\/www.ufsm.br\/app\/uploads\/sites\/964\/2026\/08\/WhatsApp-Image-2026-08-31-at-15.12.47-300x225.jpeg 300w, https:\/\/www.ufsm.br\/app\/uploads\/sites\/964\/2026\/08\/WhatsApp-Image-2026-08-31-at-15.12.47-1024x768.jpeg 1024w, https:\/\/www.ufsm.br\/app\/uploads\/sites\/964\/2026\/08\/WhatsApp-Image-2026-08-31-at-15.12.47.jpeg 1280w\" sizes=\"(max-width: 768px) 100vw, 768px\" \/>\t\t\t\t\t\t\t\t\t\t\t<figcaption class=\"widget-image-caption wp-caption-text\">Dyana Duarte, Luciana Mendes e Bruna Denkin<\/figcaption>\n\t\t\t\t\t\t\t\t\t\t<\/figure>\n\t\t\t\t\t\t\t<\/div>\n\t\t\t\t<\/div>\n\t\t\t\t\t<\/div>\n\t\t<\/div>\n\t\t\t\t\t<\/div>\n\t\t<\/section>\n\t\t\t\t<section class=\"elementor-section elementor-top-section elementor-element elementor-element-946ba18 elementor-section-boxed elementor-section-height-default elementor-section-height-default\" data-id=\"946ba18\" data-element_type=\"section\">\n\t\t\t\t\t\t<div class=\"elementor-container elementor-column-gap-default\">\n\t\t\t\t\t<div class=\"elementor-column elementor-col-100 elementor-top-column elementor-element elementor-element-ab2dab5\" data-id=\"ab2dab5\" data-element_type=\"column\">\n\t\t\t<div class=\"elementor-widget-wrap elementor-element-populated\">\n\t\t\t\t\t\t<div class=\"elementor-element elementor-element-b82054d elementor-widget elementor-widget-text-editor\" data-id=\"b82054d\" data-element_type=\"widget\" data-widget_type=\"text-editor.default\">\n\t\t\t\t<div class=\"elementor-widget-container\">\n\t\t\t\t\t\t\t<p><span style=\"font-weight: 400\">A terceira temporada do GuriasTec PodCast conta com a participa\u00e7\u00e3o de mulheres representando projetos para meninas e mulheres na ci\u00eancia. O roteiro, apresenta\u00e7\u00e3o e edi\u00e7\u00e3o s\u00e3o feitos pela bolsista de divulga\u00e7\u00e3o cient\u00edfica do projeto e radialista, Luciana Mendes. Os epis\u00f3dios v\u00e3o ao ar sempre na \u00faltima semana de cada m\u00eas<\/span><span style=\"font-weight: 400\">.<\/span><span style=\"font-weight: 400\">\u00a0<\/span><\/p>\t\t\t\t\t\t<\/div>\n\t\t\t\t<\/div>\n\t\t\t\t\t<\/div>\n\t\t<\/div>\n\t\t\t\t\t<\/div>\n\t\t<\/section>\n\t\t\t\t<section class=\"elementor-section elementor-top-section elementor-element elementor-element-bb00942 elementor-section-boxed elementor-section-height-default elementor-section-height-default\" data-id=\"bb00942\" data-element_type=\"section\">\n\t\t\t\t\t\t<div class=\"elementor-container elementor-column-gap-default\">\n\t\t\t\t\t<div class=\"elementor-column elementor-col-100 elementor-top-column elementor-element elementor-element-b5e573d\" data-id=\"b5e573d\" data-element_type=\"column\">\n\t\t\t<div class=\"elementor-widget-wrap elementor-element-populated\">\n\t\t\t\t\t\t<div class=\"elementor-element elementor-element-5b434da elementor-widget elementor-widget-text-editor\" data-id=\"5b434da\" data-element_type=\"widget\" data-widget_type=\"text-editor.default\">\n\t\t\t\t<div class=\"elementor-widget-container\">\n\t\t\t\t\t\t\t<p><span style=\"font-weight: 400\">O epis\u00f3dio j\u00e1 est\u00e1 dispon\u00edvel nas plataformas Deezer e Spotify nos links abaixo.<\/span><\/p>\n<p><iframe title=\"Spotify Embed: Ep.01 Temp.03#Meninas e mulheres na Ci\u00eancia\" style=\"border-radius: 12px\" width=\"100%\" height=\"152\" frameborder=\"0\" allowfullscreen allow=\"autoplay; clipboard-write; encrypted-media; fullscreen; picture-in-picture\" loading=\"lazy\" src=\"https:\/\/open.spotify.com\/embed\/episode\/1OYGlk2YMjwIW5ydk4E5Jy?si=149c15493f5c4595&amp;utm_source=oembed\"><\/iframe><\/p>\n<p>https:\/\/link.deezer.com\/s\/34gPvvRo9CeLYxYFFYm7n<\/p>\t\t\t\t\t\t<\/div>\n\t\t\t\t<\/div>\n\t\t\t\t\t<\/div>\n\t\t<\/div>\n\t\t\t\t\t<\/div>\n\t\t<\/section>\n\t\t\t\t<section class=\"elementor-section elementor-top-section elementor-element elementor-element-d50d5ec elementor-section-boxed elementor-section-height-default elementor-section-height-default\" data-id=\"d50d5ec\" data-element_type=\"section\">\n\t\t\t\t\t\t<div class=\"elementor-container elementor-column-gap-default\">\n\t\t\t\t\t<div class=\"elementor-column elementor-col-100 elementor-top-column elementor-element elementor-element-e8c3a41\" data-id=\"e8c3a41\" data-element_type=\"column\">\n\t\t\t<div class=\"elementor-widget-wrap elementor-element-populated\">\n\t\t\t\t\t\t<div class=\"elementor-element elementor-element-7d52440 elementor-widget elementor-widget-text-editor\" data-id=\"7d52440\" data-element_type=\"widget\" data-widget_type=\"text-editor.default\">\n\t\t\t\t<div class=\"elementor-widget-container\">\n\t\t\t\t\t\t\t<p><b>Expediente:<\/b><\/p>\n<p><i><span style=\"font-weight: 400\">Not\u00edcia e fotos: Marina Goularte Marques<\/span><\/i><\/p>\t\t\t\t\t\t<\/div>\n\t\t\t\t<\/div>\n\t\t\t\t\t<\/div>\n\t\t<\/div>\n\t\t\t\t\t<\/div>\n\t\t<\/section>\n\t\t\t\t<\/div>\n\t\t","protected":false},"excerpt":{"rendered":"<p>Programa impulsiona meninas e mulheres na Ci\u00eancia<\/p>\n","protected":false},"author":9673,"featured_media":442,"comment_status":"closed","ping_status":"closed","sticky":false,"template":"","format":"standard","meta":{"footnotes":""},"categories":[101,20,2],"tags":[22,27,63],"class_list":["post-441","post","type-post","status-publish","format-standard","has-post-thumbnail","hentry","category-guriascom","category-guriastec","category-noticias","tag-guriastec","tag-mulheres-na-ciencia","tag-podcast"],"acf":[],"_links":{"self":[{"href":"https:\/\/www.ufsm.br\/projetos\/extensao\/guriastec\/wp-json\/wp\/v2\/posts\/441","targetHints":{"allow":["GET"]}}],"collection":[{"href":"https:\/\/www.ufsm.br\/projetos\/extensao\/guriastec\/wp-json\/wp\/v2\/posts"}],"about":[{"href":"https:\/\/www.ufsm.br\/projetos\/extensao\/guriastec\/wp-json\/wp\/v2\/types\/post"}],"author":[{"embeddable":true,"href":"https:\/\/www.ufsm.br\/projetos\/extensao\/guriastec\/wp-json\/wp\/v2\/users\/9673"}],"replies":[{"embeddable":true,"href":"https:\/\/www.ufsm.br\/projetos\/extensao\/guriastec\/wp-json\/wp\/v2\/comments?post=441"}],"version-history":[{"count":0,"href":"https:\/\/www.ufsm.br\/projetos\/extensao\/guriastec\/wp-json\/wp\/v2\/posts\/441\/revisions"}],"wp:featuredmedia":[{"embeddable":true,"href":"https:\/\/www.ufsm.br\/projetos\/extensao\/guriastec\/wp-json\/wp\/v2\/media\/442"}],"wp:attachment":[{"href":"https:\/\/www.ufsm.br\/projetos\/extensao\/guriastec\/wp-json\/wp\/v2\/media?parent=441"}],"wp:term":[{"taxonomy":"category","embeddable":true,"href":"https:\/\/www.ufsm.br\/projetos\/extensao\/guriastec\/wp-json\/wp\/v2\/categories?post=441"},{"taxonomy":"post_tag","embeddable":true,"href":"https:\/\/www.ufsm.br\/projetos\/extensao\/guriastec\/wp-json\/wp\/v2\/tags?post=441"}],"curies":[{"name":"wp","href":"https:\/\/api.w.org\/{rel}","templated":true}]}}