{"id":444,"date":"2026-09-04T20:24:37","date_gmt":"2026-09-04T23:24:37","guid":{"rendered":"https:\/\/www.ufsm.br\/projetos\/extensao\/guriastec\/?p=444"},"modified":"2026-09-04T20:33:14","modified_gmt":"2026-09-04T23:33:14","slug":"projeto-formacao-realiza-workshop-na-emef-diacono-joao-luiz-pozzobon","status":"publish","type":"post","link":"https:\/\/www.ufsm.br\/projetos\/extensao\/guriastec\/2026\/09\/04\/projeto-formacao-realiza-workshop-na-emef-diacono-joao-luiz-pozzobon","title":{"rendered":"Projeto FormA\u00e7\u00e3o realiza workshop na EMEF Di\u00e1cono Jo\u00e3o Luiz Pozzobon"},"content":{"rendered":"\t\t<div data-elementor-type=\"wp-post\" data-elementor-id=\"444\" class=\"elementor elementor-444\">\n\t\t\t\t\t\t<section class=\"elementor-section elementor-top-section elementor-element elementor-element-5c547809 elementor-section-boxed elementor-section-height-default elementor-section-height-default\" data-id=\"5c547809\" data-element_type=\"section\">\n\t\t\t\t\t\t<div class=\"elementor-container elementor-column-gap-default\">\n\t\t\t\t\t<div class=\"elementor-column elementor-col-100 elementor-top-column elementor-element elementor-element-2d66d7fb\" data-id=\"2d66d7fb\" data-element_type=\"column\">\n\t\t\t<div class=\"elementor-widget-wrap elementor-element-populated\">\n\t\t\t\t\t\t<div class=\"elementor-element elementor-element-74a84150 elementor-widget elementor-widget-text-editor\" data-id=\"74a84150\" data-element_type=\"widget\" data-widget_type=\"text-editor.default\">\n\t\t\t\t<div class=\"elementor-widget-container\">\n\t\t\t\t\t\t\t<!-- wp:tadv\/classic-paragraph -->\n<p><span style=\"font-weight: 400\">Na \u00faltima ter\u00e7a-feira, 01 de setembro, o projeto FormA\u00e7\u00e3o esteve na EMEF Di\u00e1cono Jo\u00e3o Luiz Pozzobon, realizando um workshop sobre o uso de GeoGebra Online, um software de matem\u00e1tica din\u00e2mica que re\u00fane planilhas, \u00e1lgebra, gr\u00e1ficos, geometria, estat\u00edstica e c\u00e1lculo para todos os n\u00edveis de ensino. O workshop foi conduzido pelos alunos Renan Darlei Selli e \u00c1urea Elizabete Silva Falqueto, do curso de Engenharia de Telecomunica\u00e7\u00f5es.\u00a0<\/span><\/p>\n<!-- \/wp:tadv\/classic-paragraph -->\t\t\t\t\t\t<\/div>\n\t\t\t\t<\/div>\n\t\t\t\t\t<\/div>\n\t\t<\/div>\n\t\t\t\t\t<\/div>\n\t\t<\/section>\n\t\t\t\t<section class=\"elementor-section elementor-top-section elementor-element elementor-element-ab56a71 elementor-section-boxed elementor-section-height-default elementor-section-height-default\" data-id=\"ab56a71\" data-element_type=\"section\">\n\t\t\t\t\t\t<div class=\"elementor-container elementor-column-gap-default\">\n\t\t\t\t\t<div class=\"elementor-column elementor-col-100 elementor-top-column elementor-element elementor-element-0699890\" data-id=\"0699890\" data-element_type=\"column\">\n\t\t\t<div class=\"elementor-widget-wrap elementor-element-populated\">\n\t\t\t\t\t\t<div class=\"elementor-element elementor-element-563986c elementor-widget elementor-widget-image\" data-id=\"563986c\" data-element_type=\"widget\" data-widget_type=\"image.default\">\n\t\t\t\t<div class=\"elementor-widget-container\">\n\t\t\t\t\t\t\t\t\t\t<figure class=\"wp-caption\">\n\t\t\t\t\t\t\t\t\t\t<img fetchpriority=\"high\" decoding=\"async\" width=\"768\" height=\"576\" src=\"https:\/\/www.ufsm.br\/app\/uploads\/sites\/964\/2026\/09\/WhatsApp-Image-2026-09-04-at-20.23.50-768x576.jpeg\" class=\"attachment-medium_large size-medium_large wp-image-445\" alt=\"\" srcset=\"https:\/\/www.ufsm.br\/app\/uploads\/sites\/964\/2026\/09\/WhatsApp-Image-2026-09-04-at-20.23.50-768x576.jpeg 768w, https:\/\/www.ufsm.br\/app\/uploads\/sites\/964\/2026\/09\/WhatsApp-Image-2026-09-04-at-20.23.50-300x225.jpeg 300w, https:\/\/www.ufsm.br\/app\/uploads\/sites\/964\/2026\/09\/WhatsApp-Image-2026-09-04-at-20.23.50-1024x768.jpeg 1024w, https:\/\/www.ufsm.br\/app\/uploads\/sites\/964\/2026\/09\/WhatsApp-Image-2026-09-04-at-20.23.50-1536x1152.jpeg 1536w, https:\/\/www.ufsm.br\/app\/uploads\/sites\/964\/2026\/09\/WhatsApp-Image-2026-09-04-at-20.23.50.jpeg 1600w\" sizes=\"(max-width: 768px) 100vw, 768px\" \/>\t\t\t\t\t\t\t\t\t\t\t<figcaption class=\"widget-image-caption wp-caption-text\">Equipe do projeto na EMEF Di\u00e1cono Jo\u00e3o Luiz Pozzobon<\/figcaption>\n\t\t\t\t\t\t\t\t\t\t<\/figure>\n\t\t\t\t\t\t\t<\/div>\n\t\t\t\t<\/div>\n\t\t\t\t\t<\/div>\n\t\t<\/div>\n\t\t\t\t\t<\/div>\n\t\t<\/section>\n\t\t\t\t<section class=\"elementor-section elementor-top-section elementor-element elementor-element-271f421 elementor-section-boxed elementor-section-height-default elementor-section-height-default\" data-id=\"271f421\" data-element_type=\"section\">\n\t\t\t\t\t\t<div class=\"elementor-container elementor-column-gap-default\">\n\t\t\t\t\t<div class=\"elementor-column elementor-col-100 elementor-top-column elementor-element elementor-element-bf513a2\" data-id=\"bf513a2\" data-element_type=\"column\">\n\t\t\t<div class=\"elementor-widget-wrap elementor-element-populated\">\n\t\t\t\t\t\t<div class=\"elementor-element elementor-element-75c7717 elementor-widget elementor-widget-text-editor\" data-id=\"75c7717\" data-element_type=\"widget\" data-widget_type=\"text-editor.default\">\n\t\t\t\t<div class=\"elementor-widget-container\">\n\t\t\t\t\t\t\t<p><span style=\"font-weight: 400\">A atividade foi realizada com alunas bolsistas da escola junto do professor de matem\u00e1tica, Fabr\u00edcio, abordando a explora\u00e7\u00e3o da plataforma de forma interativa, como controles deslizantes e ferramentas de visualiza\u00e7\u00e3o, permitindo que as alunas desenvolvessem atividades pr\u00e1ticas nos computadores. Tamb\u00e9m\u00a0 foram abordadas constru\u00e7\u00f5es geom\u00e9tricas, como pontos, retas, segmentos e pol\u00edgonos, al\u00e9m dos conceitos de paralelismo e perpendicularidade. Os graduandos Renan e \u00c1urea relataram gostar das atividades realizadas na escola, j\u00e1 que proporcionam a oportunidade de conhecer novas ferramentas e trazem uma vis\u00e3o diferente da matem\u00e1tica, disciplina geralmente vista de forma negativa, mostrando como esses conceitos se encaixam na realidade dos alunos.\u00a0<\/span><\/p>\t\t\t\t\t\t<\/div>\n\t\t\t\t<\/div>\n\t\t\t\t\t<\/div>\n\t\t<\/div>\n\t\t\t\t\t<\/div>\n\t\t<\/section>\n\t\t\t\t<section class=\"elementor-section elementor-top-section elementor-element elementor-element-d25cfae elementor-section-boxed elementor-section-height-default elementor-section-height-default\" data-id=\"d25cfae\" data-element_type=\"section\">\n\t\t\t\t\t\t<div class=\"elementor-container elementor-column-gap-default\">\n\t\t\t\t\t<div class=\"elementor-column elementor-col-50 elementor-top-column elementor-element elementor-element-baa4e41\" data-id=\"baa4e41\" data-element_type=\"column\">\n\t\t\t<div class=\"elementor-widget-wrap elementor-element-populated\">\n\t\t\t\t\t\t<div class=\"elementor-element elementor-element-4ff1af3 elementor-widget elementor-widget-image\" data-id=\"4ff1af3\" data-element_type=\"widget\" data-widget_type=\"image.default\">\n\t\t\t\t<div class=\"elementor-widget-container\">\n\t\t\t\t\t\t\t\t\t\t<figure class=\"wp-caption\">\n\t\t\t\t\t\t\t\t\t\t<img decoding=\"async\" width=\"768\" height=\"576\" src=\"https:\/\/www.ufsm.br\/app\/uploads\/sites\/964\/2026\/09\/Captura-de-tela-2026-09-04-202636geogebra-768x576.jpg\" class=\"attachment-medium_large size-medium_large wp-image-446\" alt=\"\" srcset=\"https:\/\/www.ufsm.br\/app\/uploads\/sites\/964\/2026\/09\/Captura-de-tela-2026-09-04-202636geogebra-768x576.jpg 768w, https:\/\/www.ufsm.br\/app\/uploads\/sites\/964\/2026\/09\/Captura-de-tela-2026-09-04-202636geogebra-300x225.jpg 300w, https:\/\/www.ufsm.br\/app\/uploads\/sites\/964\/2026\/09\/Captura-de-tela-2026-09-04-202636geogebra.jpg 885w\" sizes=\"(max-width: 768px) 100vw, 768px\" \/>\t\t\t\t\t\t\t\t\t\t\t<figcaption class=\"widget-image-caption wp-caption-text\">Atividade sendo conduzida por alunos do curso de Engenharia de Telecomunica\u00e7\u00f5es<\/figcaption>\n\t\t\t\t\t\t\t\t\t\t<\/figure>\n\t\t\t\t\t\t\t<\/div>\n\t\t\t\t<\/div>\n\t\t\t\t\t<\/div>\n\t\t<\/div>\n\t\t\t\t<div class=\"elementor-column elementor-col-50 elementor-top-column elementor-element elementor-element-3727dec\" data-id=\"3727dec\" data-element_type=\"column\">\n\t\t\t<div class=\"elementor-widget-wrap elementor-element-populated\">\n\t\t\t\t\t\t<div class=\"elementor-element elementor-element-7aa42df elementor-widget elementor-widget-image\" data-id=\"7aa42df\" data-element_type=\"widget\" data-widget_type=\"image.default\">\n\t\t\t\t<div class=\"elementor-widget-container\">\n\t\t\t\t\t\t\t\t\t\t<figure class=\"wp-caption\">\n\t\t\t\t\t\t\t\t\t\t<img decoding=\"async\" width=\"768\" height=\"576\" src=\"https:\/\/www.ufsm.br\/app\/uploads\/sites\/964\/2026\/09\/Captura-de-tela-2026-09-04-202603-768x576.jpg\" class=\"attachment-medium_large size-medium_large wp-image-448\" alt=\"\" srcset=\"https:\/\/www.ufsm.br\/app\/uploads\/sites\/964\/2026\/09\/Captura-de-tela-2026-09-04-202603-768x576.jpg 768w, https:\/\/www.ufsm.br\/app\/uploads\/sites\/964\/2026\/09\/Captura-de-tela-2026-09-04-202603-300x225.jpg 300w, https:\/\/www.ufsm.br\/app\/uploads\/sites\/964\/2026\/09\/Captura-de-tela-2026-09-04-202603.jpg 905w\" sizes=\"(max-width: 768px) 100vw, 768px\" \/>\t\t\t\t\t\t\t\t\t\t\t<figcaption class=\"widget-image-caption wp-caption-text\">Workshop mediado por \u00c1urea e Renan<\/figcaption>\n\t\t\t\t\t\t\t\t\t\t<\/figure>\n\t\t\t\t\t\t\t<\/div>\n\t\t\t\t<\/div>\n\t\t\t\t\t<\/div>\n\t\t<\/div>\n\t\t\t\t\t<\/div>\n\t\t<\/section>\n\t\t\t\t<section class=\"elementor-section elementor-top-section elementor-element elementor-element-eb769c1 elementor-section-boxed elementor-section-height-default elementor-section-height-default\" data-id=\"eb769c1\" data-element_type=\"section\">\n\t\t\t\t\t\t<div class=\"elementor-container elementor-column-gap-default\">\n\t\t\t\t\t<div class=\"elementor-column elementor-col-100 elementor-top-column elementor-element elementor-element-8116af2\" data-id=\"8116af2\" data-element_type=\"column\">\n\t\t\t<div class=\"elementor-widget-wrap elementor-element-populated\">\n\t\t\t\t\t\t<div class=\"elementor-element elementor-element-4a59f0b elementor-widget elementor-widget-text-editor\" data-id=\"4a59f0b\" data-element_type=\"widget\" data-widget_type=\"text-editor.default\">\n\t\t\t\t<div class=\"elementor-widget-container\">\n\t\t\t\t\t\t\t<p><span style=\"font-weight: 400\">As a\u00e7\u00f5es usam os conceitos da \u00e1rea na solu\u00e7\u00e3o de problemas cotidianos em v\u00e1rias \u00e1reas, como tomadas de energia, aparelhos de ultrassonografia e batimentos card\u00edacos. Iniciativas como essas buscam associar os conte\u00fados j\u00e1 vistos em sala de aula com as pr\u00e1ticas da \u00e1rea STEM, construindo uma rela\u00e7\u00e3o de pertencimento com a \u00e1rea e aproximando a comunidade escolar da Universidade.<\/span><\/p>\t\t\t\t\t\t<\/div>\n\t\t\t\t<\/div>\n\t\t\t\t\t<\/div>\n\t\t<\/div>\n\t\t\t\t\t<\/div>\n\t\t<\/section>\n\t\t\t\t<section class=\"elementor-section elementor-top-section elementor-element elementor-element-fb82f12 elementor-section-boxed elementor-section-height-default elementor-section-height-default\" data-id=\"fb82f12\" data-element_type=\"section\">\n\t\t\t\t\t\t<div class=\"elementor-container elementor-column-gap-default\">\n\t\t\t\t\t<div class=\"elementor-column elementor-col-100 elementor-top-column elementor-element elementor-element-7a66ae8\" data-id=\"7a66ae8\" data-element_type=\"column\">\n\t\t\t<div class=\"elementor-widget-wrap elementor-element-populated\">\n\t\t\t\t\t\t<div class=\"elementor-element elementor-element-11f5d84 elementor-widget elementor-widget-text-editor\" data-id=\"11f5d84\" data-element_type=\"widget\" data-widget_type=\"text-editor.default\">\n\t\t\t\t<div class=\"elementor-widget-container\">\n\t\t\t\t\t\t\t<p><strong><em>Expediente:<\/em><\/strong><\/p>\n<p><em>Not\u00edcia: Marina Goularte Marques<\/em><\/p>\n<p><em>Fotos: Luciana Mendes<\/em><\/p>\t\t\t\t\t\t<\/div>\n\t\t\t\t<\/div>\n\t\t\t\t\t<\/div>\n\t\t<\/div>\n\t\t\t\t\t<\/div>\n\t\t<\/section>\n\t\t\t\t<\/div>\n\t\t","protected":false},"excerpt":{"rendered":"<p>A atividade foi realizada com alunas bolsistas da escola<\/p>\n","protected":false},"author":9673,"featured_media":445,"comment_status":"closed","ping_status":"closed","sticky":false,"template":"","format":"standard","meta":{"footnotes":""},"categories":[102,110,20,2],"tags":[29,111,34,22,26],"class_list":["post-444","post","type-post","status-publish","format-standard","has-post-thumbnail","hentry","category-escolas","category-formacao","category-guriastec","category-noticias","tag-bolsistas","tag-engenharia","tag-escolas","tag-guriastec","tag-meninas-na-ciencia"],"acf":[],"_links":{"self":[{"href":"https:\/\/www.ufsm.br\/projetos\/extensao\/guriastec\/wp-json\/wp\/v2\/posts\/444","targetHints":{"allow":["GET"]}}],"collection":[{"href":"https:\/\/www.ufsm.br\/projetos\/extensao\/guriastec\/wp-json\/wp\/v2\/posts"}],"about":[{"href":"https:\/\/www.ufsm.br\/projetos\/extensao\/guriastec\/wp-json\/wp\/v2\/types\/post"}],"author":[{"embeddable":true,"href":"https:\/\/www.ufsm.br\/projetos\/extensao\/guriastec\/wp-json\/wp\/v2\/users\/9673"}],"replies":[{"embeddable":true,"href":"https:\/\/www.ufsm.br\/projetos\/extensao\/guriastec\/wp-json\/wp\/v2\/comments?post=444"}],"version-history":[{"count":0,"href":"https:\/\/www.ufsm.br\/projetos\/extensao\/guriastec\/wp-json\/wp\/v2\/posts\/444\/revisions"}],"wp:featuredmedia":[{"embeddable":true,"href":"https:\/\/www.ufsm.br\/projetos\/extensao\/guriastec\/wp-json\/wp\/v2\/media\/445"}],"wp:attachment":[{"href":"https:\/\/www.ufsm.br\/projetos\/extensao\/guriastec\/wp-json\/wp\/v2\/media?parent=444"}],"wp:term":[{"taxonomy":"category","embeddable":true,"href":"https:\/\/www.ufsm.br\/projetos\/extensao\/guriastec\/wp-json\/wp\/v2\/categories?post=444"},{"taxonomy":"post_tag","embeddable":true,"href":"https:\/\/www.ufsm.br\/projetos\/extensao\/guriastec\/wp-json\/wp\/v2\/tags?post=444"}],"curies":[{"name":"wp","href":"https:\/\/api.w.org\/{rel}","templated":true}]}}