{"id":204,"date":"2024-04-15T14:50:46","date_gmt":"2024-04-15T17:50:46","guid":{"rendered":"https:\/\/www.ufsm.br\/projetos\/extensao\/memorial-kiss\/?p=204"},"modified":"2024-08-26T10:23:17","modified_gmt":"2024-08-26T13:23:17","slug":"equipe","status":"publish","type":"post","link":"https:\/\/www.ufsm.br\/projetos\/extensao\/memorial-kiss\/2024\/04\/15\/equipe","title":{"rendered":"Equipe"},"content":{"rendered":"\t\t<div data-elementor-type=\"wp-post\" data-elementor-id=\"204\" class=\"elementor elementor-204\">\n\t\t\t\t\t\t<section class=\"elementor-section elementor-top-section elementor-element elementor-element-451ecab elementor-section-boxed elementor-section-height-default elementor-section-height-default\" data-id=\"451ecab\" data-element_type=\"section\">\n\t\t\t\t\t\t<div class=\"elementor-container elementor-column-gap-default\">\n\t\t\t\t\t<div class=\"elementor-column elementor-col-100 elementor-top-column elementor-element elementor-element-66e1b30\" data-id=\"66e1b30\" data-element_type=\"column\">\n\t\t\t<div class=\"elementor-widget-wrap elementor-element-populated\">\n\t\t\t\t\t\t<div class=\"elementor-element elementor-element-963149d elementor-widget elementor-widget-image\" data-id=\"963149d\" data-element_type=\"widget\" data-widget_type=\"image.default\">\n\t\t\t\t<div class=\"elementor-widget-container\">\n\t\t\t\t\t\t\t\t\t\t\t\t\t<img fetchpriority=\"high\" decoding=\"async\" width=\"1024\" height=\"270\" src=\"https:\/\/www.ufsm.br\/app\/uploads\/sites\/926\/2024\/04\/3.jpg\" class=\"attachment-full size-full wp-image-260\" alt=\"\" srcset=\"https:\/\/www.ufsm.br\/app\/uploads\/sites\/926\/2024\/04\/3.jpg 1024w, https:\/\/www.ufsm.br\/app\/uploads\/sites\/926\/2024\/04\/3-300x79.jpg 300w, https:\/\/www.ufsm.br\/app\/uploads\/sites\/926\/2024\/04\/3-768x203.jpg 768w\" sizes=\"(max-width: 1024px) 100vw, 1024px\" \/>\t\t\t\t\t\t\t\t\t\t\t\t\t<\/div>\n\t\t\t\t<\/div>\n\t\t\t\t<div class=\"elementor-element elementor-element-ebcdca3 elementor-widget elementor-widget-image\" data-id=\"ebcdca3\" data-element_type=\"widget\" data-widget_type=\"image.default\">\n\t\t\t\t<div class=\"elementor-widget-container\">\n\t\t\t\t\t\t\t\t\t\t\t\t\t<img decoding=\"async\" width=\"1024\" height=\"270\" src=\"https:\/\/www.ufsm.br\/app\/uploads\/sites\/926\/2024\/04\/BANNERS-SITE-1.jpg\" class=\"attachment-full size-full wp-image-324\" alt=\"\" srcset=\"https:\/\/www.ufsm.br\/app\/uploads\/sites\/926\/2024\/04\/BANNERS-SITE-1.jpg 1024w, https:\/\/www.ufsm.br\/app\/uploads\/sites\/926\/2024\/04\/BANNERS-SITE-1-300x79.jpg 300w, https:\/\/www.ufsm.br\/app\/uploads\/sites\/926\/2024\/04\/BANNERS-SITE-1-768x203.jpg 768w\" sizes=\"(max-width: 1024px) 100vw, 1024px\" \/>\t\t\t\t\t\t\t\t\t\t\t\t\t<\/div>\n\t\t\t\t<\/div>\n\t\t\t\t\t<\/div>\n\t\t<\/div>\n\t\t\t\t\t<\/div>\n\t\t<\/section>\n\t\t\t\t<section class=\"elementor-section elementor-top-section elementor-element elementor-element-51336c7 elementor-section-boxed elementor-section-height-default elementor-section-height-default\" data-id=\"51336c7\" data-element_type=\"section\">\n\t\t\t\t\t\t<div class=\"elementor-container elementor-column-gap-default\">\n\t\t\t\t\t<div class=\"elementor-column elementor-col-100 elementor-top-column elementor-element elementor-element-3c5fa5a6\" data-id=\"3c5fa5a6\" data-element_type=\"column\">\n\t\t\t<div class=\"elementor-widget-wrap elementor-element-populated\">\n\t\t\t\t\t\t<div class=\"elementor-element elementor-element-8bab13a elementor-widget__width-initial elementor-widget elementor-widget-text-editor\" data-id=\"8bab13a\" data-element_type=\"widget\" data-widget_type=\"text-editor.default\">\n\t\t\t\t<div class=\"elementor-widget-container\">\n\t\t\t\t\t\t\t<p style=\"text-align: center\"><b>Virginia Vecchioli<\/b><span style=\"font-weight: 400\">, coordenadora geral do projeto.\u00a0<\/span><\/p><p style=\"text-align: center\"><span style=\"font-weight: 400\">Doutora em Antropologia Social,\u00a0<\/span><\/p><p style=\"text-align: center\"><span style=\"font-weight: 400\">Professora do Departamento de Ci\u00eancias Sociais da UFSM<\/span><\/p><p style=\"text-align: center\"><span style=\"font-weight: 400\">Docente do PPG em Ci\u00eancias Sociais e em Patrim\u00f4nio Cultural <\/span><\/p>\t\t\t\t\t\t<\/div>\n\t\t\t\t<\/div>\n\t\t\t\t<div class=\"elementor-element elementor-element-69e83d7 elementor-widget__width-initial elementor-widget elementor-widget-text-editor\" data-id=\"69e83d7\" data-element_type=\"widget\" data-widget_type=\"text-editor.default\">\n\t\t\t\t<div class=\"elementor-widget-container\">\n\t\t\t\t\t\t\t<p style=\"text-align: justify\"><b>Equipe da \u00e1rea das ci\u00eancias sociais:<\/b><\/p>\n<p style=\"text-align: justify\"><b>Virginia Vecchioli, coordenadora.<\/b><\/p>\n<p style=\"text-align: justify\"><span style=\"font-weight: 400\">Fabiana Bueno Seefeldt, bolsista de inicia\u00e7\u00e3o cient\u00edfica, graduanda em Ci\u00eancias Sociais<\/span><\/p>\n<p style=\"text-align: justify\"><span style=\"font-weight: 400\">Cibele Garlet Facco, volunt\u00e1ria,&nbsp; mestre em Ci\u00eancias Criminol\u00f3gico-Forenses, doutoranda em Ci\u00eancias Sociais&nbsp;<\/span><\/p>\n<p style=\"text-align: justify\"><span style=\"text-align: var(--bs-body-text-align)\">Pamela Caroline Alves Pinto<\/span><span style=\"font-weight: 400\">, volunt\u00e1ria e graduanda em Ci\u00eancias Sociais<\/span><\/p>\n<p style=\"text-align: justify\"><span style=\"font-weight: 400\">Tauani Bisognin Ramos, volunt\u00e1ria e mestre em Patrim\u00f4nio Cultural<\/span><\/p>\n<p style=\"text-align: justify\"><span style=\"font-weight: 400\">Luciana Dimp\u00e9rio, volunt\u00e1ria e graduanda em Ci\u00eancias Sociais<\/span><\/p>\n<p style=\"text-align: justify\"><span style=\"font-weight: 400\">Sabrina de Oliveira Balke, volunt\u00e1ria, graduanda em Ci\u00eancias Sociais<\/span><\/p>\n<p style=\"text-align: justify\"><span style=\"font-weight: 400\">Nathalia Venuta Dal Molin, volunt\u00e1ria, mestre em Patrim\u00f4nio Cultural<\/span><\/p>\t\t\t\t\t\t<\/div>\n\t\t\t\t<\/div>\n\t\t\t\t<div class=\"elementor-element elementor-element-42c05f8 elementor-widget__width-initial elementor-widget elementor-widget-text-editor\" data-id=\"42c05f8\" data-element_type=\"widget\" data-widget_type=\"text-editor.default\">\n\t\t\t\t<div class=\"elementor-widget-container\">\n\t\t\t\t\t\t\t<p style=\"text-align: justify\"><b style=\"color: #000000;font-size: 1rem;text-align: var(--bs-body-text-align)\">Equipe da \u00e1rea da tecnologia:<\/b><\/p><p style=\"text-align: justify\"><b>Leonardo Emmendorfer, <\/b><strong>coordenador.\u00a0<\/strong><\/p><p style=\"text-align: justify\"><span style=\"font-weight: 400\">Doutor em M\u00e9todos Num\u00e9ricos em Engenharia. Professor do Departamento de Processamento de Energia El\u00e9trica da UFSM. Docente do PPG em Ci\u00eancia da Computa\u00e7\u00e3o<\/span><\/p><p style=\"text-align: justify\"><b>Equipe da \u00e1rea de arquitetura:<\/b><\/p><p style=\"text-align: justify\"><b>Lucas Oliveira Kolton <\/b><span style=\"font-weight: 400\">respons\u00e1vel pela realiza\u00e7\u00e3o da maquete interativa utilizada no j\u00fari (2021)<\/span><\/p><p style=\"text-align: justify\"><b>Olavo Avalone Neto, coordenador da equipe<\/b><\/p><p style=\"text-align: justify\"><span style=\"font-weight: 400\">Professor de Projeto do Curso de Arquitetura e Urbanismo da UFSM. Mestre (2014) e Doutor (2017) pela Universidade de Chiba, Jap\u00e3o.\u00a0<\/span><\/p><p style=\"text-align: justify\"><span style=\"font-weight: 400\">Let\u00edcia Steyding Mazuim, bolsista de inicia\u00e7\u00e3o cient\u00edfica, graduanda em Arquitetura e Urbanismo<\/span><\/p><p style=\"text-align: justify\"><span style=\"font-weight: 400\">Carlos Filipe Pontes, volunt\u00e1rio, mestre em Arquitetura, Urbanismo e Paisagismo<\/span><\/p><p style=\"text-align: justify\"><span style=\"font-weight: 400\">Lucas da Rosa Barbosa, volunt\u00e1rio, graduando em Arquitetura e Urbanismo<\/span><\/p><p style=\"text-align: justify\"><span style=\"font-weight: 400\">Gabriel Mustafa Ourique, volunt\u00e1rio, mestrando em Arquitetura e Urbanismo<\/span><\/p><p style=\"text-align: justify\"><span style=\"font-weight: 400\">Daisy Jung, volunt\u00e1ria, mestranda em Arquitetura e Urbanismo<\/span><span style=\"font-weight: 400\">\u00a0<\/span><\/p>\t\t\t\t\t\t<\/div>\n\t\t\t\t<\/div>\n\t\t\t\t\t<\/div>\n\t\t<\/div>\n\t\t\t\t\t<\/div>\n\t\t<\/section>\n\t\t\t\t<\/div>\n\t\t","protected":false},"excerpt":{"rendered":"<p>Virginia Vecchioli, coordenadora geral do projeto.\u00a0 Doutora em Antropologia Social,\u00a0 Professora do Departamento de Ci\u00eancias Sociais da UFSM Docente do PPG em Ci\u00eancias Sociais e em Patrim\u00f4nio Cultural Equipe da \u00e1rea das ci\u00eancias sociais: Virginia Vecchioli, coordenadora. Fabiana Bueno Seefeldt, bolsista de inicia\u00e7\u00e3o cient\u00edfica, graduanda em Ci\u00eancias Sociais Cibele Garlet Facco, volunt\u00e1ria,&nbsp; mestre em Ci\u00eancias [&hellip;]<\/p>\n","protected":false},"author":7859,"featured_media":0,"comment_status":"closed","ping_status":"closed","sticky":false,"template":"","format":"standard","meta":{"footnotes":""},"categories":[1],"tags":[],"class_list":["post-204","post","type-post","status-publish","format-standard","hentry","category-sem-categoria"],"acf":[],"_links":{"self":[{"href":"https:\/\/www.ufsm.br\/projetos\/extensao\/memorial-kiss\/wp-json\/wp\/v2\/posts\/204","targetHints":{"allow":["GET"]}}],"collection":[{"href":"https:\/\/www.ufsm.br\/projetos\/extensao\/memorial-kiss\/wp-json\/wp\/v2\/posts"}],"about":[{"href":"https:\/\/www.ufsm.br\/projetos\/extensao\/memorial-kiss\/wp-json\/wp\/v2\/types\/post"}],"author":[{"embeddable":true,"href":"https:\/\/www.ufsm.br\/projetos\/extensao\/memorial-kiss\/wp-json\/wp\/v2\/users\/7859"}],"replies":[{"embeddable":true,"href":"https:\/\/www.ufsm.br\/projetos\/extensao\/memorial-kiss\/wp-json\/wp\/v2\/comments?post=204"}],"version-history":[{"count":0,"href":"https:\/\/www.ufsm.br\/projetos\/extensao\/memorial-kiss\/wp-json\/wp\/v2\/posts\/204\/revisions"}],"wp:attachment":[{"href":"https:\/\/www.ufsm.br\/projetos\/extensao\/memorial-kiss\/wp-json\/wp\/v2\/media?parent=204"}],"wp:term":[{"taxonomy":"category","embeddable":true,"href":"https:\/\/www.ufsm.br\/projetos\/extensao\/memorial-kiss\/wp-json\/wp\/v2\/categories?post=204"},{"taxonomy":"post_tag","embeddable":true,"href":"https:\/\/www.ufsm.br\/projetos\/extensao\/memorial-kiss\/wp-json\/wp\/v2\/tags?post=204"}],"curies":[{"name":"wp","href":"https:\/\/api.w.org\/{rel}","templated":true}]}}