{"id":335,"date":"2023-03-27T11:24:31","date_gmt":"2023-03-27T14:24:31","guid":{"rendered":"https:\/\/www.ufsm.br\/projetos\/extensao\/nieems\/?p=335"},"modified":"2023-03-27T12:46:15","modified_gmt":"2023-03-27T15:46:15","slug":"campeonato-estadual-sub-20-de-atletismo-ufsm-garante-um-ouro-uma-prata-e-cinco-bronzes","status":"publish","type":"post","link":"https:\/\/www.ufsm.br\/projetos\/extensao\/nieems\/2023\/03\/27\/campeonato-estadual-sub-20-de-atletismo-ufsm-garante-um-ouro-uma-prata-e-cinco-bronzes","title":{"rendered":"Campeonato Estadual Sub 20 de atletismo: UFSM garante um ouro, uma prata e cinco bronzes"},"content":{"rendered":"\t\t<div data-elementor-type=\"wp-post\" data-elementor-id=\"335\" class=\"elementor elementor-335\">\n\t\t\t\t\t\t<section class=\"elementor-section elementor-top-section elementor-element elementor-element-c748cf1 elementor-section-boxed elementor-section-height-default elementor-section-height-default\" data-id=\"c748cf1\" data-element_type=\"section\">\n\t\t\t\t\t\t<div class=\"elementor-container elementor-column-gap-default\">\n\t\t\t\t\t<div class=\"elementor-column elementor-col-100 elementor-top-column elementor-element elementor-element-934b962\" data-id=\"934b962\" data-element_type=\"column\">\n\t\t\t<div class=\"elementor-widget-wrap elementor-element-populated\">\n\t\t\t\t\t\t<div class=\"elementor-element elementor-element-30a28ae elementor-widget elementor-widget-text-editor\" data-id=\"30a28ae\" data-element_type=\"widget\" data-widget_type=\"text-editor.default\">\n\t\t\t\t<div class=\"elementor-widget-container\">\n\t\t\t\t\t\t\t<p>A equipe de atletismo da Universidade Federal de Santa Maria deu in\u00edcio \u00e0 temporada de competi\u00e7\u00f5es 2023 no \u00faltimo s\u00e1bado (25) com o Campeonato Ga\u00facho Sub20. Na ocasi\u00e3o viajaram at\u00e9 a Capital Ga\u00facha 21 integrantes da delega\u00e7\u00e3o representando nossa Institui\u00e7\u00e3o e disputaram diversas provas na pista atl\u00e9tica da SOGIPA.<\/p><p>O grande destaque da equipe foi o aluno do projeto de extens\u00e3o Atletismo UFSM: polo S\u00e3o Sep\u00e9 Marcus Vinicius Correa Guedes que se sagrou campe\u00e3o Ga\u00facho na prova de 3000 metros com Obst\u00e1culos, com o tempo de 11 minutos 22 segundos e 59 d\u00e9cimos.\u00a0<\/p><p>Na prova Salto com vara a UFSM conquistou a prata no masculino com o acad\u00eamicos de Educa\u00e7\u00e3o F\u00edsica Gabriel Klein e o bronze no feminino com a acad\u00eamica de Engenharia Mec\u00e2nica Maria Rita Piekas. J\u00e1 nos saltos horizontais o acad\u00eamico de Filosofia da UFSM, Germano Cerezer conquistou dois bronzes, sendo eles nos saltos em dist\u00e2ncia e no triplo. Nos 800 metros rasos feminino a aluna do projeto\u00a0<span style=\"color: #000000;font-size: 16px;font-weight: var( --e-global-typography-text-font-weight );text-align: var(--bs-body-text-align)\">Atletismo UFSM: polo Ca\u00e7apava do Sul<\/span><span style=\"color: #000000;font-size: 16px;font-weight: var( --e-global-typography-text-font-weight );text-align: var(--bs-body-text-align)\">\u00a0<\/span><span style=\"color: #000000;font-size: 1rem;font-weight: var( --e-global-typography-text-font-weight );text-align: var(--bs-body-text-align)\">\u00a0Thain\u00e1 Alves de Oliveira conquistou o bronze com o tempo de 2 minutos 34 segundos e 52 d\u00e9cimos. Por fim, o revezamento feminino nos 4&#215;100 metros faturou o 3\u00b0 lugar e garantiu a medalha de bronze. O quarteto foi formado por\u00a0<\/span><span style=\"color: #000000;font-size: 1rem;font-weight: var( --e-global-typography-text-font-weight );text-align: var(--bs-body-text-align)\">Manuela Mori Grizut,\u00a0<\/span><span style=\"color: #000000;font-size: 1rem;font-weight: var( --e-global-typography-text-font-weight );text-align: var(--bs-body-text-align)\">Isabela Aur\u00e9lio de Vargas,\u00a0<\/span><span style=\"color: #000000;font-size: 16px;font-weight: var( --e-global-typography-text-font-weight );text-align: var(--bs-body-text-align)\">Thain\u00e1 Alves de Oliveira e\u00a0<\/span><span style=\"color: #000000;font-size: 16px;font-weight: var( --e-global-typography-text-font-weight );text-align: var(--bs-body-text-align)\">Maria Rita Piekas.<\/span><\/p><p><span style=\"color: #000000;font-size: 16px;font-weight: var( --e-global-typography-text-font-weight );text-align: var(--bs-body-text-align)\">Ao final do evento a equipe UFSM ficou com o trof\u00e9u de\u00a0<\/span><span style=\"background-color: #fdfdfd;color: #141414;font-family: ReithSerif, Helvetica, Arial, sans-serif;font-size: 2.75rem;text-align: var(--bs-body-text-align)\">4\u00aa<\/span><span style=\"color: #000000;font-size: 16px;font-weight: var( --e-global-typography-text-font-weight );text-align: var(--bs-body-text-align)\">\u00a0melhor equipe no feminino e com a 5<\/span><span style=\"background-color: #fdfdfd;color: #000000;font-size: 16px;font-weight: var( --e-global-typography-text-font-weight );text-align: var(--bs-body-text-align)\">\u00aa coloca\u00e7\u00e3o\u00a0<\/span><span style=\"color: #000000;font-size: 16px;font-weight: var( --e-global-typography-text-font-weight );text-align: var(--bs-body-text-align)\">no geral.\u00a0<\/span><\/p><p>O professor Luiz Fernando Cuozzo Lemos (Coordenador da equipe e do N\u00facleo de Implementa\u00e7\u00e3o da Excel\u00eancia Esportiva e Manuten\u00e7\u00e3o da Sa\u00fade &#8211; NIEEMS) destacou que o evento teve um alto n\u00edvel em rela\u00e7\u00e3o aos anos anteriores e que os resultados da equipe da UFSM seguem essa evolu\u00e7\u00e3o. Al\u00e9m disso, Lemos destaca um fen\u00f4meno que vem acontecendo: &#8220;o grande destaque \u00e9 ver que muitos alunos dos polos do nosso projeto de extens\u00e3o que est\u00e3o no terceiro ano do ensino m\u00e9dio est\u00e3o focados em ingressarem na UFSM no pr\u00f3ximo ano e, isso, fortalecer\u00e1 ainda mais o atletismo da UFSM. Isso, vai cada vez mais oportunizar a amplia\u00e7\u00e3o dos n\u00edveis esportivos da nossa regi\u00e3o&#8221;.<\/p>\t\t\t\t\t\t<\/div>\n\t\t\t\t<\/div>\n\t\t\t\t\t<\/div>\n\t\t<\/div>\n\t\t\t\t\t<\/div>\n\t\t<\/section>\n\t\t\t\t<section class=\"elementor-section elementor-top-section elementor-element elementor-element-c735ee0 elementor-section-boxed elementor-section-height-default elementor-section-height-default\" data-id=\"c735ee0\" data-element_type=\"section\">\n\t\t\t\t\t\t<div class=\"elementor-container elementor-column-gap-default\">\n\t\t\t\t\t<div class=\"elementor-column elementor-col-100 elementor-top-column elementor-element elementor-element-523ade8\" data-id=\"523ade8\" data-element_type=\"column\">\n\t\t\t<div class=\"elementor-widget-wrap elementor-element-populated\">\n\t\t\t\t\t\t<div class=\"elementor-element elementor-element-e854c4b elementor-widget elementor-widget-image\" data-id=\"e854c4b\" data-element_type=\"widget\" data-widget_type=\"image.default\">\n\t\t\t\t<div class=\"elementor-widget-container\">\n\t\t\t\t\t\t\t\t\t\t\t\t\t<img fetchpriority=\"high\" decoding=\"async\" width=\"1024\" height=\"547\" src=\"https:\/\/www.ufsm.br\/app\/uploads\/sites\/826\/2023\/03\/Delegacao-sub20-2023-1-1024x547.jpg\" class=\"attachment-large size-large wp-image-340\" alt=\"\" srcset=\"https:\/\/www.ufsm.br\/app\/uploads\/sites\/826\/2023\/03\/Delegacao-sub20-2023-1-1024x547.jpg 1024w, https:\/\/www.ufsm.br\/app\/uploads\/sites\/826\/2023\/03\/Delegacao-sub20-2023-1-300x160.jpg 300w, https:\/\/www.ufsm.br\/app\/uploads\/sites\/826\/2023\/03\/Delegacao-sub20-2023-1-768x410.jpg 768w, https:\/\/www.ufsm.br\/app\/uploads\/sites\/826\/2023\/03\/Delegacao-sub20-2023-1.jpg 1048w\" sizes=\"(max-width: 1024px) 100vw, 1024px\" \/>\t\t\t\t\t\t\t\t\t\t\t\t\t<\/div>\n\t\t\t\t<\/div>\n\t\t\t\t<div class=\"elementor-element elementor-element-f1b433f elementor-widget elementor-widget-text-editor\" data-id=\"f1b433f\" data-element_type=\"widget\" data-widget_type=\"text-editor.default\">\n\t\t\t\t<div class=\"elementor-widget-container\">\n\t\t\t\t\t\t\t<p style=\"text-align: center\">Delega\u00e7\u00e3o da Universidade Federal de Santa Maria no evento.<\/p>\t\t\t\t\t\t<\/div>\n\t\t\t\t<\/div>\n\t\t\t\t\t<\/div>\n\t\t<\/div>\n\t\t\t\t\t<\/div>\n\t\t<\/section>\n\t\t\t\t<section class=\"elementor-section elementor-top-section elementor-element elementor-element-673a135 elementor-section-boxed elementor-section-height-default elementor-section-height-default\" data-id=\"673a135\" data-element_type=\"section\">\n\t\t\t\t\t\t<div class=\"elementor-container elementor-column-gap-default\">\n\t\t\t\t\t<div class=\"elementor-column elementor-col-20 elementor-top-column elementor-element elementor-element-263c80b\" data-id=\"263c80b\" data-element_type=\"column\">\n\t\t\t<div class=\"elementor-widget-wrap elementor-element-populated\">\n\t\t\t\t\t\t<div class=\"elementor-element elementor-element-a9ca1af elementor-widget elementor-widget-image\" data-id=\"a9ca1af\" data-element_type=\"widget\" data-widget_type=\"image.default\">\n\t\t\t\t<div class=\"elementor-widget-container\">\n\t\t\t\t\t\t\t\t\t\t\t\t\t<img decoding=\"async\" width=\"768\" height=\"1024\" src=\"https:\/\/www.ufsm.br\/app\/uploads\/sites\/826\/2023\/03\/Ouro-Vini-2ub20-1-768x1024.jpg\" class=\"attachment-large size-large wp-image-346\" alt=\"\" srcset=\"https:\/\/www.ufsm.br\/app\/uploads\/sites\/826\/2023\/03\/Ouro-Vini-2ub20-1-768x1024.jpg 768w, https:\/\/www.ufsm.br\/app\/uploads\/sites\/826\/2023\/03\/Ouro-Vini-2ub20-1-225x300.jpg 225w, https:\/\/www.ufsm.br\/app\/uploads\/sites\/826\/2023\/03\/Ouro-Vini-2ub20-1.jpg 960w\" sizes=\"(max-width: 768px) 100vw, 768px\" \/>\t\t\t\t\t\t\t\t\t\t\t\t\t<\/div>\n\t\t\t\t<\/div>\n\t\t\t\t\t<\/div>\n\t\t<\/div>\n\t\t\t\t<div class=\"elementor-column elementor-col-20 elementor-top-column elementor-element elementor-element-8e8a5c5\" data-id=\"8e8a5c5\" data-element_type=\"column\">\n\t\t\t<div class=\"elementor-widget-wrap elementor-element-populated\">\n\t\t\t\t\t\t<div class=\"elementor-element elementor-element-49bfe5e elementor-widget elementor-widget-image\" data-id=\"49bfe5e\" data-element_type=\"widget\" data-widget_type=\"image.default\">\n\t\t\t\t<div class=\"elementor-widget-container\">\n\t\t\t\t\t\t\t\t\t\t\t\t\t<img decoding=\"async\" width=\"768\" height=\"1024\" src=\"https:\/\/www.ufsm.br\/app\/uploads\/sites\/826\/2023\/03\/WhatsApp-Image-2023-03-27-at-12.36.03-768x1024.jpeg\" class=\"attachment-large size-large wp-image-347\" alt=\"\" srcset=\"https:\/\/www.ufsm.br\/app\/uploads\/sites\/826\/2023\/03\/WhatsApp-Image-2023-03-27-at-12.36.03-768x1024.jpeg 768w, https:\/\/www.ufsm.br\/app\/uploads\/sites\/826\/2023\/03\/WhatsApp-Image-2023-03-27-at-12.36.03-225x300.jpeg 225w, https:\/\/www.ufsm.br\/app\/uploads\/sites\/826\/2023\/03\/WhatsApp-Image-2023-03-27-at-12.36.03.jpeg 960w\" sizes=\"(max-width: 768px) 100vw, 768px\" \/>\t\t\t\t\t\t\t\t\t\t\t\t\t<\/div>\n\t\t\t\t<\/div>\n\t\t\t\t\t<\/div>\n\t\t<\/div>\n\t\t\t\t<div class=\"elementor-column elementor-col-20 elementor-top-column elementor-element elementor-element-7e796a9\" data-id=\"7e796a9\" data-element_type=\"column\">\n\t\t\t<div class=\"elementor-widget-wrap elementor-element-populated\">\n\t\t\t\t\t\t<div class=\"elementor-element elementor-element-84ab2af elementor-widget elementor-widget-image\" data-id=\"84ab2af\" data-element_type=\"widget\" data-widget_type=\"image.default\">\n\t\t\t\t<div class=\"elementor-widget-container\">\n\t\t\t\t\t\t\t\t\t\t\t\t\t<img loading=\"lazy\" decoding=\"async\" width=\"768\" height=\"1024\" src=\"https:\/\/www.ufsm.br\/app\/uploads\/sites\/826\/2023\/03\/Bronze-Vara-fem-1-768x1024.jpg\" class=\"attachment-large size-large wp-image-345\" alt=\"\" srcset=\"https:\/\/www.ufsm.br\/app\/uploads\/sites\/826\/2023\/03\/Bronze-Vara-fem-1-768x1024.jpg 768w, https:\/\/www.ufsm.br\/app\/uploads\/sites\/826\/2023\/03\/Bronze-Vara-fem-1-225x300.jpg 225w, https:\/\/www.ufsm.br\/app\/uploads\/sites\/826\/2023\/03\/Bronze-Vara-fem-1.jpg 960w\" sizes=\"(max-width: 768px) 100vw, 768px\" \/>\t\t\t\t\t\t\t\t\t\t\t\t\t<\/div>\n\t\t\t\t<\/div>\n\t\t\t\t\t<\/div>\n\t\t<\/div>\n\t\t\t\t<div class=\"elementor-column elementor-col-20 elementor-top-column elementor-element elementor-element-7934978\" data-id=\"7934978\" data-element_type=\"column\">\n\t\t\t<div class=\"elementor-widget-wrap elementor-element-populated\">\n\t\t\t\t\t\t<div class=\"elementor-element elementor-element-a680371 elementor-widget elementor-widget-image\" data-id=\"a680371\" data-element_type=\"widget\" data-widget_type=\"image.default\">\n\t\t\t\t<div class=\"elementor-widget-container\">\n\t\t\t\t\t\t\t\t\t\t\t\t\t<img loading=\"lazy\" decoding=\"async\" width=\"768\" height=\"1024\" src=\"https:\/\/www.ufsm.br\/app\/uploads\/sites\/826\/2023\/03\/WhatsApp-Image-2023-03-27-at-12.35.38-768x1024.jpeg\" class=\"attachment-large size-large wp-image-343\" alt=\"\" srcset=\"https:\/\/www.ufsm.br\/app\/uploads\/sites\/826\/2023\/03\/WhatsApp-Image-2023-03-27-at-12.35.38-768x1024.jpeg 768w, https:\/\/www.ufsm.br\/app\/uploads\/sites\/826\/2023\/03\/WhatsApp-Image-2023-03-27-at-12.35.38-225x300.jpeg 225w, https:\/\/www.ufsm.br\/app\/uploads\/sites\/826\/2023\/03\/WhatsApp-Image-2023-03-27-at-12.35.38.jpeg 960w\" sizes=\"(max-width: 768px) 100vw, 768px\" \/>\t\t\t\t\t\t\t\t\t\t\t\t\t<\/div>\n\t\t\t\t<\/div>\n\t\t\t\t\t<\/div>\n\t\t<\/div>\n\t\t\t\t<div class=\"elementor-column elementor-col-20 elementor-top-column elementor-element elementor-element-fdde239\" data-id=\"fdde239\" data-element_type=\"column\">\n\t\t\t<div class=\"elementor-widget-wrap elementor-element-populated\">\n\t\t\t\t\t\t<div class=\"elementor-element elementor-element-4d20601 elementor-widget elementor-widget-image\" data-id=\"4d20601\" data-element_type=\"widget\" data-widget_type=\"image.default\">\n\t\t\t\t<div class=\"elementor-widget-container\">\n\t\t\t\t\t\t\t\t\t\t\t\t\t<img loading=\"lazy\" decoding=\"async\" width=\"768\" height=\"1024\" src=\"https:\/\/www.ufsm.br\/app\/uploads\/sites\/826\/2023\/03\/WhatsApp-Image-2023-03-27-at-12.35.26-768x1024.jpeg\" class=\"attachment-large size-large wp-image-344\" alt=\"\" srcset=\"https:\/\/www.ufsm.br\/app\/uploads\/sites\/826\/2023\/03\/WhatsApp-Image-2023-03-27-at-12.35.26-768x1024.jpeg 768w, https:\/\/www.ufsm.br\/app\/uploads\/sites\/826\/2023\/03\/WhatsApp-Image-2023-03-27-at-12.35.26-225x300.jpeg 225w, https:\/\/www.ufsm.br\/app\/uploads\/sites\/826\/2023\/03\/WhatsApp-Image-2023-03-27-at-12.35.26.jpeg 960w\" sizes=\"(max-width: 768px) 100vw, 768px\" \/>\t\t\t\t\t\t\t\t\t\t\t\t\t<\/div>\n\t\t\t\t<\/div>\n\t\t\t\t\t<\/div>\n\t\t<\/div>\n\t\t\t\t\t<\/div>\n\t\t<\/section>\n\t\t\t\t<section class=\"elementor-section elementor-top-section elementor-element elementor-element-950e557 elementor-section-boxed elementor-section-height-default elementor-section-height-default\" data-id=\"950e557\" data-element_type=\"section\">\n\t\t\t\t\t\t<div class=\"elementor-container elementor-column-gap-default\">\n\t\t\t\t\t<div class=\"elementor-column elementor-col-100 elementor-top-column elementor-element elementor-element-8adeff7\" data-id=\"8adeff7\" data-element_type=\"column\">\n\t\t\t<div class=\"elementor-widget-wrap elementor-element-populated\">\n\t\t\t\t\t\t<div class=\"elementor-element elementor-element-9aa0714 elementor-widget elementor-widget-text-editor\" data-id=\"9aa0714\" data-element_type=\"widget\" data-widget_type=\"text-editor.default\">\n\t\t\t\t<div class=\"elementor-widget-container\">\n\t\t\t\t\t\t\t<p style=\"text-align: center\">Algumas imagens das premia\u00e7\u00f5es da nossa equipe na competi\u00e7\u00e3o<\/p>\t\t\t\t\t\t<\/div>\n\t\t\t\t<\/div>\n\t\t\t\t\t<\/div>\n\t\t<\/div>\n\t\t\t\t\t<\/div>\n\t\t<\/section>\n\t\t\t\t<\/div>\n\t\t","protected":false},"excerpt":{"rendered":"<p>A equipe de atletismo da Universidade Federal de Santa Maria deu in\u00edcio \u00e0 temporada de competi\u00e7\u00f5es 2023 no \u00faltimo s\u00e1bado (25) com o Campeonato Ga\u00facho Sub20. Na ocasi\u00e3o viajaram at\u00e9 a Capital Ga\u00facha 21 integrantes da delega\u00e7\u00e3o representando nossa Institui\u00e7\u00e3o e disputaram diversas provas na pista atl\u00e9tica da SOGIPA. O grande destaque da equipe foi [&hellip;]<\/p>\n","protected":false},"author":2803,"featured_media":0,"comment_status":"closed","ping_status":"closed","sticky":false,"template":"","format":"standard","meta":{"footnotes":""},"categories":[9,2],"tags":[],"class_list":["post-335","post","type-post","status-publish","format-standard","hentry","category-destaques","category-noticias"],"acf":[],"_links":{"self":[{"href":"https:\/\/www.ufsm.br\/projetos\/extensao\/nieems\/wp-json\/wp\/v2\/posts\/335","targetHints":{"allow":["GET"]}}],"collection":[{"href":"https:\/\/www.ufsm.br\/projetos\/extensao\/nieems\/wp-json\/wp\/v2\/posts"}],"about":[{"href":"https:\/\/www.ufsm.br\/projetos\/extensao\/nieems\/wp-json\/wp\/v2\/types\/post"}],"author":[{"embeddable":true,"href":"https:\/\/www.ufsm.br\/projetos\/extensao\/nieems\/wp-json\/wp\/v2\/users\/2803"}],"replies":[{"embeddable":true,"href":"https:\/\/www.ufsm.br\/projetos\/extensao\/nieems\/wp-json\/wp\/v2\/comments?post=335"}],"version-history":[{"count":0,"href":"https:\/\/www.ufsm.br\/projetos\/extensao\/nieems\/wp-json\/wp\/v2\/posts\/335\/revisions"}],"wp:attachment":[{"href":"https:\/\/www.ufsm.br\/projetos\/extensao\/nieems\/wp-json\/wp\/v2\/media?parent=335"}],"wp:term":[{"taxonomy":"category","embeddable":true,"href":"https:\/\/www.ufsm.br\/projetos\/extensao\/nieems\/wp-json\/wp\/v2\/categories?post=335"},{"taxonomy":"post_tag","embeddable":true,"href":"https:\/\/www.ufsm.br\/projetos\/extensao\/nieems\/wp-json\/wp\/v2\/tags?post=335"}],"curies":[{"name":"wp","href":"https:\/\/api.w.org\/{rel}","templated":true}]}}