{"id":348,"date":"2023-04-09T10:40:01","date_gmt":"2023-04-09T13:40:01","guid":{"rendered":"https:\/\/www.ufsm.br\/projetos\/extensao\/nieems\/?p=348"},"modified":"2023-04-09T10:43:02","modified_gmt":"2023-04-09T13:43:02","slug":"atletismo-ufsm-gabriel-pozzo-vence-e-quebra-recorde-na-9a-edicao-do-desafio-das-coxilhas","status":"publish","type":"post","link":"https:\/\/www.ufsm.br\/projetos\/extensao\/nieems\/2023\/04\/09\/atletismo-ufsm-gabriel-pozzo-vence-e-quebra-recorde-na-9a-edicao-do-desafio-das-coxilhas","title":{"rendered":"Atletismo UFSM: Gabriel Pozzo vence e quebra recorde na 9\u00aa edi\u00e7\u00e3o do Desafio das Coxilhas"},"content":{"rendered":"\t\t<div data-elementor-type=\"wp-post\" data-elementor-id=\"348\" class=\"elementor elementor-348\">\n\t\t\t\t\t\t<section class=\"elementor-section elementor-top-section elementor-element elementor-element-759f35cd elementor-section-boxed elementor-section-height-default elementor-section-height-default\" data-id=\"759f35cd\" data-element_type=\"section\">\n\t\t\t\t\t\t<div class=\"elementor-container elementor-column-gap-default\">\n\t\t\t\t\t<div class=\"elementor-column elementor-col-100 elementor-top-column elementor-element elementor-element-450ba6b0\" data-id=\"450ba6b0\" data-element_type=\"column\">\n\t\t\t<div class=\"elementor-widget-wrap elementor-element-populated\">\n\t\t\t\t\t\t<div class=\"elementor-element elementor-element-6ace766 elementor-widget elementor-widget-text-editor\" data-id=\"6ace766\" data-element_type=\"widget\" data-widget_type=\"text-editor.default\">\n\t\t\t\t<div class=\"elementor-widget-container\">\n\t\t\t\t\t\t\t<!-- wp:tadv\/classic-paragraph -->\n<p>Na manh\u00e3 do \u00faltimo domingo (02), aconteceu na cidade de S\u00e3o Gabriel o tradicional Desafio das Coxilhas \u2013 30K. Em sua 9\u00aa edi\u00e7\u00e3o, o grande campe\u00e3o foi o acad\u00eamico de administra\u00e7\u00e3o da Universidade Federal de Santa Maria, Gabriel Alves Pozzo, batendo o recorde da prova, com o tempo de 1 hora, 48 minutos e 32 segundos. O antigo recorde era de 2012, do atleta Luis Henrique Fajardo, com o tempo de 1 hora, 51 minutos e 52 segundos.<\/p>\n<p>\u201cFoi uma grande prova, o percurso \u00e9 bem bacana, al\u00e9m dos trechos de asfalto no in\u00edcio e no fim da prova, corremos mais de 20km em terreno de ch\u00e3o batido e no meio da natureza. Feliz por descobrir depois da chegada que havia batido um recorde que durava por tanto tempo.\u201d<\/p>\n<p>Essa competi\u00e7\u00e3o faz parte da prepara\u00e7\u00e3o do atleta para o grande desafio do semestre, que ser\u00e1 a Maratona Internacional de Porto Alegre, onde largar\u00e1 no pelot\u00e3o de elite.<\/p>\n<p>Gabriel Alves Pozzo faz parte da equipe de Atletismo da UFSM e do N\u00facleo de Implementa\u00e7\u00e3o da Excel\u00eancia Esportiva e Manuten\u00e7\u00e3o da Sa\u00fade.<\/p>\n<!-- \/wp:tadv\/classic-paragraph -->\t\t\t\t\t\t<\/div>\n\t\t\t\t<\/div>\n\t\t\t\t\t<\/div>\n\t\t<\/div>\n\t\t\t\t\t<\/div>\n\t\t<\/section>\n\t\t\t\t<section class=\"elementor-section elementor-top-section elementor-element elementor-element-ec7b66b elementor-section-boxed elementor-section-height-default elementor-section-height-default\" data-id=\"ec7b66b\" data-element_type=\"section\">\n\t\t\t\t\t\t<div class=\"elementor-container elementor-column-gap-default\">\n\t\t\t\t\t<div class=\"elementor-column elementor-col-50 elementor-top-column elementor-element elementor-element-4e01758\" data-id=\"4e01758\" data-element_type=\"column\">\n\t\t\t<div class=\"elementor-widget-wrap elementor-element-populated\">\n\t\t\t\t\t\t<div class=\"elementor-element elementor-element-c8845a9 elementor-widget elementor-widget-image\" data-id=\"c8845a9\" data-element_type=\"widget\" data-widget_type=\"image.default\">\n\t\t\t\t<div class=\"elementor-widget-container\">\n\t\t\t\t\t\t\t\t\t\t\t\t\t<img fetchpriority=\"high\" decoding=\"async\" width=\"1024\" height=\"1024\" src=\"https:\/\/www.ufsm.br\/app\/uploads\/sites\/826\/2023\/04\/pozzo-02_04_23-1-1024x1024.jpeg\" class=\"attachment-large size-large wp-image-352\" alt=\"\" srcset=\"https:\/\/www.ufsm.br\/app\/uploads\/sites\/826\/2023\/04\/pozzo-02_04_23-1-1024x1024.jpeg 1024w, https:\/\/www.ufsm.br\/app\/uploads\/sites\/826\/2023\/04\/pozzo-02_04_23-1-300x300.jpeg 300w, https:\/\/www.ufsm.br\/app\/uploads\/sites\/826\/2023\/04\/pozzo-02_04_23-1-150x150.jpeg 150w, https:\/\/www.ufsm.br\/app\/uploads\/sites\/826\/2023\/04\/pozzo-02_04_23-1-768x768.jpeg 768w, https:\/\/www.ufsm.br\/app\/uploads\/sites\/826\/2023\/04\/pozzo-02_04_23-1.jpeg 1080w\" sizes=\"(max-width: 1024px) 100vw, 1024px\" \/>\t\t\t\t\t\t\t\t\t\t\t\t\t<\/div>\n\t\t\t\t<\/div>\n\t\t\t\t\t<\/div>\n\t\t<\/div>\n\t\t\t\t<div class=\"elementor-column elementor-col-50 elementor-top-column elementor-element elementor-element-7a40fbc\" data-id=\"7a40fbc\" data-element_type=\"column\">\n\t\t\t<div class=\"elementor-widget-wrap elementor-element-populated\">\n\t\t\t\t\t\t<div class=\"elementor-element elementor-element-0695852 elementor-widget elementor-widget-image\" data-id=\"0695852\" data-element_type=\"widget\" data-widget_type=\"image.default\">\n\t\t\t\t<div class=\"elementor-widget-container\">\n\t\t\t\t\t\t\t\t\t\t\t\t\t<img decoding=\"async\" width=\"1024\" height=\"1024\" src=\"https:\/\/www.ufsm.br\/app\/uploads\/sites\/826\/2023\/04\/pozzo-02_04_23a-1-1024x1024.jpeg\" class=\"attachment-large size-large wp-image-353\" alt=\"\" srcset=\"https:\/\/www.ufsm.br\/app\/uploads\/sites\/826\/2023\/04\/pozzo-02_04_23a-1-1024x1024.jpeg 1024w, https:\/\/www.ufsm.br\/app\/uploads\/sites\/826\/2023\/04\/pozzo-02_04_23a-1-300x300.jpeg 300w, https:\/\/www.ufsm.br\/app\/uploads\/sites\/826\/2023\/04\/pozzo-02_04_23a-1-150x150.jpeg 150w, https:\/\/www.ufsm.br\/app\/uploads\/sites\/826\/2023\/04\/pozzo-02_04_23a-1-768x768.jpeg 768w, https:\/\/www.ufsm.br\/app\/uploads\/sites\/826\/2023\/04\/pozzo-02_04_23a-1.jpeg 1080w\" sizes=\"(max-width: 1024px) 100vw, 1024px\" \/>\t\t\t\t\t\t\t\t\t\t\t\t\t<\/div>\n\t\t\t\t<\/div>\n\t\t\t\t\t<\/div>\n\t\t<\/div>\n\t\t\t\t\t<\/div>\n\t\t<\/section>\n\t\t\t\t<section class=\"elementor-section elementor-top-section elementor-element elementor-element-7b42848 elementor-section-boxed elementor-section-height-default elementor-section-height-default\" data-id=\"7b42848\" data-element_type=\"section\">\n\t\t\t\t\t\t<div class=\"elementor-container elementor-column-gap-default\">\n\t\t\t\t\t<div class=\"elementor-column elementor-col-100 elementor-top-column elementor-element elementor-element-6e77565\" data-id=\"6e77565\" data-element_type=\"column\">\n\t\t\t<div class=\"elementor-widget-wrap elementor-element-populated\">\n\t\t\t\t\t\t<div class=\"elementor-element elementor-element-2af35ad elementor-widget elementor-widget-image\" data-id=\"2af35ad\" data-element_type=\"widget\" data-widget_type=\"image.default\">\n\t\t\t\t<div class=\"elementor-widget-container\">\n\t\t\t\t\t\t\t\t\t\t\t\t\t<img decoding=\"async\" width=\"1024\" height=\"683\" src=\"https:\/\/www.ufsm.br\/app\/uploads\/sites\/826\/2023\/04\/pozzo-02_04_23aa-1-1024x683.jpeg\" class=\"attachment-large size-large wp-image-354\" alt=\"\" srcset=\"https:\/\/www.ufsm.br\/app\/uploads\/sites\/826\/2023\/04\/pozzo-02_04_23aa-1-1024x683.jpeg 1024w, https:\/\/www.ufsm.br\/app\/uploads\/sites\/826\/2023\/04\/pozzo-02_04_23aa-1-300x200.jpeg 300w, https:\/\/www.ufsm.br\/app\/uploads\/sites\/826\/2023\/04\/pozzo-02_04_23aa-1-768x512.jpeg 768w, https:\/\/www.ufsm.br\/app\/uploads\/sites\/826\/2023\/04\/pozzo-02_04_23aa-1-272x182.jpeg 272w, https:\/\/www.ufsm.br\/app\/uploads\/sites\/826\/2023\/04\/pozzo-02_04_23aa-1.jpeg 1080w\" sizes=\"(max-width: 1024px) 100vw, 1024px\" \/>\t\t\t\t\t\t\t\t\t\t\t\t\t<\/div>\n\t\t\t\t<\/div>\n\t\t\t\t\t<\/div>\n\t\t<\/div>\n\t\t\t\t\t<\/div>\n\t\t<\/section>\n\t\t\t\t<\/div>\n\t\t","protected":false},"excerpt":{"rendered":"<p>Na manh\u00e3 do \u00faltimo domingo (02), aconteceu na cidade de S\u00e3o Gabriel o tradicional Desafio das Coxilhas \u2013 30K. Em sua 9\u00aa edi\u00e7\u00e3o, o grande campe\u00e3o foi o acad\u00eamico de administra\u00e7\u00e3o da Universidade Federal de Santa Maria, Gabriel Alves Pozzo, batendo o recorde da prova, com o tempo de 1 hora, 48 minutos e 32 [&hellip;]<\/p>\n","protected":false},"author":2803,"featured_media":0,"comment_status":"closed","ping_status":"closed","sticky":false,"template":"","format":"standard","meta":{"footnotes":""},"categories":[9,2],"tags":[],"class_list":["post-348","post","type-post","status-publish","format-standard","hentry","category-destaques","category-noticias"],"acf":[],"_links":{"self":[{"href":"https:\/\/www.ufsm.br\/projetos\/extensao\/nieems\/wp-json\/wp\/v2\/posts\/348","targetHints":{"allow":["GET"]}}],"collection":[{"href":"https:\/\/www.ufsm.br\/projetos\/extensao\/nieems\/wp-json\/wp\/v2\/posts"}],"about":[{"href":"https:\/\/www.ufsm.br\/projetos\/extensao\/nieems\/wp-json\/wp\/v2\/types\/post"}],"author":[{"embeddable":true,"href":"https:\/\/www.ufsm.br\/projetos\/extensao\/nieems\/wp-json\/wp\/v2\/users\/2803"}],"replies":[{"embeddable":true,"href":"https:\/\/www.ufsm.br\/projetos\/extensao\/nieems\/wp-json\/wp\/v2\/comments?post=348"}],"version-history":[{"count":0,"href":"https:\/\/www.ufsm.br\/projetos\/extensao\/nieems\/wp-json\/wp\/v2\/posts\/348\/revisions"}],"wp:attachment":[{"href":"https:\/\/www.ufsm.br\/projetos\/extensao\/nieems\/wp-json\/wp\/v2\/media?parent=348"}],"wp:term":[{"taxonomy":"category","embeddable":true,"href":"https:\/\/www.ufsm.br\/projetos\/extensao\/nieems\/wp-json\/wp\/v2\/categories?post=348"},{"taxonomy":"post_tag","embeddable":true,"href":"https:\/\/www.ufsm.br\/projetos\/extensao\/nieems\/wp-json\/wp\/v2\/tags?post=348"}],"curies":[{"name":"wp","href":"https:\/\/api.w.org\/{rel}","templated":true}]}}