{"id":331,"date":"2021-05-14T10:07:47","date_gmt":"2021-05-14T13:07:47","guid":{"rendered":"https:\/\/www.ufsm.br\/projetos\/extensao\/nucleo-de-psicanalise\/?p=331"},"modified":"2021-05-14T10:10:30","modified_gmt":"2021-05-14T13:10:30","slug":"divulgacao-de-evento-inclusao-e-encontro-com-o-outro-em-tempos-de-necropolitica-17-05-21","status":"publish","type":"post","link":"https:\/\/www.ufsm.br\/projetos\/extensao\/nucleo-de-psicanalise\/2021\/05\/14\/divulgacao-de-evento-inclusao-e-encontro-com-o-outro-em-tempos-de-necropolitica-17-05-21","title":{"rendered":"Divulga\u00e7\u00e3o de evento: &#8220;Inclus\u00e3o e Encontro com o Outro em Tempos de Necropol\u00edtica&#8221;, 17\/05\/21"},"content":{"rendered":"\t\t<div data-elementor-type=\"wp-post\" data-elementor-id=\"331\" class=\"elementor elementor-331\">\n\t\t\t\t\t\t<section class=\"elementor-section elementor-top-section elementor-element elementor-element-e247fdc elementor-section-boxed elementor-section-height-default elementor-section-height-default\" data-id=\"e247fdc\" data-element_type=\"section\">\n\t\t\t\t\t\t<div class=\"elementor-container elementor-column-gap-default\">\n\t\t\t\t\t<div class=\"elementor-column elementor-col-100 elementor-top-column elementor-element elementor-element-9fd4ffd\" data-id=\"9fd4ffd\" data-element_type=\"column\">\n\t\t\t<div class=\"elementor-widget-wrap elementor-element-populated\">\n\t\t\t\t\t\t<div class=\"elementor-element elementor-element-d6c40f5 elementor-widget elementor-widget-text-editor\" data-id=\"d6c40f5\" data-element_type=\"widget\" data-widget_type=\"text-editor.default\">\n\t\t\t\t<div class=\"elementor-widget-container\">\n\t\t\t\t\t\t\t<p>Di\u00e1logo da ReBEDH do RS<\/p><p>Com o Ricardo Timm de Souza, professor da PUC-RS, Marina Dermmam, ouvidora-geral da Defensoria P\u00fablica do Estado do RS, e Giuliana Redin (mediadora), professora da UFSM.<\/p><p>Em um Estado marcado pela necropol\u00edtica, o tema da inclus\u00e3o e do encontro com o outro \u00e9 um grande desafio. Sua possibilidade est\u00e1 na afirma\u00e7\u00e3o da democracia, dos direitos humanos e do pensamento cr\u00edtico. Este espa\u00e7o busca contribuir para reflex\u00f5es, cuja ess\u00eancia \u00e9 a educa\u00e7\u00e3o em direitos humanos como lugar de resist\u00eancia e a\u00e7\u00e3o.<\/p><p>17\/05, \u00e0s 19h<\/p><p>Transmiss\u00e3o no Canal do Migraidh no YouTube:\u00a0<a style=\"font-size: 16px;background-color: #ffffff;color: #0d63e6 !important\" href=\"https:\/\/youtu.be\/jMFm1nILL2Q\">https:\/\/youtu.be\/jMFm1nILL2Q<\/a><\/p><p>Inscri\u00e7\u00f5es:\u00a0\u00a0<a style=\"font-size: 16px;background-color: #ffffff;color: #0d63e6 !important\" href=\"https:\/\/forms.gle\/94p7snhmVpHqEcaH9\">https:\/\/forms.gle\/94p7snhmVpHqEcaH9<\/a>\u00a0<span style=\"color: black;font-size: 1rem\">(com certificado)<\/span><\/p>\t\t\t\t\t\t<\/div>\n\t\t\t\t<\/div>\n\t\t\t\t\t<\/div>\n\t\t<\/div>\n\t\t\t\t\t<\/div>\n\t\t<\/section>\n\t\t\t\t<\/div>\n\t\t","protected":false},"excerpt":{"rendered":"<p>Di\u00e1logo da ReBEDH do RS Com o Ricardo Timm de Souza, professor da PUC-RS, Marina Dermmam, ouvidora-geral da Defensoria P\u00fablica do Estado do RS, e Giuliana Redin (mediadora), professora da UFSM. Em um Estado marcado pela necropol\u00edtica, o tema da inclus\u00e3o e do encontro com o outro \u00e9 um grande desafio. Sua possibilidade est\u00e1 na [&hellip;]<\/p>\n","protected":false},"author":3628,"featured_media":0,"comment_status":"closed","ping_status":"closed","sticky":false,"template":"","format":"standard","meta":{"footnotes":""},"categories":[1],"tags":[],"class_list":["post-331","post","type-post","status-publish","format-standard","hentry","category-sem-categoria"],"acf":[],"_links":{"self":[{"href":"https:\/\/www.ufsm.br\/projetos\/extensao\/nucleo-de-psicanalise\/wp-json\/wp\/v2\/posts\/331","targetHints":{"allow":["GET"]}}],"collection":[{"href":"https:\/\/www.ufsm.br\/projetos\/extensao\/nucleo-de-psicanalise\/wp-json\/wp\/v2\/posts"}],"about":[{"href":"https:\/\/www.ufsm.br\/projetos\/extensao\/nucleo-de-psicanalise\/wp-json\/wp\/v2\/types\/post"}],"author":[{"embeddable":true,"href":"https:\/\/www.ufsm.br\/projetos\/extensao\/nucleo-de-psicanalise\/wp-json\/wp\/v2\/users\/3628"}],"replies":[{"embeddable":true,"href":"https:\/\/www.ufsm.br\/projetos\/extensao\/nucleo-de-psicanalise\/wp-json\/wp\/v2\/comments?post=331"}],"version-history":[{"count":0,"href":"https:\/\/www.ufsm.br\/projetos\/extensao\/nucleo-de-psicanalise\/wp-json\/wp\/v2\/posts\/331\/revisions"}],"wp:attachment":[{"href":"https:\/\/www.ufsm.br\/projetos\/extensao\/nucleo-de-psicanalise\/wp-json\/wp\/v2\/media?parent=331"}],"wp:term":[{"taxonomy":"category","embeddable":true,"href":"https:\/\/www.ufsm.br\/projetos\/extensao\/nucleo-de-psicanalise\/wp-json\/wp\/v2\/categories?post=331"},{"taxonomy":"post_tag","embeddable":true,"href":"https:\/\/www.ufsm.br\/projetos\/extensao\/nucleo-de-psicanalise\/wp-json\/wp\/v2\/tags?post=331"}],"curies":[{"name":"wp","href":"https:\/\/api.w.org\/{rel}","templated":true}]}}