{"id":284,"date":"2025-03-14T14:15:10","date_gmt":"2025-03-14T17:15:10","guid":{"rendered":"https:\/\/www.ufsm.br\/projetos\/extensao\/proext-pg\/?p=284"},"modified":"2025-03-27T12:08:47","modified_gmt":"2025-03-27T15:08:47","slug":"educacao-midiatica-comunicadores-populares-combater-desinformacao-climatica","status":"publish","type":"post","link":"https:\/\/www.ufsm.br\/projetos\/extensao\/proext-pg\/2025\/03\/14\/educacao-midiatica-comunicadores-populares-combater-desinformacao-climatica","title":{"rendered":"Educa\u00e7\u00e3o midi\u00e1tica e comunicadores populares podem ajudar a combater a desinforma\u00e7\u00e3o clim\u00e1tica"},"content":{"rendered":"\t\t<div data-elementor-type=\"wp-post\" data-elementor-id=\"284\" class=\"elementor elementor-284\">\n\t\t\t\t\t\t<section class=\"elementor-section elementor-top-section elementor-element elementor-element-832b8c0 elementor-section-boxed elementor-section-height-default elementor-section-height-default\" data-id=\"832b8c0\" data-element_type=\"section\">\n\t\t\t\t\t\t<div class=\"elementor-container elementor-column-gap-default\">\n\t\t\t\t\t<div class=\"elementor-column elementor-col-100 elementor-top-column elementor-element elementor-element-1cede1e\" data-id=\"1cede1e\" data-element_type=\"column\">\n\t\t\t<div class=\"elementor-widget-wrap elementor-element-populated\">\n\t\t\t\t\t\t<div class=\"elementor-element elementor-element-c6e9eb9 elementor-widget elementor-widget-text-editor\" data-id=\"c6e9eb9\" data-element_type=\"widget\" data-widget_type=\"text-editor.default\">\n\t\t\t\t<div class=\"elementor-widget-container\">\n\t\t\t\t\t\t\t<p id=\"docs-internal-guid-545048f2-7fff-e5b9-484b-697b72c448f9\" dir=\"ltr\">Quando as chuvas torrenciais transbordaram a Sanga da Restinga em 29 de abril de 2024, o munic\u00edpio de Restinga Seca, no Rio Grande do Sul, sofreu alagamentos em casas, estabelecimentos comerciais e sociais. Localizada na regi\u00e3o da Quarta Col\u00f4nia e pr\u00f3xima a Santa Maria, a cidade foi uma das primeiras a ser atingida pelas enchentes de maio de 2024. Um dos locais alagados foi a R\u00e1dio Integra\u00e7\u00e3o, em que Norton \u00c1vila trabalha como jornalista.\u00a0<\/p><p><br \/><span style=\"font-size: 12pt;font-family: 'Times New Roman',serif;color: #000000;background-color: transparent;font-weight: 400;font-style: normal;font-variant: normal;text-decoration: none;vertical-align: baseline\">Al\u00e9m dos problemas imediatos, como a perda de bens materiais, mantimentos, abrigo e acesso a algumas localidades, a comunica\u00e7\u00e3o foi outro elemento afetado. A queda de energia el\u00e9trica prejudicou o sinal transmitido pelas torres de internet e, consequentemente, a possibilidade das pessoas se informarem pela televis\u00e3o e mesmo por redes sociais. Neste momento, as ondas sonoras se tornaram essenciais. \u201cO r\u00e1dio era praticamente o \u00fanico meio de comunica\u00e7\u00e3o aqui, ainda mais para o pessoal do interior\u201d, relata Norton. Na aus\u00eancia de luz, o r\u00e1dio a pilha virou aliado. Na \u00e9poca, a UFSM integrou uma <\/span><a style=\"text-decoration: none\" href=\"https:\/\/www.ufsm.br\/2024\/05\/09\/ufsm-integra-campanha-liderada-pela-unics-para-arrecadacao-de-radios-a-pilha-e-pilhas\"><span style=\"font-size: 12pt;font-family: 'Times New Roman',serif;color: #1155cc;background-color: transparent;font-weight: 400;font-style: normal;font-variant: normal;text-decoration: underline;vertical-align: baseline\">campanha<\/span><\/a><span style=\"font-size: 12pt;font-family: 'Times New Roman',serif;color: #000000;background-color: transparent;font-weight: 400;font-style: normal;font-variant: normal;text-decoration: none;vertical-align: baseline\"> liderada pela Universidade de Santa Cruz do Sul (Unisc), que arrecadou pilhas e r\u00e1dios para distribui\u00e7\u00e3o na regi\u00e3o.<\/span><\/p>\t\t\t\t\t\t<\/div>\n\t\t\t\t<\/div>\n\t\t\t\t\t<\/div>\n\t\t<\/div>\n\t\t\t\t\t<\/div>\n\t\t<\/section>\n\t\t\t\t<section class=\"elementor-section elementor-top-section elementor-element elementor-element-a31f53b elementor-section-boxed elementor-section-height-default elementor-section-height-default\" data-id=\"a31f53b\" data-element_type=\"section\">\n\t\t\t\t\t\t<div class=\"elementor-container elementor-column-gap-default\">\n\t\t\t\t\t<div class=\"elementor-column elementor-col-100 elementor-top-column elementor-element elementor-element-88491fe\" data-id=\"88491fe\" data-element_type=\"column\">\n\t\t\t<div class=\"elementor-widget-wrap elementor-element-populated\">\n\t\t\t\t\t\t<div class=\"elementor-element elementor-element-b9b6a45 elementor-widget elementor-widget-image\" data-id=\"b9b6a45\" data-element_type=\"widget\" data-widget_type=\"image.default\">\n\t\t\t\t<div class=\"elementor-widget-container\">\n\t\t\t\t\t\t\t\t\t\t\t\t\t<img fetchpriority=\"high\" decoding=\"async\" width=\"1024\" height=\"667\" src=\"https:\/\/www.ufsm.br\/app\/uploads\/sites\/929\/2025\/03\/desinformacao-climatica_001-1024x667.jpg\" class=\"attachment-large size-large wp-image-285\" alt=\"Descri\u00e7\u00e3o da imagem: ilustra\u00e7\u00e3o horizontal e colorida de um urso polar branco, que sorri em meio \u00e0s mudan\u00e7as clim\u00e1ticas. O urso usa um chap\u00e9u marrom, e est\u00e1 sentado em um bloco de gelo que derrete. Ao redor dele, focos de inc\u00eandio, e uma x\u00edcara de caf\u00e9 sobre uma mesa redonda marrom. Ao lado esquerdo do urso, um bal\u00e3o de fala com o texto &#039;T\u00e1 tudo bem&#039;. O bloco de gelo est\u00e1 no meio do mar, azul, que se estende no infinito. Na parte superior da imagem, nuvens em tom cinza escuro, e tr\u00eas raios que caem na dire\u00e7\u00e3o do mar.\" srcset=\"https:\/\/www.ufsm.br\/app\/uploads\/sites\/929\/2025\/03\/desinformacao-climatica_001-1024x667.jpg 1024w, https:\/\/www.ufsm.br\/app\/uploads\/sites\/929\/2025\/03\/desinformacao-climatica_001-300x196.jpg 300w, https:\/\/www.ufsm.br\/app\/uploads\/sites\/929\/2025\/03\/desinformacao-climatica_001-768x501.jpg 768w, https:\/\/www.ufsm.br\/app\/uploads\/sites\/929\/2025\/03\/desinformacao-climatica_001-1536x1001.jpg 1536w, https:\/\/www.ufsm.br\/app\/uploads\/sites\/929\/2025\/03\/desinformacao-climatica_001.jpg 1657w\" sizes=\"(max-width: 1024px) 100vw, 1024px\" \/>\t\t\t\t\t\t\t\t\t\t\t\t\t<\/div>\n\t\t\t\t<\/div>\n\t\t\t\t\t<\/div>\n\t\t<\/div>\n\t\t\t\t\t<\/div>\n\t\t<\/section>\n\t\t\t\t<section class=\"elementor-section elementor-top-section elementor-element elementor-element-aa9d3ca elementor-section-boxed elementor-section-height-default elementor-section-height-default\" data-id=\"aa9d3ca\" data-element_type=\"section\">\n\t\t\t\t\t\t<div class=\"elementor-container elementor-column-gap-default\">\n\t\t\t\t\t<div class=\"elementor-column elementor-col-100 elementor-top-column elementor-element elementor-element-6633195\" data-id=\"6633195\" data-element_type=\"column\">\n\t\t\t<div class=\"elementor-widget-wrap elementor-element-populated\">\n\t\t\t\t\t\t<div class=\"elementor-element elementor-element-775cc71 elementor-widget elementor-widget-text-editor\" data-id=\"775cc71\" data-element_type=\"widget\" data-widget_type=\"text-editor.default\">\n\t\t\t\t<div class=\"elementor-widget-container\">\n\t\t\t\t\t\t\t<p><span style=\"font-size: 12pt;font-family: 'Times New Roman',serif;color: #000000;background-color: transparent;font-weight: 400;font-style: normal;font-variant: normal;text-decoration: none;vertical-align: baseline\">Em voga no debate sobre o cen\u00e1rio das mudan\u00e7as clim\u00e1ticas, a desinforma\u00e7\u00e3o tamb\u00e9m ganhou contornos reais durante o acontecimento. Norton conta que surgiram informa\u00e7\u00f5es desencontradas que se potencializaram pelo compartilhamento em redes sociais e, com isso, acabaram por desinformar. \u201cQualquer coisa, pequena que fosse, devido ao tamanho da trag\u00e9dia virava uma grande informa\u00e7\u00e3o que muitas vezes n\u00e3o se confirmava, que n\u00e3o era verdade\u201d, relembra.<\/span><\/p>\t\t\t\t\t\t<\/div>\n\t\t\t\t<\/div>\n\t\t\t\t\t<\/div>\n\t\t<\/div>\n\t\t\t\t\t<\/div>\n\t\t<\/section>\n\t\t\t\t<section class=\"elementor-section elementor-top-section elementor-element elementor-element-92aeb9e elementor-section-boxed elementor-section-height-default elementor-section-height-default\" data-id=\"92aeb9e\" data-element_type=\"section\">\n\t\t\t\t\t\t<div class=\"elementor-container elementor-column-gap-default\">\n\t\t\t\t\t<div class=\"elementor-column elementor-col-100 elementor-top-column elementor-element elementor-element-e69978a\" data-id=\"e69978a\" data-element_type=\"column\">\n\t\t\t<div class=\"elementor-widget-wrap elementor-element-populated\">\n\t\t\t\t\t\t<div class=\"elementor-element elementor-element-22b6926 elementor-widget elementor-widget-heading\" data-id=\"22b6926\" data-element_type=\"widget\" data-widget_type=\"heading.default\">\n\t\t\t\t<div class=\"elementor-widget-container\">\n\t\t\t<h3 class=\"elementor-heading-title elementor-size-default\">Desinforma\u00e7\u00e3o clim\u00e1tica<\/h3>\t\t<\/div>\n\t\t\t\t<\/div>\n\t\t\t\t\t<\/div>\n\t\t<\/div>\n\t\t\t\t\t<\/div>\n\t\t<\/section>\n\t\t\t\t<section class=\"elementor-section elementor-top-section elementor-element elementor-element-419e189 elementor-section-boxed elementor-section-height-default elementor-section-height-default\" data-id=\"419e189\" data-element_type=\"section\">\n\t\t\t\t\t\t<div class=\"elementor-container elementor-column-gap-default\">\n\t\t\t\t\t<div class=\"elementor-column elementor-col-100 elementor-top-column elementor-element elementor-element-84ee1fa\" data-id=\"84ee1fa\" data-element_type=\"column\">\n\t\t\t<div class=\"elementor-widget-wrap elementor-element-populated\">\n\t\t\t\t\t\t<div class=\"elementor-element elementor-element-41ad6c6 elementor-widget elementor-widget-text-editor\" data-id=\"41ad6c6\" data-element_type=\"widget\" data-widget_type=\"text-editor.default\">\n\t\t\t\t<div class=\"elementor-widget-container\">\n\t\t\t\t\t\t\t<p id=\"docs-internal-guid-c0e81d64-7fff-acd4-8667-021f89c41421\" dir=\"ltr\" style=\"line-height: 1.7999999999999998;text-align: justify;margin-top: 0pt;margin-bottom: 0pt\"><span style=\"font-size: 12pt;font-family: 'Times New Roman',serif;color: #000000;background-color: transparent;font-weight: 400;font-style: normal;font-variant: normal;text-decoration: none;vertical-align: baseline\">Neste cen\u00e1rio, o fen\u00f4meno \u00e9 nomeado como desinforma\u00e7\u00e3o clim\u00e1tica. Para a professora e pesquisadora Laura Storch, do Programa de P\u00f3s-Gradua\u00e7\u00e3o em Comunica\u00e7\u00e3o da UFSM, a no\u00e7\u00e3o do conceito \u00e9 complexa porque parte de um debate mais amplo, da desinforma\u00e7\u00e3o e letramento comunicacional e digital, mas tamb\u00e9m compreende quest\u00f5es emergenciais sobre o clima. \u201cEnvolve tanto o conhecimento cient\u00edfico sobre as mudan\u00e7as clim\u00e1ticas e sobre as transforma\u00e7\u00f5es que a vida humana no planeta tem gerado para os sistemas ecol\u00f3gicos, mas tamb\u00e9m um conjunto de informa\u00e7\u00f5es e desinforma\u00e7\u00f5es vinculadas ao modo como as mudan\u00e7as clim\u00e1ticas afetam as popula\u00e7\u00f5es\u201d, destaca Laura.<\/span><\/p><p>\u00a0<\/p><p dir=\"ltr\" style=\"line-height: 1.7999999999999998;text-align: justify;margin-top: 0pt;margin-bottom: 0pt\"><span style=\"font-size: 12pt;font-family: 'Times New Roman',serif;color: #000000;background-color: transparent;font-weight: 400;font-style: normal;font-variant: normal;text-decoration: none;vertical-align: baseline\">As desinforma\u00e7\u00f5es podem ser classificadas em dois n\u00edveis, de acordo com Laura. O primeiro \u00e9 o que valoriza o absurdo, cujas postagens envolvem teorias da conspira\u00e7\u00e3o, como as que dizem que as mudan\u00e7as clim\u00e1ticas n\u00e3o existem. \u201cE tem desinforma\u00e7\u00f5es que s\u00e3o muito pelo modo como o pr\u00f3prio conhecimento cient\u00edfico \u00e9 produzido, que no contexto de uma sociedade muito complexa se torna dif\u00edcil de popularizar\u201d, cita Laura. Para a pesquisadora, a ideia da diverg\u00eancia no pensamento cient\u00edfico contribui para a cria\u00e7\u00e3o de questionamentos. \u201cEsse tipo de d\u00favida que a ci\u00eancia coloca \u00e9 muito dif\u00edcil de ser explicada em um contexto popular, e vai gerar um conjunto de ideias que podem alimentar as desinforma\u00e7\u00f5es mais catastr\u00f3ficas, como o debate se existe aquecimento global\u201d, explica.<\/span><\/p><p>\u00a0<\/p><p dir=\"ltr\" style=\"line-height: 1.7999999999999998;text-align: justify;margin-top: 0pt;margin-bottom: 0pt\"><span style=\"font-size: 12pt;font-family: 'Times New Roman',serif;color: #000000;background-color: transparent;font-weight: 400;font-style: normal;font-variant: normal;text-decoration: none;vertical-align: baseline\">Segundo Laura, a desinforma\u00e7\u00e3o clim\u00e1tica \u00e9 perigosa de maneira palp\u00e1vel. \u201cEla tamb\u00e9m \u00e9 capaz de gerar morte, de gerar perdas, de gerar destrui\u00e7\u00e3o, porque ela \u00e9 capaz de operar com o descaso, com a desorganiza\u00e7\u00e3o das comunidades. Ela \u00e9 capaz de desarticular a\u00e7\u00f5es que j\u00e1 estavam em andamento\u201d, exp\u00f5e. A problem\u00e1tica \u00e9 c\u00edvica, social e pol\u00edtica, e afeta, inclusive, a democracia, porque ela depende tamb\u00e9m da participa\u00e7\u00e3o e da confian\u00e7a. Norton \u00c1vila reflete que o fen\u00f4meno afeta seu dia-a-dia no trabalho, principalmente quando disseminado por pessoas que n\u00e3o verificam a informa\u00e7\u00e3o. \u2018Eu sinto na pele\u2019, desabafa. Para o jornalista, a aten\u00e7\u00e3o com a quest\u00e3o ambiental ainda n\u00e3o \u00e9 prioridade para a comunidade restinguense. \u201cEles est\u00e3o mais preocupados com a solu\u00e7\u00e3o, em ter esse bem restabelecido, quem foi atingido em casa, a ponte que apresentava defeitos e ainda n\u00e3o foi reconstru\u00edda\u201d, avalia Norton.<\/span><\/p><p>\u00a0<\/p>\t\t\t\t\t\t<\/div>\n\t\t\t\t<\/div>\n\t\t\t\t\t<\/div>\n\t\t<\/div>\n\t\t\t\t\t<\/div>\n\t\t<\/section>\n\t\t\t\t<section class=\"elementor-section elementor-top-section elementor-element elementor-element-6e372e6 elementor-section-boxed elementor-section-height-default elementor-section-height-default\" data-id=\"6e372e6\" data-element_type=\"section\">\n\t\t\t\t\t\t<div class=\"elementor-container elementor-column-gap-default\">\n\t\t\t\t\t<div class=\"elementor-column elementor-col-100 elementor-top-column elementor-element elementor-element-2022929\" data-id=\"2022929\" data-element_type=\"column\">\n\t\t\t<div class=\"elementor-widget-wrap elementor-element-populated\">\n\t\t\t\t\t\t<div class=\"elementor-element elementor-element-c333cd0 elementor-widget elementor-widget-heading\" data-id=\"c333cd0\" data-element_type=\"widget\" data-widget_type=\"heading.default\">\n\t\t\t\t<div class=\"elementor-widget-container\">\n\t\t\t<h3 class=\"elementor-heading-title elementor-size-default\">Comunica\u00e7\u00e3o de Proximidade<\/h3>\t\t<\/div>\n\t\t\t\t<\/div>\n\t\t\t\t\t<\/div>\n\t\t<\/div>\n\t\t\t\t\t<\/div>\n\t\t<\/section>\n\t\t\t\t<section class=\"elementor-section elementor-top-section elementor-element elementor-element-c0a3324 elementor-section-boxed elementor-section-height-default elementor-section-height-default\" data-id=\"c0a3324\" data-element_type=\"section\">\n\t\t\t\t\t\t<div class=\"elementor-container elementor-column-gap-default\">\n\t\t\t\t\t<div class=\"elementor-column elementor-col-100 elementor-top-column elementor-element elementor-element-88fec18\" data-id=\"88fec18\" data-element_type=\"column\">\n\t\t\t<div class=\"elementor-widget-wrap elementor-element-populated\">\n\t\t\t\t\t\t<div class=\"elementor-element elementor-element-c6b2f90 elementor-widget elementor-widget-text-editor\" data-id=\"c6b2f90\" data-element_type=\"widget\" data-widget_type=\"text-editor.default\">\n\t\t\t\t<div class=\"elementor-widget-container\">\n\t\t\t\t\t\t\t<p id=\"docs-internal-guid-7213739a-7fff-20c7-06d6-98c60c289eac\" dir=\"ltr\" style=\"line-height: 1.7999999999999998;text-align: justify;margin-top: 0pt;margin-bottom: 0pt\"><span style=\"font-size: 12pt;font-family: 'Times New Roman',serif;color: #000000;background-color: transparent;font-weight: 400;font-style: normal;font-variant: normal;text-decoration: none;vertical-align: baseline\">As enchentes de maio de 2024 tamb\u00e9m sacudiram o grupo de pesquisadores do Programa de P\u00f3s-Gradua\u00e7\u00e3o em Comunica\u00e7\u00e3o da UFSM (Poscom). Com o acontecimento, veio a sensa\u00e7\u00e3o de impot\u00eancia. Al\u00e9m da coleta de doa\u00e7\u00f5es, docentes, estudantes de gradua\u00e7\u00e3o e p\u00f3s-gradua\u00e7\u00e3o participaram do projeto de arrecada\u00e7\u00e3o de pilhas e r\u00e1dios a pilha para as \u00e1reas atingidas da Quarta Col\u00f4nia.\u00a0<\/span><\/p><p dir=\"ltr\" style=\"line-height: 1.7999999999999998;text-align: justify;margin-top: 0pt;margin-bottom: 0pt\"><span style=\"font-size: 12pt;font-family: 'Times New Roman',serif;color: #000000;background-color: transparent;font-weight: 400;font-style: normal;font-variant: normal;text-decoration: none;vertical-align: baseline\">\u00a0<\/span><\/p><p dir=\"ltr\" style=\"line-height: 1.7999999999999998;text-align: justify;margin-top: 0pt;margin-bottom: 0pt\"><span style=\"font-size: 12pt;font-family: 'Times New Roman',serif;color: #000000;background-color: transparent;font-weight: 400;font-style: normal;font-variant: normal;text-decoration: none;vertical-align: baseline\">Mas uma pergunta continuou presente para as pesquisadoras: qual \u00e9 o papel da comunica\u00e7\u00e3o nesse contexto? Laura conta que come\u00e7aram a perceber que a atua\u00e7\u00e3o do campo n\u00e3o \u00e9 emergencial, como a da \u00e1rea da sa\u00fade. \u201cEle acontece antes e depois. Deveria ter acontecido antes, deveria estar l\u00e1 para ajudar essas comunidades a se organizar e a estar preparadas\u201d, comenta.<\/span><\/p><p dir=\"ltr\" style=\"line-height: 1.7999999999999998;text-align: justify;margin-top: 0pt;margin-bottom: 0pt\"><span style=\"font-size: 12pt;font-family: 'Times New Roman',serif;color: #000000;background-color: transparent;font-weight: 400;font-style: normal;font-variant: normal;text-decoration: none;vertical-align: baseline\">\u00a0<\/span><\/p><p dir=\"ltr\" style=\"line-height: 1.7999999999999998;text-align: justify;margin-top: 0pt;margin-bottom: 0pt\"><span style=\"font-size: 12pt;font-family: 'Times New Roman',serif;color: #000000;background-color: transparent;font-weight: 400;font-style: normal;font-variant: normal;text-decoration: none;vertical-align: baseline\">\u00c9 a partir da vontade de compartilhar as pesquisas com a comunidade que surgiu o projeto \u2018Comunica\u00e7\u00e3o de Proximidade: mem\u00f3ria, resili\u00eancia e adapta\u00e7\u00e3o social a riscos clim\u00e1ticos e cat\u00e1strofes naturais na Quarta Col\u00f4nia\u2019, liderado pelo Poscom e em parceria com os Programas de P\u00f3s-Gradua\u00e7\u00e3o da Geografia (PPGeo), do Patrim\u00f4nio Cultural (PPGPC), da Enfermagem (PPGEnf) e de Letras (PPGL). \u201cA ideia do projeto nasceu desse desconforto, desse inc\u00f4modo, de como a gente poderia atuar e gerar a\u00e7\u00f5es concretas para a comunidade\u201d, explica Laura. O \u2018Comunica\u00e7\u00e3o de Proximidade\u2019 \u00e9 uma das dez propostas contempladas pelo edital do Programa de Extens\u00e3o 2024\/2026.<\/span><\/p><p dir=\"ltr\" style=\"line-height: 1.7999999999999998;text-align: justify;margin-top: 0pt;margin-bottom: 0pt\"><span style=\"font-size: 12pt;font-family: 'Times New Roman',serif;color: #000000;background-color: transparent;font-weight: 400;font-style: normal;font-variant: normal;text-decoration: none;vertical-align: baseline\">\u00a0<\/span><\/p><p dir=\"ltr\" style=\"line-height: 1.7999999999999998;text-align: justify;margin-top: 0pt;margin-bottom: 0pt\"><span style=\"font-size: 12pt;font-family: 'Times New Roman',serif;color: #000000;background-color: transparent;font-weight: 400;font-style: normal;font-variant: normal;text-decoration: none;vertical-align: baseline\">O projeto parte do conceito que o nomeia para articular os debates de territ\u00f3rio e governan\u00e7a ao papel da pol\u00edtica e do pertencimento regional em uma din\u00e2mica comunicacional, que nasce na comunidade para a comunidade. \u201cO papel da comunica\u00e7\u00e3o de proximidade \u00e9 qualificar a informa\u00e7\u00e3o e a discuss\u00e3o c\u00edvica para gerar protocolos de seguran\u00e7a e de alerta, e para gerar debates que fomentem pol\u00edticas de preven\u00e7\u00e3o\u201d, destaca Laura.\u00a0<\/span><\/p><p dir=\"ltr\" style=\"line-height: 1.7999999999999998;text-align: justify;margin-top: 0pt;margin-bottom: 0pt\"><span style=\"font-size: 12pt;font-family: 'Times New Roman',serif;color: #000000;background-color: transparent;font-weight: 400;font-style: normal;font-variant: normal;text-decoration: none;vertical-align: baseline\">\u00a0<\/span><\/p><p dir=\"ltr\" style=\"line-height: 1.7999999999999998;text-align: justify;margin-top: 0pt;margin-bottom: 0pt\"><span style=\"font-size: 12pt;font-family: 'Times New Roman',serif;color: #000000;background-color: transparent;font-weight: 400;font-style: normal;font-variant: normal;text-decoration: none;vertical-align: baseline\">Para a pesquisadora, a quest\u00e3o do territ\u00f3rio \u00e9 importante porque a desinforma\u00e7\u00e3o clim\u00e1tica afeta, de maneira mais contundente, os desertos de not\u00edcias, ou seja, locais em que h\u00e1 aus\u00eancia de meios e ve\u00edculos de comunica\u00e7\u00e3o especializados. A cobertura sobre as enchentes, por exemplo, come\u00e7ou pela Quarta Col\u00f4nia por ser a primeira afetada, mas na medida em que a emerg\u00eancia clim\u00e1tica e humanit\u00e1ria tomou propor\u00e7\u00f5es grandes na regi\u00e3o metropolitana, a cobertura se deslocou e teve maior \u00eanfase em Porto Alegre.\u00a0<\/span><\/p><p dir=\"ltr\" style=\"line-height: 1.7999999999999998;text-align: justify;margin-top: 0pt;margin-bottom: 0pt\"><span style=\"font-size: 12pt;font-family: 'Times New Roman',serif;color: #000000;background-color: transparent;font-weight: 400;font-style: normal;font-variant: normal;text-decoration: none;vertical-align: baseline\">\u00a0<\/span><\/p><p dir=\"ltr\" style=\"line-height: 1.7999999999999998;text-align: justify;margin-top: 0pt;margin-bottom: 0pt\"><span style=\"font-size: 12pt;font-family: 'Times New Roman',serif;color: #000000;background-color: transparent;font-weight: 400;font-style: normal;font-variant: normal;text-decoration: none;vertical-align: baseline\">Laura define o jornalismo como pr\u00e1tica material, que existe no tempo e no espa\u00e7o e, por isso, tem limita\u00e7\u00f5es do que consegue fazer.<\/span><\/p>\t\t\t\t\t\t<\/div>\n\t\t\t\t<\/div>\n\t\t\t\t\t<\/div>\n\t\t<\/div>\n\t\t\t\t\t<\/div>\n\t\t<\/section>\n\t\t\t\t<section class=\"elementor-section elementor-top-section elementor-element elementor-element-22a155f elementor-section-boxed elementor-section-height-default elementor-section-height-default\" data-id=\"22a155f\" data-element_type=\"section\">\n\t\t\t\t\t\t<div class=\"elementor-container elementor-column-gap-default\">\n\t\t\t\t\t<div class=\"elementor-column elementor-col-100 elementor-top-column elementor-element elementor-element-212d907\" data-id=\"212d907\" data-element_type=\"column\">\n\t\t\t<div class=\"elementor-widget-wrap elementor-element-populated\">\n\t\t\t\t\t\t<div class=\"elementor-element elementor-element-9e11465 elementor-widget elementor-widget-testimonial\" data-id=\"9e11465\" data-element_type=\"widget\" data-widget_type=\"testimonial.default\">\n\t\t\t\t<div class=\"elementor-widget-container\">\n\t\t\t\t\t<div class=\"elementor-testimonial-wrapper\">\n\t\t\t\t\t\t\t<div class=\"elementor-testimonial-content\"><b><span style=\"font-size: 12pt;, serif;background-color: transparent;font-style: normal;font-variant: normal;text-decoration: none;vertical-align: baseline\">\u201cEnt\u00e3o essas zonas de sombreamento s\u00e3o naturais. As desinforma\u00e7\u00f5es v\u00e3o acompanhar a l\u00f3gica acontecimental, v\u00e3o ser olhadas e estar em foco. Enquanto isso, as zonas de sombra informacional, em particular os desertos de not\u00edcias, v\u00e3o gerar apagamentos maiores da possibilidade de desmentir, verificar e corrigir a informa\u00e7\u00e3o\u201d, evidencia Laura.<\/span><\/b><\/div>\n\t\t\t\n\t\t\t\t\t<\/div>\n\t\t\t\t<\/div>\n\t\t\t\t<\/div>\n\t\t\t\t\t<\/div>\n\t\t<\/div>\n\t\t\t\t\t<\/div>\n\t\t<\/section>\n\t\t\t\t<section class=\"elementor-section elementor-top-section elementor-element elementor-element-4169ce5 elementor-section-boxed elementor-section-height-default elementor-section-height-default\" data-id=\"4169ce5\" data-element_type=\"section\">\n\t\t\t\t\t\t<div class=\"elementor-container elementor-column-gap-default\">\n\t\t\t\t\t<div class=\"elementor-column elementor-col-100 elementor-top-column elementor-element elementor-element-4d4fe8d\" data-id=\"4d4fe8d\" data-element_type=\"column\">\n\t\t\t<div class=\"elementor-widget-wrap elementor-element-populated\">\n\t\t\t\t\t\t<div class=\"elementor-element elementor-element-8371fa9 elementor-widget elementor-widget-heading\" data-id=\"8371fa9\" data-element_type=\"widget\" data-widget_type=\"heading.default\">\n\t\t\t\t<div class=\"elementor-widget-container\">\n\t\t\t<h3 class=\"elementor-heading-title elementor-size-default\">Educa\u00e7\u00e3o midi\u00e1tica<\/h3>\t\t<\/div>\n\t\t\t\t<\/div>\n\t\t\t\t\t<\/div>\n\t\t<\/div>\n\t\t\t\t\t<\/div>\n\t\t<\/section>\n\t\t\t\t<section class=\"elementor-section elementor-top-section elementor-element elementor-element-01bf16b elementor-section-boxed elementor-section-height-default elementor-section-height-default\" data-id=\"01bf16b\" data-element_type=\"section\">\n\t\t\t\t\t\t<div class=\"elementor-container elementor-column-gap-default\">\n\t\t\t\t\t<div class=\"elementor-column elementor-col-100 elementor-top-column elementor-element elementor-element-f35f198\" data-id=\"f35f198\" data-element_type=\"column\">\n\t\t\t<div class=\"elementor-widget-wrap elementor-element-populated\">\n\t\t\t\t\t\t<div class=\"elementor-element elementor-element-c295738 elementor-widget elementor-widget-text-editor\" data-id=\"c295738\" data-element_type=\"widget\" data-widget_type=\"text-editor.default\">\n\t\t\t\t<div class=\"elementor-widget-container\">\n\t\t\t\t\t\t\t<p id=\"docs-internal-guid-26ffbd0a-7fff-3dd7-7a31-b68c863eeede\" dir=\"ltr\" style=\"line-height: 1.7999999999999998;text-align: justify;margin-top: 0pt;margin-bottom: 0pt\"><span style=\"font-size: 12pt;font-family: 'Times New Roman',serif;color: #000000;background-color: transparent;font-weight: 400;font-style: normal;font-variant: normal;text-decoration: none;vertical-align: baseline\">Um dos bra\u00e7os do projeto \u00e9 a educa\u00e7\u00e3o midi\u00e1tica. As oficinas em escolas foram uma das formas encontradas para efetivar a extens\u00e3o. Ministradas por estudantes de p\u00f3s-gradua\u00e7\u00e3o da Geografia e da Comunica\u00e7\u00e3o em novembro de 2024, as oficinas trataram sobre as caracter\u00edsticas geogr\u00e1ficas da Quarta Col\u00f4nia, a compreens\u00e3o de como aconteceram os deslizamentos e eros\u00f5es, e da desinforma\u00e7\u00e3o, por meio das not\u00edcias falsas.\u00a0<\/span><\/p><p>\u00a0<\/p><p dir=\"ltr\" style=\"line-height: 1.7999999999999998;text-align: justify;margin-top: 0pt;margin-bottom: 0pt\"><span style=\"font-size: 12pt;font-family: 'Times New Roman',serif;color: #000000;background-color: transparent;font-weight: 400;font-style: normal;font-variant: normal;text-decoration: none;vertical-align: baseline\">Vanessa Manfio \u00e9 professora de geografia na Escola Municipal de Ensino Fundamental Professora C\u00e2ndida Zasso, que fica na \u00e1rea urbana de Nova Palma &#8211; RS. Esta \u00e9 uma das escolas que receberam as oficinas. Estudantes do 6\u00ba e 7\u00ba ano puderam compreender mais sobre o clima na oficina da Geografia, e os do 8\u00ba e 9\u00ba aprenderam sobre desinforma\u00e7\u00e3o. Al\u00e9m da parte te\u00f3rica inicial, os estudantes puderam gravar v\u00eddeos e tirar fotos e interagir por meio de seus relatos de experi\u00eancias. Vanessa conta que muitos dos alunos foram atingidos pela enchente: perderam casas, bens materiais e roupas.\u00a0<\/span><\/p><p>\u00a0<\/p><p dir=\"ltr\" style=\"line-height: 1.7999999999999998;text-align: justify;margin-top: 0pt;margin-bottom: 0pt\"><span style=\"font-size: 12pt;font-family: 'Times New Roman',serif;color: #000000;background-color: transparent;font-weight: 400;font-style: normal;font-variant: normal;text-decoration: none;vertical-align: baseline\">Para ela, a experi\u00eancia foi significativa por permitir que pudessem identificar desinforma\u00e7\u00f5es. \u201cCirculava muitos v\u00eddeos sobre o \u2018rompimento\u2019 da barragem de Ita\u00faba, da Usina Hidrel\u00e9trica de Nova Palma. Isso assustava muito a gente. Nossos alunos conseguiram perceber que algumas informa\u00e7\u00f5es que circularam na \u00e9poca das enchentes n\u00e3o eram verdadeiras\u201d, conta Vanessa. A professora avalia que o conhecimento \u00e9 positivo, pois permite maior cuidado na percep\u00e7\u00e3o da origem da informa\u00e7\u00e3o e, consequentemente, no seu compartilhamento. \u201cPrecisamos estar com um olhar atento e aberto de que nem tudo que circula na internet \u00e9 verdadeiro. Precisamos buscar uma fonte de informa\u00e7\u00f5es correta, e quando chega um material desse tipo n\u00e3o podemos sair divulgando sem saber se \u00e9 verdade\u201d, reflete.<\/span><\/p><p>\u00a0<\/p>\t\t\t\t\t\t<\/div>\n\t\t\t\t<\/div>\n\t\t\t\t\t<\/div>\n\t\t<\/div>\n\t\t\t\t\t<\/div>\n\t\t<\/section>\n\t\t\t\t<section class=\"elementor-section elementor-top-section elementor-element elementor-element-a4b56af elementor-section-boxed elementor-section-height-default elementor-section-height-default\" data-id=\"a4b56af\" data-element_type=\"section\">\n\t\t\t\t\t\t<div class=\"elementor-container elementor-column-gap-default\">\n\t\t\t\t\t<div class=\"elementor-column elementor-col-100 elementor-top-column elementor-element elementor-element-e2d6ad2\" data-id=\"e2d6ad2\" data-element_type=\"column\">\n\t\t\t<div class=\"elementor-widget-wrap elementor-element-populated\">\n\t\t\t\t\t\t<div class=\"elementor-element elementor-element-0790fae elementor-widget elementor-widget-heading\" data-id=\"0790fae\" data-element_type=\"widget\" data-widget_type=\"heading.default\">\n\t\t\t\t<div class=\"elementor-widget-container\">\n\t\t\t<h3 class=\"elementor-heading-title elementor-size-default\">Pr\u00f3ximos passos<\/h3>\t\t<\/div>\n\t\t\t\t<\/div>\n\t\t\t\t\t<\/div>\n\t\t<\/div>\n\t\t\t\t\t<\/div>\n\t\t<\/section>\n\t\t\t\t<section class=\"elementor-section elementor-top-section elementor-element elementor-element-a6074cd elementor-section-boxed elementor-section-height-default elementor-section-height-default\" data-id=\"a6074cd\" data-element_type=\"section\">\n\t\t\t\t\t\t<div class=\"elementor-container elementor-column-gap-default\">\n\t\t\t\t\t<div class=\"elementor-column elementor-col-100 elementor-top-column elementor-element elementor-element-a8a8887\" data-id=\"a8a8887\" data-element_type=\"column\">\n\t\t\t<div class=\"elementor-widget-wrap elementor-element-populated\">\n\t\t\t\t\t\t<div class=\"elementor-element elementor-element-564680e elementor-widget elementor-widget-text-editor\" data-id=\"564680e\" data-element_type=\"widget\" data-widget_type=\"text-editor.default\">\n\t\t\t\t<div class=\"elementor-widget-container\">\n\t\t\t\t\t\t\t<p><span id=\"docs-internal-guid-09a3158e-7fff-c127-2fe7-dd5c2741f16f\" style=\"font-size: 12pt;font-family: 'Times New Roman',serif;color: #000000;background-color: transparent;font-weight: 400;font-style: normal;font-variant: normal;text-decoration: none;vertical-align: baseline\">Al\u00e9m da educa\u00e7\u00e3o midi\u00e1tica, o projeto \u2018Comunica\u00e7\u00e3o de Proximidade\u2019 tem mais dois bra\u00e7os. O primeiro \u00e9 o da constitui\u00e7\u00e3o do ecossistema comunicacional da regi\u00e3o, que consiste no mapeamento de comunicadores populares que s\u00e3o refer\u00eancias para a informa\u00e7\u00e3o de qualidade. E o segundo se refere \u00e0 cria\u00e7\u00e3o de grupos de discuss\u00e3o com a comunidade para o desenho de protocolos de comunica\u00e7\u00e3o de alerta e de seguran\u00e7a. A inten\u00e7\u00e3o \u00e9 que a Quarta Col\u00f4nia esteja mais preparada, em termos comunicacionais, caso emerg\u00eancias clim\u00e1ticas voltem a acontecer.<\/span><\/p>\t\t\t\t\t\t<\/div>\n\t\t\t\t<\/div>\n\t\t\t\t\t<\/div>\n\t\t<\/div>\n\t\t\t\t\t<\/div>\n\t\t<\/section>\n\t\t\t\t<section class=\"elementor-section elementor-top-section elementor-element elementor-element-9d8250c elementor-section-boxed elementor-section-height-default elementor-section-height-default\" data-id=\"9d8250c\" data-element_type=\"section\">\n\t\t\t\t\t\t<div class=\"elementor-container elementor-column-gap-default\">\n\t\t\t\t\t<div class=\"elementor-column elementor-col-100 elementor-top-column elementor-element elementor-element-8f947d4\" data-id=\"8f947d4\" data-element_type=\"column\">\n\t\t\t<div class=\"elementor-widget-wrap elementor-element-populated\">\n\t\t\t\t\t\t<div class=\"elementor-element elementor-element-c2abb49 elementor-widget elementor-widget-heading\" data-id=\"c2abb49\" data-element_type=\"widget\" data-widget_type=\"heading.default\">\n\t\t\t\t<div class=\"elementor-widget-container\">\n\t\t\t<h6 class=\"elementor-heading-title elementor-size-default\">Expediente<\/h6>\t\t<\/div>\n\t\t\t\t<\/div>\n\t\t\t\t\t<\/div>\n\t\t<\/div>\n\t\t\t\t\t<\/div>\n\t\t<\/section>\n\t\t\t\t<section class=\"elementor-section elementor-top-section elementor-element elementor-element-cd24b4e elementor-section-boxed elementor-section-height-default elementor-section-height-default\" data-id=\"cd24b4e\" data-element_type=\"section\">\n\t\t\t\t\t\t<div class=\"elementor-container elementor-column-gap-default\">\n\t\t\t\t\t<div class=\"elementor-column elementor-col-100 elementor-top-column elementor-element elementor-element-3ef85a1\" data-id=\"3ef85a1\" data-element_type=\"column\">\n\t\t\t<div class=\"elementor-widget-wrap elementor-element-populated\">\n\t\t\t\t\t\t<div class=\"elementor-element elementor-element-390f0ad elementor-widget elementor-widget-text-editor\" data-id=\"390f0ad\" data-element_type=\"widget\" data-widget_type=\"text-editor.default\">\n\t\t\t\t<div class=\"elementor-widget-container\">\n\t\t\t\t\t\t\t<p id=\"docs-internal-guid-d378775d-7fff-57c9-e7e2-c91df15135ce\" dir=\"ltr\" style=\"line-height: 1.7999999999999998;text-align: justify;margin-top: 0pt;margin-bottom: 0pt\"><span style=\"font-size: 12pt;font-family: 'Times New Roman',serif;color: #000000;background-color: transparent;font-weight: 400;font-style: italic;font-variant: normal;text-decoration: none;vertical-align: baseline\">Reportagem: Samara Wobeto, jornalista<\/span><\/p>\n<p dir=\"ltr\" style=\"line-height: 1.7999999999999998;text-align: justify;margin-top: 0pt;margin-bottom: 0pt\"><span style=\"font-size: 12pt;font-family: 'Times New Roman',serif;color: #000000;background-color: transparent;font-weight: 400;font-style: italic;font-variant: normal;text-decoration: none;vertical-align: baseline\">Edi\u00e7\u00e3o: Luciane Treulieb, jornalista<\/span><\/p>\n<p dir=\"ltr\" style=\"line-height: 1.7999999999999998;text-align: justify;margin-top: 0pt;margin-bottom: 0pt\"><span style=\"font-size: 12pt;font-family: 'Times New Roman',serif;color: #000000;background-color: transparent;font-weight: 400;font-style: italic;font-variant: normal;text-decoration: none;vertical-align: baseline\">Design: Evandro Bertol, designer<\/span><\/p>\t\t\t\t\t\t<\/div>\n\t\t\t\t<\/div>\n\t\t\t\t\t<\/div>\n\t\t<\/div>\n\t\t\t\t\t<\/div>\n\t\t<\/section>\n\t\t\t\t<\/div>\n\t\t","protected":false},"excerpt":{"rendered":"<p>Projeto de extens\u00e3o \u2018Comunica\u00e7\u00e3o de Proximidade\u2019 vai criar protocolos de crise para qualificar a comunica\u00e7\u00e3o em contextos de emerg\u00eancias<\/p>\n","protected":false},"author":5006,"featured_media":285,"comment_status":"closed","ping_status":"closed","sticky":false,"template":"","format":"standard","meta":{"footnotes":""},"categories":[9,2],"tags":[54,59,57,58,55,56,21,22,60,61,63,64,23,24],"class_list":["post-284","post","type-post","status-publish","format-standard","has-post-thumbnail","hentry","category-destaques","category-noticias","tag-capes","tag-comunicacao-de-proximidade","tag-comunicadores-populares","tag-desinformacao","tag-desinformacao-climatica","tag-educacao-midiatica","tag-extensao","tag-pos-graduacao","tag-poscom","tag-ppggeo","tag-ppgl","tag-ppgpc","tag-pre","tag-prpgp"],"acf":[],"_links":{"self":[{"href":"https:\/\/www.ufsm.br\/projetos\/extensao\/proext-pg\/wp-json\/wp\/v2\/posts\/284","targetHints":{"allow":["GET"]}}],"collection":[{"href":"https:\/\/www.ufsm.br\/projetos\/extensao\/proext-pg\/wp-json\/wp\/v2\/posts"}],"about":[{"href":"https:\/\/www.ufsm.br\/projetos\/extensao\/proext-pg\/wp-json\/wp\/v2\/types\/post"}],"author":[{"embeddable":true,"href":"https:\/\/www.ufsm.br\/projetos\/extensao\/proext-pg\/wp-json\/wp\/v2\/users\/5006"}],"replies":[{"embeddable":true,"href":"https:\/\/www.ufsm.br\/projetos\/extensao\/proext-pg\/wp-json\/wp\/v2\/comments?post=284"}],"version-history":[{"count":0,"href":"https:\/\/www.ufsm.br\/projetos\/extensao\/proext-pg\/wp-json\/wp\/v2\/posts\/284\/revisions"}],"wp:featuredmedia":[{"embeddable":true,"href":"https:\/\/www.ufsm.br\/projetos\/extensao\/proext-pg\/wp-json\/wp\/v2\/media\/285"}],"wp:attachment":[{"href":"https:\/\/www.ufsm.br\/projetos\/extensao\/proext-pg\/wp-json\/wp\/v2\/media?parent=284"}],"wp:term":[{"taxonomy":"category","embeddable":true,"href":"https:\/\/www.ufsm.br\/projetos\/extensao\/proext-pg\/wp-json\/wp\/v2\/categories?post=284"},{"taxonomy":"post_tag","embeddable":true,"href":"https:\/\/www.ufsm.br\/projetos\/extensao\/proext-pg\/wp-json\/wp\/v2\/tags?post=284"}],"curies":[{"name":"wp","href":"https:\/\/api.w.org\/{rel}","templated":true}]}}