{"id":287,"date":"2024-01-26T15:21:38","date_gmt":"2024-01-26T18:21:38","guid":{"rendered":"https:\/\/www.ufsm.br\/projetos\/institucional\/observatorio-crise\/?p=287"},"modified":"2024-01-26T15:21:39","modified_gmt":"2024-01-26T18:21:39","slug":"vale-em-brumadinho-5-anos-da-maior-tragedia-ambiental-e-humanitaria-do-brasil","status":"publish","type":"post","link":"https:\/\/www.ufsm.br\/projetos\/institucional\/observatorio-crise\/2024\/01\/26\/vale-em-brumadinho-5-anos-da-maior-tragedia-ambiental-e-humanitaria-do-brasil","title":{"rendered":"Vale em Brumadinho: 5 anos da maior trag\u00e9dia ambiental e humanit\u00e1ria do Brasil \u00a0"},"content":{"rendered":"\n<p>O dia 25 de janeiro de 2019 ser\u00e1 lembrado para sempre pelo que aconteceu em Brumadinho (MG), a maior trag\u00e9dia ambiental e humanit\u00e1ria do Brasil (e do mundo)<strong>. <\/strong>As consequ\u00eancias do rompimento da Barragem 1 da Mina do C\u00f3rrego do Feij\u00e3o s\u00e3o percebidas at\u00e9 hoje. O ocorrido resultou em 270 pessoas mortas, contamina\u00e7\u00e3o da bacia do Rio Paraopeba, degrada\u00e7\u00e3o da paisagem, redu\u00e7\u00e3o da biodiversidade, e uma s\u00e9rie de outros efeitos como o comprometimento de abastecimento de \u00e1gua pot\u00e1vel, preju\u00edzos para o turismo, destrui\u00e7\u00e3o de uma aldeia ind\u00edgena, de uma pousada e de \u00e1reas de cultivo agr\u00edcola e de pecu\u00e1ria, entre outros impactos sociais, ambientais e econ\u00f4micos de longo prazo para as pessoas e para a regi\u00e3o.<\/p>\n<p>A partir desta trag\u00e9dia constatou-se mais uma vez a inexist\u00eancia ou a incapacidade de preven\u00e7\u00e3o, mesmo com tecnologia avan\u00e7ada, profissionais altamente especializados e recursos financeiros dispon\u00edveis. Faltou a devida gest\u00e3o de riscos e a comunica\u00e7\u00e3o destes de forma efetiva (e respons\u00e1vel) antes do evento cr\u00edtico. Da mesma forma, o gerenciamento da crise ap\u00f3s o ocorrido foi protagonizado pelo Corpo de Bombeiros, que inclusive foi porta-voz da crise. Parecia n\u00e3o haver por parte da Vale um plano de conting\u00eancia para respostas a emerg\u00eancias em nenhuma \u00e1rea. J\u00e1 no p\u00f3s-crise, grande parte do que se refere \u00e0 comunica\u00e7\u00e3o dedica-se desde o ocorrido \u00e0 gest\u00e3o da marca e da reputa\u00e7\u00e3o por meio de publicidade e propaganda em r\u00e1dio, TV, jornal e internet. Enfim, faltou preven\u00e7\u00e3o, a\u00e7\u00e3o e comunica\u00e7\u00e3o voltadas especificamente \u00e0 crise.<\/p>\n<p>A fim de expandirmos a discuss\u00e3o e a reflex\u00e3o sobre uma das maiores crises ocorridas no Brasil, selecionamos alguns estudos, artigos de opini\u00e3o e not\u00edcias. Tais textos suscitam debates sobre comunica\u00e7\u00e3o de riscos, transpar\u00eancia, comunica\u00e7\u00e3o de crise, sustentabilidade, crise de imagem, gest\u00e3o de riscos, cobertura midi\u00e1tica, entre outros t\u00f3picos. Nessa dire\u00e7\u00e3o, cumprem o papel de relatar os acontecimentos, analisar a gest\u00e3o de risco e de crise, al\u00e9m de elencar os aprendizados e documentar o ocorrido a fim de que eventos semelhantes n\u00e3o se repitam.<\/p>\n<p>Confira abaixo:<\/p>\n<p><a href=\"https:\/\/campusvirtual.fiocruz.br\/portal\/?q=content\/38945\"><strong>Desastre em Brumadinho: &#8220;\u00c9 fundamental ter uma vis\u00e3o sist\u00eamica e multidisciplinar para prevenir novas crises&#8221;<\/strong><\/a>\u00a0<\/p>\n<p><a href=\"https:\/\/ojs.uel.br\/revistas\/uel\/index.php\/ros\/article\/view\/46558\"><strong>Crise Ambiental e Sociedade De Risco: um estudo sobre Mariana e Brumadinho na perspectiva de Ulrich Beck<\/strong><\/a>\u00a0<\/p>\n<p><strong><a href=\"https:\/\/exame.com\/negocios\/as-licoes-que-a-vale-ainda-nao-aprendeu-sobre-evitar-tragedias\/\">As li\u00e7\u00f5es que a Vale ainda n\u00e3o aprendeu sobre evitar trag\u00e9dias<\/a>\u00a0<\/strong><\/p>\n<p><strong><a href=\"https:\/\/www.diariodepernambuco.com.br\/noticia\/brasil\/2019\/01\/vale-conta-com-60-profissionais-de-comunicacao-para-atender-caso-bruma.html\">Vale conta com 60 profissionais de comunica\u00e7\u00e3o para atender caso Brumadinho<\/a>\u00a0<\/strong><\/p>\n<p><a href=\"https:\/\/periodicos.unb.br\/index.php\/les\/article\/view\/48004\"><strong>A comunic(a\u00e7\u00e3o) da Vale S.A. e da ONG Gabinete de Crise p\u00f3s-rompimento em Brumadinho-MG<\/strong>\u00a0<\/a><\/p>\n<p><a href=\"https:\/\/www.brasildefatomg.com.br\/2019\/12\/09\/vale-teve-gastos-milionarios-em-propaganda-ja-na-primeira-semana-pos-brumadinho\"><strong>Vale teve gastos milion\u00e1rios em propaganda j\u00e1 na primeira semana p\u00f3s Brumadinho\u00a0<\/strong><\/a><\/p>\n<p><a href=\"https:\/\/www.comunicacaoecrise.com\/site\/index.php\/artigos\/1123-vale-a-maior-crise-corporativa-do-brasil\"><strong>Vale: a maior crise corporativa do Brasil\u00a0<\/strong><\/a><\/p>\n<p><a href=\"https:\/\/periodicos.ufsm.br\/ccomunicacao\/article\/view\/41126\"><strong>Quando a Sustentabilidade (ou seu discurso) se desfaz com uma crise: o caso Vale<\/strong>\u00a0<\/a><\/p>\n<p><a href=\"https:\/\/www.em.com.br\/app\/noticia\/gerais\/2019\/02\/14\/interna_gerais,1030579\/gabinete-de-crise-para-rompimento-barragem-de-brumadinho-critica-zema.shtml\"><strong>Sociedade civil cria gabinete de crise para Brumadinho e critica Zema<\/strong>\u00a0<\/a><\/p>\n<p><a href=\"https:\/\/repositorio.ufpb.br\/jspui\/bitstream\/123456789\/22273\/1\/Trag%C3%A9dia%20de%20Brumadinho%20uma%20an%C3%A1lise%20da%20cobertura%20do%20site%20Folha%20de%20S%C3%A3o%20Paulo%20diante%20da%20gest%C3%A3o%20de%20crise%20estabelecida%20pela%20Vale%20S.A..pdf\"><strong>Trag\u00e9dia de Brumadinho: uma an\u00e1lise da cobertura do site Folha de S\u00e3o Paulo diante da gest\u00e3o de crise estabelecida pela Vale S.A.<\/strong><\/a>\u00a0<\/p>\n<p><a href=\"https:\/\/g1.globo.com\/economia\/noticia\/2019\/02\/03\/vale-tem-perda-bilionaria-e-enfrenta-crise-de-imagem-com-tragedia-em-brumadinho.ghtml\"><strong>Vale tem perda bilion\u00e1ria e enfrenta crise de imagem com trag\u00e9dia em Brumadinho<\/strong>\u00a0<\/a><\/p>\n<p><strong><a href=\"https:\/\/repositorio.ufop.br\/jspui\/bitstream\/123456789\/14039\/1\/DISSERTA%C3%87%C3%83O_Her%C3%B3isBrumadinhoEstrat%C3%A9gias.pdf\">Her\u00f3is de Brumadinho: as estrat\u00e9gias de comunica\u00e7\u00e3o do Corpo de Bombeiros de Minas Gerais ap\u00f3s o rompimento da barragem 1<\/a>\u00a0<\/strong><\/p>\n<p><a href=\"https:\/\/portal.fiocruz.br\/noticia\/brumadinho-sob-otica-da-comunicacao-e-informacao-em-saude\"><strong>Brumadinho sob a \u00f3tica da comunica\u00e7\u00e3o e informa\u00e7\u00e3o em sa\u00fade<\/strong><\/a>\u00a0<\/p>\n<p><a href=\"https:\/\/www.comunicacaoecrise.com\/site\/index.php\/artigos\/1093-vale-tudo-ate-quando\"><strong>Vale tudo. At\u00e9 quando?<\/strong><\/a>\u00a0<\/p>\n<p><a href=\"https:\/\/www.linkedin.com\/pulse\/boate-kiss-7-anos-brumadinho-1-ano-mem%C3%B3rias-e-sobre-gest%C3%A3o-florczak\/?originalSubdomain=pt\"><strong>Boate Kiss, 7 anos; Brumadinho, 1 ano: mem\u00f3rias e aprendizados sobre preven\u00e7\u00e3o e gest\u00e3o de crise<\/strong><\/a>\u00a0<\/p>\n","protected":false},"excerpt":{"rendered":"<p>O dia 25 de janeiro de 2019 ser\u00e1 lembrado para sempre pelo que aconteceu em Brumadinho (MG), a maior trag\u00e9dia ambiental e humanit\u00e1ria do Brasil (e do mundo). As consequ\u00eancias do rompimento da Barragem 1 da Mina do C\u00f3rrego do Feij\u00e3o s\u00e3o percebidas at\u00e9 hoje. O ocorrido resultou em 270 pessoas mortas, contamina\u00e7\u00e3o da bacia [&hellip;]<\/p>\n","protected":false},"author":315,"featured_media":0,"comment_status":"closed","ping_status":"closed","sticky":false,"template":"","format":"standard","meta":{"footnotes":""},"categories":[2],"tags":[24],"class_list":["post-287","post","type-post","status-publish","format-standard","hentry","category-noticias","tag-noticia"],"acf":[],"_links":{"self":[{"href":"https:\/\/www.ufsm.br\/projetos\/institucional\/observatorio-crise\/wp-json\/wp\/v2\/posts\/287","targetHints":{"allow":["GET"]}}],"collection":[{"href":"https:\/\/www.ufsm.br\/projetos\/institucional\/observatorio-crise\/wp-json\/wp\/v2\/posts"}],"about":[{"href":"https:\/\/www.ufsm.br\/projetos\/institucional\/observatorio-crise\/wp-json\/wp\/v2\/types\/post"}],"author":[{"embeddable":true,"href":"https:\/\/www.ufsm.br\/projetos\/institucional\/observatorio-crise\/wp-json\/wp\/v2\/users\/315"}],"replies":[{"embeddable":true,"href":"https:\/\/www.ufsm.br\/projetos\/institucional\/observatorio-crise\/wp-json\/wp\/v2\/comments?post=287"}],"version-history":[{"count":0,"href":"https:\/\/www.ufsm.br\/projetos\/institucional\/observatorio-crise\/wp-json\/wp\/v2\/posts\/287\/revisions"}],"wp:attachment":[{"href":"https:\/\/www.ufsm.br\/projetos\/institucional\/observatorio-crise\/wp-json\/wp\/v2\/media?parent=287"}],"wp:term":[{"taxonomy":"category","embeddable":true,"href":"https:\/\/www.ufsm.br\/projetos\/institucional\/observatorio-crise\/wp-json\/wp\/v2\/categories?post=287"},{"taxonomy":"post_tag","embeddable":true,"href":"https:\/\/www.ufsm.br\/projetos\/institucional\/observatorio-crise\/wp-json\/wp\/v2\/tags?post=287"}],"curies":[{"name":"wp","href":"https:\/\/api.w.org\/{rel}","templated":true}]}}