{"id":318,"date":"2024-05-13T10:32:10","date_gmt":"2024-05-13T13:32:10","guid":{"rendered":"https:\/\/www.ufsm.br\/projetos\/institucional\/observatorio-crise\/?p=318"},"modified":"2024-05-13T15:17:47","modified_gmt":"2024-05-13T18:17:47","slug":"o-que-as-50-maiores-empresas-do-brasil-estao-fazendo-ou-nao-para-o-enfrentamento-as-enchentes-no-rs","status":"publish","type":"post","link":"https:\/\/www.ufsm.br\/projetos\/institucional\/observatorio-crise\/2024\/05\/13\/o-que-as-50-maiores-empresas-do-brasil-estao-fazendo-ou-nao-para-o-enfrentamento-as-enchentes-no-rs","title":{"rendered":"O que as 50 maiores empresas do Brasil est\u00e3o fazendo (ou n\u00e3o) para o enfrentamento \u00e0s enchentes no RS"},"content":{"rendered":"\n<p><span style=\"color: #000000\"><img fetchpriority=\"high\" decoding=\"async\" class=\"alignright wp-image-319 size-medium\" src=\"https:\/\/www.ufsm.br\/app\/uploads\/sites\/880\/2024\/05\/50-empresas-300x300.jpg\" alt=\"\" width=\"300\" height=\"300\" srcset=\"https:\/\/www.ufsm.br\/app\/uploads\/sites\/880\/2024\/05\/50-empresas-300x300.jpg 300w, https:\/\/www.ufsm.br\/app\/uploads\/sites\/880\/2024\/05\/50-empresas-1024x1024.jpg 1024w, https:\/\/www.ufsm.br\/app\/uploads\/sites\/880\/2024\/05\/50-empresas-150x150.jpg 150w, https:\/\/www.ufsm.br\/app\/uploads\/sites\/880\/2024\/05\/50-empresas-768x768.jpg 768w, https:\/\/www.ufsm.br\/app\/uploads\/sites\/880\/2024\/05\/50-empresas.jpg 1170w\" sizes=\"(max-width: 300px) 100vw, 300px\" \/>Pesquisadores de Rela\u00e7\u00f5es P\u00fablicas da Faculdade de Biblioteconomia e Comunica\u00e7\u00e3o (Fabico) da UFRGS realizam estudo para mapear quais das 50 maiores empresas brasileiras j\u00e1 se mostram comprometidas socialmente com a situa\u00e7\u00e3o do Estado do RS, assim como apresentar quais foram as iniciativas j\u00e1 tomadas por elas.<\/span><\/p>\n<p><span style=\"color: #000000\">Este projeto \u00e9 fruto de um desejo de usar a comunica\u00e7\u00e3o como um agente ativo e transformador da sociedade. O<\/span><span style=\"color: #000000\" data-sheets-root=\"1\" data-sheets-value=\"{&quot;1&quot;:2,&quot;2&quot;:&quot;Este primeiro mapeamento das iniciativas foi realizado utilizando dados dos portais institucionais e dos feeds no Instagram dos perfis oficiais das empresas citadas. Foram inclu\u00eddas as 50 maiores empresas brasileiras, de acordo com a Premia\u00e7\u00e3o Maiores e Melhores da Revista Exame. Os dados foram coletados nos dias 8 e 9 de maio de 2024.\\n\\nCaso perceba que alguma iniciativa n\u00e3o foi contemplada, por favor, informe-nos para que possamos verificar e atualizar no pr\u00f3ximo relat\u00f3rio, cuja divulga\u00e7\u00e3o est\u00e1 prevista para o dia 16 de maio. Ressaltamos que n\u00e3o foram inclu\u00eddas no levantamento as subsidi\u00e1rias das holdings, a n\u00e3o ser quando os portais institucionais destes grupos apresentem as a\u00e7\u00f5es de suas empresas.&quot;}\" data-sheets-userformat=\"{&quot;2&quot;:15171,&quot;3&quot;:{&quot;1&quot;:0},&quot;4&quot;:{&quot;1&quot;:2,&quot;2&quot;:16777215},&quot;9&quot;:0,&quot;11&quot;:4,&quot;12&quot;:0,&quot;14&quot;:{&quot;1&quot;:2,&quot;2&quot;:0},&quot;15&quot;:&quot;Arial&quot;,&quot;16&quot;:12}\" data-sheets-textstyleruns=\"{&quot;1&quot;:0}\uee10{&quot;1&quot;:605,&quot;2&quot;:{&quot;6&quot;:1}}\uee10{&quot;1&quot;:613}\">\u00a0primeiro mapeamento das iniciativas foi realizado utilizando dados dos portais institucionais e dos feeds no Instagram dos perfis oficiais das empresas citadas. Foram inclu\u00eddas as 50 maiores empresas brasileiras, de acordo com a Premia\u00e7\u00e3o Maiores e Melhores da Revista Exame. Os dados foram coletados nos dias 8 e 9 de maio de 2024.<\/span><\/p>\n<p><span style=\"color: #000000\" data-sheets-root=\"1\" data-sheets-value=\"{&quot;1&quot;:2,&quot;2&quot;:&quot;Este primeiro mapeamento das iniciativas foi realizado utilizando dados dos portais institucionais e dos feeds no Instagram dos perfis oficiais das empresas citadas. Foram inclu\u00eddas as 50 maiores empresas brasileiras, de acordo com a Premia\u00e7\u00e3o Maiores e Melhores da Revista Exame. Os dados foram coletados nos dias 8 e 9 de maio de 2024.\\n\\nCaso perceba que alguma iniciativa n\u00e3o foi contemplada, por favor, informe-nos para que possamos verificar e atualizar no pr\u00f3ximo relat\u00f3rio, cuja divulga\u00e7\u00e3o est\u00e1 prevista para o dia 16 de maio. Ressaltamos que n\u00e3o foram inclu\u00eddas no levantamento as subsidi\u00e1rias das holdings, a n\u00e3o ser quando os portais institucionais destes grupos apresentem as a\u00e7\u00f5es de suas empresas.&quot;}\" data-sheets-userformat=\"{&quot;2&quot;:15171,&quot;3&quot;:{&quot;1&quot;:0},&quot;4&quot;:{&quot;1&quot;:2,&quot;2&quot;:16777215},&quot;9&quot;:0,&quot;11&quot;:4,&quot;12&quot;:0,&quot;14&quot;:{&quot;1&quot;:2,&quot;2&quot;:0},&quot;15&quot;:&quot;Arial&quot;,&quot;16&quot;:12}\" data-sheets-textstyleruns=\"{&quot;1&quot;:0}\uee10{&quot;1&quot;:605,&quot;2&quot;:{&quot;6&quot;:1}}\uee10{&quot;1&quot;:613}\"><a href=\"http:\/\/bit.ly\/enchentesrs-iniciativas\">Confira aqui o mapeamento preliminar<\/a>.<br \/><br \/>O grupo solicita que a comunidade informe pelo email enchentesrs.iniciativas@gmail.com caso se perceba que alguma iniciativa n\u00e3o foi contemplada,\u00a0para que possa verificar e atualizar no pr\u00f3ximo relat\u00f3rio, cuja divulga\u00e7\u00e3o est\u00e1 prevista para o dia 16 de maio. Ressalte-se que n\u00e3o foram inclu\u00eddas no levantamento as subsidi\u00e1rias das holdings, a n\u00e3o ser quando os portais institucionais destes grupos apresentem as a\u00e7\u00f5es de suas empresas.<\/span><\/p>\n<p><span style=\"color: #000000\">O monitoramento e a divulga\u00e7\u00e3o do avan\u00e7o da pesquisa seguir\u00e3o sendo realizados pela equipe respons\u00e1vel: Prof. Dr. Diego Wander Montagner e estudantes de Rela\u00e7\u00f5es P\u00fablicas da UFRGS Arthur Pl\u00e1cido, J\u00falia Verbist, Manuela Luz, Marcelo Bento e Rafaela Vaz.<\/span><\/p>\n","protected":false},"excerpt":{"rendered":"<p>Pesquisadores de Rela\u00e7\u00f5es P\u00fablicas da Faculdade de Biblioteconomia e Comunica\u00e7\u00e3o (Fabico) da UFRGS realizam estudo para mapear quais das 50 maiores empresas brasileiras j\u00e1 se mostram comprometidas socialmente com a situa\u00e7\u00e3o do Estado do RS, assim como apresentar quais foram as iniciativas j\u00e1 tomadas por elas. Este projeto \u00e9 fruto de um desejo de usar [&hellip;]<\/p>\n","protected":false},"author":315,"featured_media":0,"comment_status":"closed","ping_status":"closed","sticky":false,"template":"","format":"standard","meta":{"footnotes":""},"categories":[2],"tags":[24],"class_list":["post-318","post","type-post","status-publish","format-standard","hentry","category-noticias","tag-noticia"],"acf":[],"_links":{"self":[{"href":"https:\/\/www.ufsm.br\/projetos\/institucional\/observatorio-crise\/wp-json\/wp\/v2\/posts\/318","targetHints":{"allow":["GET"]}}],"collection":[{"href":"https:\/\/www.ufsm.br\/projetos\/institucional\/observatorio-crise\/wp-json\/wp\/v2\/posts"}],"about":[{"href":"https:\/\/www.ufsm.br\/projetos\/institucional\/observatorio-crise\/wp-json\/wp\/v2\/types\/post"}],"author":[{"embeddable":true,"href":"https:\/\/www.ufsm.br\/projetos\/institucional\/observatorio-crise\/wp-json\/wp\/v2\/users\/315"}],"replies":[{"embeddable":true,"href":"https:\/\/www.ufsm.br\/projetos\/institucional\/observatorio-crise\/wp-json\/wp\/v2\/comments?post=318"}],"version-history":[{"count":0,"href":"https:\/\/www.ufsm.br\/projetos\/institucional\/observatorio-crise\/wp-json\/wp\/v2\/posts\/318\/revisions"}],"wp:attachment":[{"href":"https:\/\/www.ufsm.br\/projetos\/institucional\/observatorio-crise\/wp-json\/wp\/v2\/media?parent=318"}],"wp:term":[{"taxonomy":"category","embeddable":true,"href":"https:\/\/www.ufsm.br\/projetos\/institucional\/observatorio-crise\/wp-json\/wp\/v2\/categories?post=318"},{"taxonomy":"post_tag","embeddable":true,"href":"https:\/\/www.ufsm.br\/projetos\/institucional\/observatorio-crise\/wp-json\/wp\/v2\/tags?post=318"}],"curies":[{"name":"wp","href":"https:\/\/api.w.org\/{rel}","templated":true}]}}