{"id":416,"date":"2025-02-10T08:56:15","date_gmt":"2025-02-10T11:56:15","guid":{"rendered":"https:\/\/www.ufsm.br\/projetos\/institucional\/observatorio-crise\/?p=416"},"modified":"2025-02-10T09:21:53","modified_gmt":"2025-02-10T12:21:53","slug":"relatorio-de-riscos-globais-2025-e-publicado-pelo-forum-economico-mundial","status":"publish","type":"post","link":"https:\/\/www.ufsm.br\/projetos\/institucional\/observatorio-crise\/2025\/02\/10\/relatorio-de-riscos-globais-2025-e-publicado-pelo-forum-economico-mundial","title":{"rendered":"Desinforma\u00e7\u00e3o \u00e9 o principal problema a ser enfrentado segundo Relat\u00f3rio de Riscos Globais 2025 do F\u00f3rum Econ\u00f4mico Mundial"},"content":{"rendered":"\n<p><a href=\"https:\/\/reports.weforum.org\/docs\/WEF_Global_Risks_Report_2025.pdf\"><img fetchpriority=\"high\" decoding=\"async\" class=\"alignright size-full wp-image-418\" src=\"https:\/\/www.ufsm.br\/app\/uploads\/sites\/880\/2025\/02\/Risk.jpg\" alt=\"\" width=\"389\" height=\"519\" srcset=\"https:\/\/www.ufsm.br\/app\/uploads\/sites\/880\/2025\/02\/Risk.jpg 389w, https:\/\/www.ufsm.br\/app\/uploads\/sites\/880\/2025\/02\/Risk-225x300.jpg 225w\" sizes=\"(max-width: 389px) 100vw, 389px\" \/><\/a>O <strong>Relat\u00f3rio de Riscos Globais 2025<\/strong> foi recentemente publicado pelo F\u00f3rum Econ\u00f4mico Mundial. Anualmente, o F\u00f3rum divulga uma an\u00e1lise abrangente dos riscos significativos que impactam as sociedades ao redor do mundo. Em 2024, o F\u00f3rum realizou a Pesquisa de Percep\u00e7\u00e3o de Riscos Globais (GRPS, na sigla em ingl\u00eas), ouvindo mais de 900 l\u00edderes mundiais de diversos setores da sociedade. De forma geral, os dados s\u00e3o apresentados por per\u00edodos temporais (riscos imediatos, de curto, m\u00e9dio e longo prazo), visando fornecer embasamento aos profissionais de gest\u00e3o para equilibrar crises em andamento e prioridades futuras.<\/p>\n<p>Entre os 33 riscos identificados, a <strong>desinforma\u00e7\u00e3o<\/strong> \u00e9 considerada o principal problema a ser enfrentado pelos pa\u00edses atualmente e nos pr\u00f3ximos dois anos. Este \u00e9 o segundo ano consecutivo em que essa quest\u00e3o aparece como uma forte preocupa\u00e7\u00e3o das lideran\u00e7as pesquisadas. O ambiente digital \u00e9 apontado como o principal espa\u00e7o onde ocorre a desinforma\u00e7\u00e3o, percebida como problem\u00e1tica devido ao risco que apresenta \u00e0 coes\u00e3o social e aos governos. Ainda no curto prazo, em segundo lugar, aparecem os <strong>eventos clim\u00e1ticos extremos<\/strong>, os <strong>conflitos armados entre pa\u00edses<\/strong> e a <strong>polariza\u00e7\u00e3o social<\/strong>.<\/p>\n<p>No longo prazo, a desinforma\u00e7\u00e3o continua sendo uma preocupa\u00e7\u00e3o, sendo alimentada pela crescente polariza\u00e7\u00e3o das sociedades e pelo uso temer\u00e1rio da intelig\u00eancia artificial. O relat\u00f3rio tamb\u00e9m revela que a onda de desinforma\u00e7\u00e3o, impulsionada por grupos presentes nas redes sociais, est\u00e1 causando um <strong>decr\u00e9scimo de confian\u00e7a na m\u00eddia tradicional<\/strong>. Nesse contexto e considerando a inser\u00e7\u00e3o crescente e robusta da tecnologia em nosso dia a dia, o que leva a uma crescente depend\u00eancia de sistemas digitais, no m\u00e9dio e longo prazo, h\u00e1 tamb\u00e9m uma percep\u00e7\u00e3o de risco em rela\u00e7\u00e3o aos <strong>ciberataques<\/strong>.<\/p>\n<p><img decoding=\"async\" class=\"aligncenter size-full wp-image-417\" src=\"https:\/\/www.ufsm.br\/app\/uploads\/sites\/880\/2025\/02\/quadro.jpg\" alt=\"\" width=\"725\" height=\"395\" srcset=\"https:\/\/www.ufsm.br\/app\/uploads\/sites\/880\/2025\/02\/quadro.jpg 725w, https:\/\/www.ufsm.br\/app\/uploads\/sites\/880\/2025\/02\/quadro-300x163.jpg 300w\" sizes=\"(max-width: 725px) 100vw, 725px\" \/><\/p>\n<p>Considerando todo o cen\u00e1rio apresentado no Relat\u00f3rio de Riscos Globais 2025, o documento elenca algumas medidas que podem mitigar o impacto das quest\u00f5es apontadas. A implementa\u00e7\u00e3o de pol\u00edticas robustas de governan\u00e7a de dados, campanhas de educa\u00e7\u00e3o p\u00fablica para combater a desinforma\u00e7\u00e3o, bem como a colabora\u00e7\u00e3o internacional para enfrentar os desafios clim\u00e1ticos, s\u00e3o algumas sugest\u00f5es apresentadas.<\/p>\n<p>Acesse o relat\u00f3rio completo <a href=\"https:\/\/reports.weforum.org\/docs\/WEF_Global_Risks_Report_2025.pdf\">aqui<\/a>.<\/p>\n","protected":false},"excerpt":{"rendered":"<p>O Relat\u00f3rio de Riscos Globais 2025 foi recentemente publicado pelo F\u00f3rum Econ\u00f4mico Mundial. Anualmente, o F\u00f3rum divulga uma an\u00e1lise abrangente dos riscos significativos que impactam as sociedades ao redor do mundo. Em 2024, o F\u00f3rum realizou a Pesquisa de Percep\u00e7\u00e3o de Riscos Globais (GRPS, na sigla em ingl\u00eas), ouvindo mais de 900 l\u00edderes mundiais de [&hellip;]<\/p>\n","protected":false},"author":315,"featured_media":0,"comment_status":"closed","ping_status":"closed","sticky":false,"template":"","format":"standard","meta":{"footnotes":""},"categories":[2],"tags":[24],"class_list":["post-416","post","type-post","status-publish","format-standard","hentry","category-noticias","tag-noticia"],"acf":[],"_links":{"self":[{"href":"https:\/\/www.ufsm.br\/projetos\/institucional\/observatorio-crise\/wp-json\/wp\/v2\/posts\/416","targetHints":{"allow":["GET"]}}],"collection":[{"href":"https:\/\/www.ufsm.br\/projetos\/institucional\/observatorio-crise\/wp-json\/wp\/v2\/posts"}],"about":[{"href":"https:\/\/www.ufsm.br\/projetos\/institucional\/observatorio-crise\/wp-json\/wp\/v2\/types\/post"}],"author":[{"embeddable":true,"href":"https:\/\/www.ufsm.br\/projetos\/institucional\/observatorio-crise\/wp-json\/wp\/v2\/users\/315"}],"replies":[{"embeddable":true,"href":"https:\/\/www.ufsm.br\/projetos\/institucional\/observatorio-crise\/wp-json\/wp\/v2\/comments?post=416"}],"version-history":[{"count":0,"href":"https:\/\/www.ufsm.br\/projetos\/institucional\/observatorio-crise\/wp-json\/wp\/v2\/posts\/416\/revisions"}],"wp:attachment":[{"href":"https:\/\/www.ufsm.br\/projetos\/institucional\/observatorio-crise\/wp-json\/wp\/v2\/media?parent=416"}],"wp:term":[{"taxonomy":"category","embeddable":true,"href":"https:\/\/www.ufsm.br\/projetos\/institucional\/observatorio-crise\/wp-json\/wp\/v2\/categories?post=416"},{"taxonomy":"post_tag","embeddable":true,"href":"https:\/\/www.ufsm.br\/projetos\/institucional\/observatorio-crise\/wp-json\/wp\/v2\/tags?post=416"}],"curies":[{"name":"wp","href":"https:\/\/api.w.org\/{rel}","templated":true}]}}