{"id":422,"date":"2025-02-11T13:45:24","date_gmt":"2025-02-11T16:45:24","guid":{"rendered":"https:\/\/www.ufsm.br\/projetos\/institucional\/observatorio-crise\/?p=422"},"modified":"2025-02-11T13:45:26","modified_gmt":"2025-02-11T16:45:26","slug":"pucrs-passa-a-integrar-o-observatorio-brasileiro-de-comunicacao-e-crise","status":"publish","type":"post","link":"https:\/\/www.ufsm.br\/projetos\/institucional\/observatorio-crise\/2025\/02\/11\/pucrs-passa-a-integrar-o-observatorio-brasileiro-de-comunicacao-e-crise","title":{"rendered":"PUCRS passa a integrar o Observat\u00f3rio Brasileiro de Comunica\u00e7\u00e3o e Crise"},"content":{"rendered":"\n<p><img fetchpriority=\"high\" decoding=\"async\" class=\"alignright wp-image-419 size-medium\" src=\"https:\/\/www.ufsm.br\/app\/uploads\/sites\/880\/2025\/02\/PUCRS-AZUL-300x169.png\" alt=\"\" width=\"300\" height=\"169\" srcset=\"https:\/\/www.ufsm.br\/app\/uploads\/sites\/880\/2025\/02\/PUCRS-AZUL-300x169.png 300w, https:\/\/www.ufsm.br\/app\/uploads\/sites\/880\/2025\/02\/PUCRS-AZUL.png 590w\" sizes=\"(max-width: 300px) 100vw, 300px\" \/>A partir deste m\u00eas, a PUCRS une-se a outras quatro institui\u00e7\u00f5es de ensino e pesquisa do pa\u00eds com o intuito de ampliar as discuss\u00f5es e reflex\u00f5es sobre risco, crise e comunica\u00e7\u00e3o no \u00e2mbito das organiza\u00e7\u00f5es e da sociedade.<\/p>\n<p>O Observat\u00f3rio Brasileiro de Comunica\u00e7\u00e3o e Crise (OBCC) \u00e9 um projeto da UFSM em parceria com a Universidade de S\u00e3o Paulo (USP), Universidade Federal do Rio Grande do Sul (UFRGS), Rede Sa\u00fade \u00danica, da Fiocruz e, a partir de agora, com a Pontif\u00edcia Universidade Cat\u00f3lica do Rio Grande do Sul (PUCRS). O Observat\u00f3rio atua com o objetivo de sistematizar o conhecimento produzido no campo da comunica\u00e7\u00e3o, monitorar situa\u00e7\u00f5es de risco e crise no contexto das organiza\u00e7\u00f5es e contribuir para que a cultura da preven\u00e7\u00e3o e da gest\u00e3o de riscos e crises seja criada ou fortalecida pelas organiza\u00e7\u00f5es.<\/p>\n<p>A representante da PUCRS junto ao OBCC \u00e9 uma das maiores pesquisadoras sobre risco e crise no pa\u00eds, a Professora Ros\u00e2ngela Florczak de Oliveira, Decana da Escola de Comunica\u00e7\u00e3o, Artes e Design da institui\u00e7\u00e3o. Para ela, \u201c\u00c9 com grande entusiasmo que nos juntamos ao OBCC, que demonstrou nesses dois anos de exist\u00eancia, a relev\u00e2ncia social do trabalho desenvolvido pelos pesquisadores da \u00e1rea\u201d.<\/p>\n<p>\u00a0<\/p>\n<p><img decoding=\"async\" class=\"aligncenter size-full wp-image-420\" src=\"https:\/\/www.ufsm.br\/app\/uploads\/sites\/880\/2025\/02\/3.jpg\" alt=\"\" width=\"1920\" height=\"506\" srcset=\"https:\/\/www.ufsm.br\/app\/uploads\/sites\/880\/2025\/02\/3.jpg 1920w, https:\/\/www.ufsm.br\/app\/uploads\/sites\/880\/2025\/02\/3-300x79.jpg 300w, https:\/\/www.ufsm.br\/app\/uploads\/sites\/880\/2025\/02\/3-1024x270.jpg 1024w, https:\/\/www.ufsm.br\/app\/uploads\/sites\/880\/2025\/02\/3-768x202.jpg 768w, https:\/\/www.ufsm.br\/app\/uploads\/sites\/880\/2025\/02\/3-1536x405.jpg 1536w\" sizes=\"(max-width: 1920px) 100vw, 1920px\" \/><\/p>\n","protected":false},"excerpt":{"rendered":"<p>A partir deste m\u00eas, a PUCRS une-se a outras quatro institui\u00e7\u00f5es de ensino e pesquisa do pa\u00eds com o intuito de ampliar as discuss\u00f5es e reflex\u00f5es sobre risco, crise e comunica\u00e7\u00e3o no \u00e2mbito das organiza\u00e7\u00f5es e da sociedade. O Observat\u00f3rio Brasileiro de Comunica\u00e7\u00e3o e Crise (OBCC) \u00e9 um projeto da UFSM em parceria com a [&hellip;]<\/p>\n","protected":false},"author":315,"featured_media":0,"comment_status":"closed","ping_status":"closed","sticky":false,"template":"","format":"standard","meta":{"footnotes":""},"categories":[2],"tags":[24],"class_list":["post-422","post","type-post","status-publish","format-standard","hentry","category-noticias","tag-noticia"],"acf":[],"_links":{"self":[{"href":"https:\/\/www.ufsm.br\/projetos\/institucional\/observatorio-crise\/wp-json\/wp\/v2\/posts\/422","targetHints":{"allow":["GET"]}}],"collection":[{"href":"https:\/\/www.ufsm.br\/projetos\/institucional\/observatorio-crise\/wp-json\/wp\/v2\/posts"}],"about":[{"href":"https:\/\/www.ufsm.br\/projetos\/institucional\/observatorio-crise\/wp-json\/wp\/v2\/types\/post"}],"author":[{"embeddable":true,"href":"https:\/\/www.ufsm.br\/projetos\/institucional\/observatorio-crise\/wp-json\/wp\/v2\/users\/315"}],"replies":[{"embeddable":true,"href":"https:\/\/www.ufsm.br\/projetos\/institucional\/observatorio-crise\/wp-json\/wp\/v2\/comments?post=422"}],"version-history":[{"count":0,"href":"https:\/\/www.ufsm.br\/projetos\/institucional\/observatorio-crise\/wp-json\/wp\/v2\/posts\/422\/revisions"}],"wp:attachment":[{"href":"https:\/\/www.ufsm.br\/projetos\/institucional\/observatorio-crise\/wp-json\/wp\/v2\/media?parent=422"}],"wp:term":[{"taxonomy":"category","embeddable":true,"href":"https:\/\/www.ufsm.br\/projetos\/institucional\/observatorio-crise\/wp-json\/wp\/v2\/categories?post=422"},{"taxonomy":"post_tag","embeddable":true,"href":"https:\/\/www.ufsm.br\/projetos\/institucional\/observatorio-crise\/wp-json\/wp\/v2\/tags?post=422"}],"curies":[{"name":"wp","href":"https:\/\/api.w.org\/{rel}","templated":true}]}}