{"id":469,"date":"2025-05-12T14:15:07","date_gmt":"2025-05-12T17:15:07","guid":{"rendered":"https:\/\/www.ufsm.br\/projetos\/institucional\/observatorio-crise\/?p=469"},"modified":"2025-05-12T14:15:09","modified_gmt":"2025-05-12T17:15:09","slug":"o-historico-discurso-do-papa-leao-xiv-sobre-a-comunicacao","status":"publish","type":"post","link":"https:\/\/www.ufsm.br\/projetos\/institucional\/observatorio-crise\/2025\/05\/12\/o-historico-discurso-do-papa-leao-xiv-sobre-a-comunicacao","title":{"rendered":"O hist\u00f3rico discurso do Papa Le\u00e3o XIV sobre a Comunica\u00e7\u00e3o"},"content":{"rendered":"\n<p>Por <strong>Laura Gl\u00fcer<\/strong> (Jornalista, doutora em Comunica\u00e7\u00e3o, criadora da Academia do Discurso)<\/p>\n<p>\u00a0<\/p>\n<blockquote>\n<p><em>\u201c(&#8230;) Uma comunica\u00e7\u00e3o desarmada e desarmante permite-nos partilhar uma vis\u00e3o diferente do mundo e agir de modo coerente com a nossa dignidade humana.\u201d <\/em>(Papa Le\u00e3o XIV)<\/p>\n<\/blockquote>\n<p>\u00a0<\/p>\n<p>Ap\u00f3s o Conclave que elegeu o novo Papa, o Vaticano realiza uma s\u00e9rie de reuni\u00f5es de apresenta\u00e7\u00e3o do Sumo Pont\u00edfice e das diretrizes de seu pontificado. E, como em toda grande institui\u00e7\u00e3o, o di\u00e1logo com a imprensa, como um de seus principais <em>stakeholders<\/em>, \u00e9 fundamental.<\/p>\n<p>O rec\u00e9m-empossado Papa Le\u00e3o XIV teve seu primeiro encontro com jornalistas nesta segunda, 12 de maio de 2025. Na ocasi\u00e3o, fez um discurso hist\u00f3rico de aproxima\u00e7\u00e3o com os profissionais da imprensa e de exalta\u00e7\u00e3o do poder da comunica\u00e7\u00e3o.<\/p>\n<p>Refor\u00e7ou a import\u00e2ncia de \u201ccomo nos comunicamos\u201d e criticou a guerra de palavras e imagens dos dias hodiernos. Defendeu a liberdade de express\u00e3o e de imprensa e condenou a persegui\u00e7\u00e3o e viol\u00eancia contra jornalistas.<\/p>\n<p>Para ele, precisamos vencer a \u201ctorre de babel\u201d em que vivemos. Essa vis\u00e3o alinha-se a do te\u00f3rico Dominique Wolton, que h\u00e1 anos defende que precisamos salvar a comunica\u00e7\u00e3o, promovendo a intercompreens\u00e3o.<\/p>\n<p>Em todas suas falas p\u00fablicas at\u00e9 o momento, o Papa Le\u00e3o XIV tamb\u00e9m tem mencionado os riscos da Intelig\u00eancia Artificial, juntamente com seu imenso potencial, quando usada com responsabilidade.<\/p>\n<p>A verdade surge como elemento essencial neste primeiro encontro com a imprensa, ao mencionar a confus\u00e3o provocada por linguagens sem amor, tendenciosas ou muitas vezes ideol\u00f3gicas. \u00a0<\/p>\n<p>\u00c9 papel do Jornalismo, no seu constante exerc\u00edcio de duvidar e buscar a verdade, zelar para que a realidade n\u00e3o seja distorcida ou falseada. Relatos falsos, rumores, distor\u00e7\u00f5es, omiss\u00e3o de fatos relevantes ou sua hiperboliza\u00e7\u00e3o precisam ser denunciados.<\/p>\n<p>Le\u00e3o XIV disse, ainda, que a paz deve ter os jornalistas na linha de frente, narrando conflitos e esperan\u00e7as de paz, situa\u00e7\u00f5es de injusti\u00e7a e pobreza. No jogo de pesos e contrapesos do Jornalismo, exaltou a capacidade humana de uma escuta ativa, principalmente daqueles que n\u00e3o t\u00eam voz na sociedade.<\/p>\n<p>Seguir os conselhos do Papa \u00e9 um grande desafio para os comunicadores, em todas as suas inst\u00e2ncias de atua\u00e7\u00e3o \u2013 m\u00eddias e organiza\u00e7\u00f5es. Desarmar a comunica\u00e7\u00e3o de todo preconceito, rancor, fanatismo e \u00f3dio s\u00e3o palavras inspiradoras, que relembram e revigoram o compromisso social com o que narramos, mas, ao mesmo tempo, nos imp\u00f5em uma nova percep\u00e7\u00e3o da realidade.<\/p>\n<p>Mais uma vez lembremos Wolton: salvar a comunica\u00e7\u00e3o \u00e9 compreender que ela est\u00e1 entre os grandes desafios da paz no nosso s\u00e9culo.<\/p>\n<p>_____<\/p>\n<p><strong>Artigos assinados expressam a opini\u00e3o de seus autores<\/strong>.<\/p>\n","protected":false},"excerpt":{"rendered":"<p>Por Laura Gl\u00fcer (Jornalista, doutora em Comunica\u00e7\u00e3o, criadora da Academia do Discurso) \u00a0 \u201c(&#8230;) Uma comunica\u00e7\u00e3o desarmada e desarmante permite-nos partilhar uma vis\u00e3o diferente do mundo e agir de modo coerente com a nossa dignidade humana.\u201d (Papa Le\u00e3o XIV) \u00a0 Ap\u00f3s o Conclave que elegeu o novo Papa, o Vaticano realiza uma s\u00e9rie de reuni\u00f5es [&hellip;]<\/p>\n","protected":false},"author":315,"featured_media":0,"comment_status":"closed","ping_status":"closed","sticky":false,"template":"","format":"standard","meta":{"footnotes":""},"categories":[22],"tags":[23],"class_list":["post-469","post","type-post","status-publish","format-standard","hentry","category-artigos","tag-artigo"],"acf":[],"_links":{"self":[{"href":"https:\/\/www.ufsm.br\/projetos\/institucional\/observatorio-crise\/wp-json\/wp\/v2\/posts\/469","targetHints":{"allow":["GET"]}}],"collection":[{"href":"https:\/\/www.ufsm.br\/projetos\/institucional\/observatorio-crise\/wp-json\/wp\/v2\/posts"}],"about":[{"href":"https:\/\/www.ufsm.br\/projetos\/institucional\/observatorio-crise\/wp-json\/wp\/v2\/types\/post"}],"author":[{"embeddable":true,"href":"https:\/\/www.ufsm.br\/projetos\/institucional\/observatorio-crise\/wp-json\/wp\/v2\/users\/315"}],"replies":[{"embeddable":true,"href":"https:\/\/www.ufsm.br\/projetos\/institucional\/observatorio-crise\/wp-json\/wp\/v2\/comments?post=469"}],"version-history":[{"count":0,"href":"https:\/\/www.ufsm.br\/projetos\/institucional\/observatorio-crise\/wp-json\/wp\/v2\/posts\/469\/revisions"}],"wp:attachment":[{"href":"https:\/\/www.ufsm.br\/projetos\/institucional\/observatorio-crise\/wp-json\/wp\/v2\/media?parent=469"}],"wp:term":[{"taxonomy":"category","embeddable":true,"href":"https:\/\/www.ufsm.br\/projetos\/institucional\/observatorio-crise\/wp-json\/wp\/v2\/categories?post=469"},{"taxonomy":"post_tag","embeddable":true,"href":"https:\/\/www.ufsm.br\/projetos\/institucional\/observatorio-crise\/wp-json\/wp\/v2\/tags?post=469"}],"curies":[{"name":"wp","href":"https:\/\/api.w.org\/{rel}","templated":true}]}}