{"id":479,"date":"2025-06-03T14:44:20","date_gmt":"2025-06-03T17:44:20","guid":{"rendered":"https:\/\/www.ufsm.br\/projetos\/institucional\/observatorio-crise\/?p=479"},"modified":"2025-06-03T14:45:12","modified_gmt":"2025-06-03T17:45:12","slug":"se-esta-tudo-bem-video-se-nao-posicionamento-escrito","status":"publish","type":"post","link":"https:\/\/www.ufsm.br\/projetos\/institucional\/observatorio-crise\/2025\/06\/03\/se-esta-tudo-bem-video-se-nao-posicionamento-escrito","title":{"rendered":"Se est\u00e1 tudo bem, v\u00eddeo; se n\u00e3o, posicionamento escrito?"},"content":{"rendered":"\n<p>Por\u00a0<strong>Carolina Frazon Terra<\/strong>\u00a0(<span class=\"OYPEnA text-decoration-none text-strikethrough-none\">Doutora em Ci\u00eancias da Comunica\u00e7\u00e3o, Professora na USP<\/span>)<\/p>\n<p>\u00a0<\/p>\n<p><strong><em>Como a Cacau Show est\u00e1 lidando com uma crise de imagem que os acusa de rituais com funcion\u00e1rios e press\u00e3o nos franqueados<\/em><\/strong><\/p>\n<p><img fetchpriority=\"high\" decoding=\"async\" class=\"alignright  wp-image-482\" src=\"https:\/\/www.ufsm.br\/app\/uploads\/sites\/880\/2025\/06\/WhatsApp-Image-2025-06-03-at-14.17.30.jpeg\" alt=\"\" width=\"323\" height=\"385\" srcset=\"https:\/\/www.ufsm.br\/app\/uploads\/sites\/880\/2025\/06\/WhatsApp-Image-2025-06-03-at-14.17.30.jpeg 1088w, https:\/\/www.ufsm.br\/app\/uploads\/sites\/880\/2025\/06\/WhatsApp-Image-2025-06-03-at-14.17.30-252x300.jpeg 252w, https:\/\/www.ufsm.br\/app\/uploads\/sites\/880\/2025\/06\/WhatsApp-Image-2025-06-03-at-14.17.30-860x1024.jpeg 860w, https:\/\/www.ufsm.br\/app\/uploads\/sites\/880\/2025\/06\/WhatsApp-Image-2025-06-03-at-14.17.30-768x915.jpeg 768w\" sizes=\"(max-width: 323px) 100vw, 323px\" \/>O portal de not\u00edcias Metr\u00f3poles* foi o respons\u00e1vel por veicular muitas den\u00fancias acerca da Cacau Show tanto no \u00e2mbito do p\u00fablico interno, quanto dos franqueados.<\/p>\n<p>Do ponto de vista do p\u00fablico interno, as den\u00fancias giram em torno de rituais (compuls\u00f3rios) comandados pelo CEO, Alexandre Costa, bem como epis\u00f3dios de gordofobia, homofobia e at\u00e9 ass\u00e9dio para que funcion\u00e1rias n\u00e3o engravidassem. At\u00e9 um tatuador teria sido levado \u00e0 companhia para que os funcion\u00e1rios fizessem tatuagens iguais \u00e0 do fundador.<\/p>\n<p>Na seara das unidades franqueadas, as acusa\u00e7\u00f5es orbitam as press\u00f5es por resultados financeiros, obrigatoriedade de vender determinados produtos e persegui\u00e7\u00f5es a quem n\u00e3o cumpre as ordens vindas da matriz.<\/p>\n<p>O fato \u00e9 que ambas as queixas repercutiram consideravelmente depois que o Metr\u00f3poles as iniciou, indo parar nas redes sociais e, tamb\u00e9m, em outros portais, ve\u00edculos e sites.<\/p>\n<p>As quest\u00f5es come\u00e7aram a circular em 29 de maio e, apenas alguns dias depois, em 2 de junho, a empresa se pronunciou oficialmente com um comunicado por escrito tanto nos perfis de m\u00eddias sociais da Cacau Show, quanto do CEO, Al\u00ea Costa. O posicionamento foi tamb\u00e9m bastante criticado pelo seu tom protocolar e por n\u00e3o ter uma presen\u00e7a viva do pr\u00f3prio l\u00edder, que costumeiramente \u00e9 bastante midi\u00e1tico, mas dessa vez, foi t\u00edmido e se deixou invisibilizar (suponho, intencionalmente).<\/p>\n<p><img decoding=\"async\" class=\"wp-image-481 aligncenter\" src=\"https:\/\/www.ufsm.br\/app\/uploads\/sites\/880\/2025\/06\/WhatsApp-Image-2025-06-03-at-14.17.58.jpeg\" alt=\"\" width=\"527\" height=\"387\" srcset=\"https:\/\/www.ufsm.br\/app\/uploads\/sites\/880\/2025\/06\/WhatsApp-Image-2025-06-03-at-14.17.58.jpeg 1600w, https:\/\/www.ufsm.br\/app\/uploads\/sites\/880\/2025\/06\/WhatsApp-Image-2025-06-03-at-14.17.58-300x220.jpeg 300w, https:\/\/www.ufsm.br\/app\/uploads\/sites\/880\/2025\/06\/WhatsApp-Image-2025-06-03-at-14.17.58-1024x751.jpeg 1024w, https:\/\/www.ufsm.br\/app\/uploads\/sites\/880\/2025\/06\/WhatsApp-Image-2025-06-03-at-14.17.58-768x564.jpeg 768w, https:\/\/www.ufsm.br\/app\/uploads\/sites\/880\/2025\/06\/WhatsApp-Image-2025-06-03-at-14.17.58-1536x1127.jpeg 1536w\" sizes=\"(max-width: 527px) 100vw, 527px\" \/><\/p>\n<p>A leitura que n\u00f3s, de fora, conseguimos fazer \u00e9: quando tudo vai bem, vamos de v\u00eddeos, <em>stories<\/em> e bastidores. Quando a crise aparece, posicionamento frio, escrito e impessoal? J\u00e1 vimos que casos assim \u2013 lembram do <a href=\"https:\/\/www.instagram.com\/p\/DF8ID3YOjNa\/?img_index=4\">primeiro comunicado da T\u00e2nia Bulh\u00f5es<\/a> nas redes da marca? \u2013 tendem a aumentar a desconfian\u00e7a do p\u00fablico e dar margem \u00e0 boataria, aos rumores e \u00e0s suposi\u00e7\u00f5es.<\/p>\n<p>\u00a0<\/p>\n<p><strong>De funcion\u00e1rios a influenciadores<\/strong><\/p>\n<p><img decoding=\"async\" class=\"alignright  wp-image-480\" src=\"https:\/\/www.ufsm.br\/app\/uploads\/sites\/880\/2025\/06\/WhatsApp-Image-2025-06-03-at-14.11.10.jpeg\" alt=\"\" width=\"259\" height=\"406\" srcset=\"https:\/\/www.ufsm.br\/app\/uploads\/sites\/880\/2025\/06\/WhatsApp-Image-2025-06-03-at-14.11.10.jpeg 594w, https:\/\/www.ufsm.br\/app\/uploads\/sites\/880\/2025\/06\/WhatsApp-Image-2025-06-03-at-14.11.10-192x300.jpeg 192w\" sizes=\"(max-width: 259px) 100vw, 259px\" \/>\u201cPuxando a sardinha para a minha brasa\u201d, acabo de lan\u00e7ar o livro \u201c<a href=\"https:\/\/www.gruposummus.com.br\/livro\/de-funcionarios-a-influenciadores\/#:~:text=Esta%20obra%20re%C3%BAne%20dezessete%20especialistas,em%20tend%C3%AAncias%20para%20o%20mercado.\">De funcion\u00e1rios a influenciadores: por que ter um programa de funcion\u00e1rios influencers vale a pena<\/a>\u201d (Summus Editorial, 2025) em que me dedico a refletir sobre a import\u00e2ncia de ter tudo isso estruturado, planejado e ponderado pela empresa. Viveremos crises, problemas e deslizes sempre. Resta-nos lidar com tudo isso da maneira mais \u00e9tica, transparente e honesta poss\u00edvel.<\/p>\n<p>Se o nosso Willy Wonka brasileiro tivesse respondido \u00e0s cr\u00edticas \u00e0 altura, reagido com a sua imagem e voz (como sempre faz nas quest\u00f5es institucionais e mercadol\u00f3gicas positivas), talvez a gente teria ficado menos decepcionado com a postura de um CEO que seguimos, respeitamos, acompanhamos e que esper\u00e1vamos mais.<\/p>\n<p><a href=\"https:\/\/a.co\/d\/eyuZiT3\">De funcion\u00e1rios a influenciadores: por que ter um programa de funcion\u00e1rios influencers vale a pena<\/a> (Summus Editorial, 2025)<\/p>\n<p>Live de lan\u00e7amento com Carol Terra e Ana Paula Passarelli \u2013 24\/06, 19h30, em <a href=\"https:\/\/meet.google.com\/myi-jgpg-byw\">https:\/\/meet.google.com\/myi-jgpg-byw<\/a><\/p>\n<p>\u00a0<\/p>\n<p><strong>*Linha do tempo de not\u00edcias do portal Metr\u00f3poles<\/strong><\/p>\n<p>29\/05: <a href=\"https:\/\/www.metropoles.com\/colunas\/dinheiro-e-negocios\/cacau-show-funcionarios-relatam-ritual-comandado-por-ceo\">https:\/\/www.metropoles.com\/colunas\/dinheiro-e-negocios\/cacau-show-funcionarios-relatam-ritual-comandado-por-ceo<\/a><\/p>\n<p>30\/05: <a href=\"https:\/\/www.metropoles.com\/colunas\/dinheiro-e-negocios\/cacau-show-funcionarios-sao-incentivados-a-fazerem-tatuagens-iguais-a-de-ceo\">https:\/\/www.metropoles.com\/colunas\/dinheiro-e-negocios\/cacau-show-funcionarios-sao-incentivados-a-fazerem-tatuagens-iguais-a-de-ceo<\/a><\/p>\n<p>31\/05: <a href=\"https:\/\/www.metropoles.com\/colunas\/dinheiro-e-negocios\/perdi-tudo-sou-uma-morta-viva-veja-relatos-de-franqueados-da-cacau-show\">https:\/\/www.metropoles.com\/colunas\/dinheiro-e-negocios\/perdi-tudo-sou-uma-morta-viva-veja-relatos-de-franqueados-da-cacau-show<\/a><\/p>\n<p>02\/06: <a href=\"https:\/\/www.metropoles.com\/colunas\/dinheiro-e-negocios\/cacau-show-veja-texto-enviado-por-ceo-para-funcionario-apos-denuncias\">https:\/\/www.metropoles.com\/colunas\/dinheiro-e-negocios\/cacau-show-veja-texto-enviado-por-ceo-para-funcionario-apos-denuncias<\/a><\/p>\n<p>__________<\/p>\n<p><strong>Artigos assinados expressam a opini\u00e3o de seus autores<\/strong>.<\/p>\n","protected":false},"excerpt":{"rendered":"<p>Por\u00a0Carolina Frazon Terra\u00a0(Doutora em Ci\u00eancias da Comunica\u00e7\u00e3o, Professora na USP) \u00a0 Como a Cacau Show est\u00e1 lidando com uma crise de imagem que os acusa de rituais com funcion\u00e1rios e press\u00e3o nos franqueados O portal de not\u00edcias Metr\u00f3poles* foi o respons\u00e1vel por veicular muitas den\u00fancias acerca da Cacau Show tanto no \u00e2mbito do p\u00fablico interno, [&hellip;]<\/p>\n","protected":false},"author":315,"featured_media":0,"comment_status":"closed","ping_status":"closed","sticky":false,"template":"","format":"standard","meta":{"footnotes":""},"categories":[22],"tags":[23],"class_list":["post-479","post","type-post","status-publish","format-standard","hentry","category-artigos","tag-artigo"],"acf":[],"_links":{"self":[{"href":"https:\/\/www.ufsm.br\/projetos\/institucional\/observatorio-crise\/wp-json\/wp\/v2\/posts\/479","targetHints":{"allow":["GET"]}}],"collection":[{"href":"https:\/\/www.ufsm.br\/projetos\/institucional\/observatorio-crise\/wp-json\/wp\/v2\/posts"}],"about":[{"href":"https:\/\/www.ufsm.br\/projetos\/institucional\/observatorio-crise\/wp-json\/wp\/v2\/types\/post"}],"author":[{"embeddable":true,"href":"https:\/\/www.ufsm.br\/projetos\/institucional\/observatorio-crise\/wp-json\/wp\/v2\/users\/315"}],"replies":[{"embeddable":true,"href":"https:\/\/www.ufsm.br\/projetos\/institucional\/observatorio-crise\/wp-json\/wp\/v2\/comments?post=479"}],"version-history":[{"count":0,"href":"https:\/\/www.ufsm.br\/projetos\/institucional\/observatorio-crise\/wp-json\/wp\/v2\/posts\/479\/revisions"}],"wp:attachment":[{"href":"https:\/\/www.ufsm.br\/projetos\/institucional\/observatorio-crise\/wp-json\/wp\/v2\/media?parent=479"}],"wp:term":[{"taxonomy":"category","embeddable":true,"href":"https:\/\/www.ufsm.br\/projetos\/institucional\/observatorio-crise\/wp-json\/wp\/v2\/categories?post=479"},{"taxonomy":"post_tag","embeddable":true,"href":"https:\/\/www.ufsm.br\/projetos\/institucional\/observatorio-crise\/wp-json\/wp\/v2\/tags?post=479"}],"curies":[{"name":"wp","href":"https:\/\/api.w.org\/{rel}","templated":true}]}}