{"id":499,"date":"2025-08-15T18:58:11","date_gmt":"2025-08-15T21:58:11","guid":{"rendered":"https:\/\/www.ufsm.br\/projetos\/institucional\/observatorio-crise\/?p=499"},"modified":"2025-08-15T18:58:13","modified_gmt":"2025-08-15T21:58:13","slug":"gestao-de-crise-e-comunicacao-de-crise-sao-pautas-de-revistas-laboratorio-de-cursos-de-graduacao","status":"publish","type":"post","link":"https:\/\/www.ufsm.br\/projetos\/institucional\/observatorio-crise\/2025\/08\/15\/gestao-de-crise-e-comunicacao-de-crise-sao-pautas-de-revistas-laboratorio-de-cursos-de-graduacao","title":{"rendered":"Gest\u00e3o de crise e comunica\u00e7\u00e3o de crise s\u00e3o pautas de revistas-laborat\u00f3rio de cursos de gradua\u00e7\u00e3o"},"content":{"rendered":"\n<p>Falar sobre risco, crise e comunica\u00e7\u00e3o \u00e9 uma das formas de contribuir para amplificar as discuss\u00f5es e tornar estes temas presentes na gest\u00e3o das organiza\u00e7\u00f5es. Isso se confirma a partir de diversos indicadores: o aumento da busca de informa\u00e7\u00e3o, de capacita\u00e7\u00e3o e de conhecimento sobre as pr\u00e1ticas de preven\u00e7\u00e3o, gest\u00e3o e comunica\u00e7\u00e3o de risco e de crise; o aumento do n\u00famero de eventos e cursos de especializa\u00e7\u00e3o que v\u00eam discutindo o cen\u00e1rio e pensando em solu\u00e7\u00f5es; al\u00e9m do aumento e do amadurecimento da produ\u00e7\u00e3o bibliogr\u00e1fica sobre os conceitos-chave da \u00e1rea.<\/p>\n<p>Nessa mesma dire\u00e7\u00e3o, s\u00f3 em 2025, duas revistas-laborat\u00f3rio de universidades brasileiras j\u00e1 pautaram em suas publica\u00e7\u00f5es os temas de gest\u00e3o e de comunica\u00e7\u00e3o de crise:<\/p>\n<p><img fetchpriority=\"high\" decoding=\"async\" class=\"alignleft size-medium wp-image-500\" src=\"https:\/\/www.ufsm.br\/app\/uploads\/sites\/880\/2025\/08\/Capa-212x300.jpg\" alt=\"\" width=\"212\" height=\"300\" srcset=\"https:\/\/www.ufsm.br\/app\/uploads\/sites\/880\/2025\/08\/Capa-212x300.jpg 212w, https:\/\/www.ufsm.br\/app\/uploads\/sites\/880\/2025\/08\/Capa-724x1024.jpg 724w, https:\/\/www.ufsm.br\/app\/uploads\/sites\/880\/2025\/08\/Capa-768x1086.jpg 768w, https:\/\/www.ufsm.br\/app\/uploads\/sites\/880\/2025\/08\/Capa-1086x1536.jpg 1086w, https:\/\/www.ufsm.br\/app\/uploads\/sites\/880\/2025\/08\/Capa.jpg 1414w\" sizes=\"(max-width: 212px) 100vw, 212px\" \/>A revista <strong>RP Alternativo<\/strong>, do Curso de Rela\u00e7\u00f5es P\u00fablicas da Universidade Federal do Maranh\u00e3o (UFMA), abordou em sua 52\u00aa edi\u00e7\u00e3o a tem\u00e1tica da comunica\u00e7\u00e3o de crise. Para isso, realizou uma entrevista com o Coordenador-Geral do OBCC, Prof. Jones Machado, a fim de discutir sobre o tema e apresentar a iniciativa do Observat\u00f3rio Brasileiro da Comunica\u00e7\u00e3o de Crise. Sobre o OBCC, ele destaca: &#8220;N\u00f3s buscamos trabalhar de modo inter\/multidisciplinar, acolhendo perspectivas de diferentes campos, que enrique\u00e7am nossas discuss\u00f5es, a fim de marcarmos e potencializarmos o lugar e <strong>o papel da comunica\u00e7\u00e3o na gest\u00e3o de riscos e de crises<\/strong>. Levar ao conhecimento da sociedade que <strong>a gest\u00e3o das crises tamb\u00e9m passa pela Comunica\u00e7\u00e3o<\/strong> tamb\u00e9m \u00e9 um dos nossos objetivos, dando visibilidade ao Campo como espa\u00e7o reconhecido em que <strong>as crises s\u00e3o objetos de estudo<\/strong>&#8220;. Dentre as pautas, foram abordados os processos de monitoramento e mapeamento de pesquisas e crises, grupos de pesquisa na \u00e1rea e as perspectivas do OBCC para os pr\u00f3ximos meses.<\/p>\n<pre>\u00a0<\/pre>\n<p><img decoding=\"async\" class=\"size-medium wp-image-501 alignright\" src=\"https:\/\/www.ufsm.br\/app\/uploads\/sites\/880\/2025\/08\/Conexao-RP_2024_CAPA-1440x2048-1-211x300.jpg\" alt=\"\" width=\"211\" height=\"300\" srcset=\"https:\/\/www.ufsm.br\/app\/uploads\/sites\/880\/2025\/08\/Conexao-RP_2024_CAPA-1440x2048-1-211x300.jpg 211w, https:\/\/www.ufsm.br\/app\/uploads\/sites\/880\/2025\/08\/Conexao-RP_2024_CAPA-1440x2048-1-720x1024.jpg 720w, https:\/\/www.ufsm.br\/app\/uploads\/sites\/880\/2025\/08\/Conexao-RP_2024_CAPA-1440x2048-1-768x1092.jpg 768w, https:\/\/www.ufsm.br\/app\/uploads\/sites\/880\/2025\/08\/Conexao-RP_2024_CAPA-1440x2048-1-1080x1536.jpg 1080w, https:\/\/www.ufsm.br\/app\/uploads\/sites\/880\/2025\/08\/Conexao-RP_2024_CAPA-1440x2048-1.jpg 1440w\" sizes=\"(max-width: 211px) 100vw, 211px\" \/>J\u00e1 a revista <strong>Conex\u00e3o RP<\/strong>, do Curso de Rela\u00e7\u00f5es P\u00fablicas da Universidade Federal de Santa Maria (UFSM\/FW), pautou a gest\u00e3o de crises como essencial na forma\u00e7\u00e3o do profissional de Rela\u00e7\u00f5es P\u00fablicas. Nessa dire\u00e7\u00e3o, a mat\u00e9ria apresenta <strong>a \u00e1rea como um campo de trabalho e de pesquisa <\/strong>para profissionais e acad\u00eamicos que desejam contribuir para o fortalecimento da gest\u00e3o de riscos e de crises no Brasil a partir da comunica\u00e7\u00e3o. Incorporada ao curr\u00edculo do curso de Rela\u00e7\u00f5es P\u00fablicas da UFSM FW em 2016, a disciplina de Gest\u00e3o de Crise consolidou-se como\u00a0essencial para a forma\u00e7\u00e3o de profissionais preparados para enfrentar os desafios do mercado. O OBCC tamb\u00e9m foi fonte desta publica\u00e7\u00e3o, apresentando seu funcionamento e contribuindo para a reflex\u00e3o sobre a import\u00e2ncia da gest\u00e3o no contexto de crises.\u00a0<\/p>\n<p>\u00a0<\/p>\n<p><strong style=\"font-size: revert;color: initial\">Acesse as mat\u00e9rias das revistas:<\/strong><\/p>\n<p><a href=\"https:\/\/www.ufsm.br\/midias\/experimental\/conexao-rp\/2024\/12\/21\/gestao-de-crise-na-formacao-do-rp\">Gest\u00e3o de crise na forma\u00e7\u00e3o do RP<\/a><\/p>\n<p><a href=\"https:\/\/online.fliphtml5.com\/ogasix\/yaxn\/#p=15\">Comunica\u00e7\u00e3o de crise: o trabalho pioneiro do OBCC<\/a><\/p>\n<pre>\u00a0<\/pre>\n<p><strong>Conhe\u00e7a os sites e as outras edi\u00e7\u00f5es das revistas:<\/strong><\/p>\n<p><a href=\"https:\/\/www.rpalternativo.ufma.br\/\">RP Alternativo<\/a><\/p>\n<p><a href=\"https:\/\/www.ufsm.br\/midias\/experimental\/conexao-rp\">Conex\u00e3o RP<\/a><\/p>\n\n\n\n\n","protected":false},"excerpt":{"rendered":"<p>Falar sobre risco, crise e comunica\u00e7\u00e3o \u00e9 uma das formas de contribuir para amplificar as discuss\u00f5es e tornar estes temas presentes na gest\u00e3o das organiza\u00e7\u00f5es. Isso se confirma a partir de diversos indicadores: o aumento da busca de informa\u00e7\u00e3o, de capacita\u00e7\u00e3o e de conhecimento sobre as pr\u00e1ticas de preven\u00e7\u00e3o, gest\u00e3o e comunica\u00e7\u00e3o de risco e [&hellip;]<\/p>\n","protected":false},"author":315,"featured_media":0,"comment_status":"closed","ping_status":"closed","sticky":false,"template":"","format":"standard","meta":{"footnotes":""},"categories":[2],"tags":[24],"class_list":["post-499","post","type-post","status-publish","format-standard","hentry","category-noticias","tag-noticia"],"acf":[],"_links":{"self":[{"href":"https:\/\/www.ufsm.br\/projetos\/institucional\/observatorio-crise\/wp-json\/wp\/v2\/posts\/499","targetHints":{"allow":["GET"]}}],"collection":[{"href":"https:\/\/www.ufsm.br\/projetos\/institucional\/observatorio-crise\/wp-json\/wp\/v2\/posts"}],"about":[{"href":"https:\/\/www.ufsm.br\/projetos\/institucional\/observatorio-crise\/wp-json\/wp\/v2\/types\/post"}],"author":[{"embeddable":true,"href":"https:\/\/www.ufsm.br\/projetos\/institucional\/observatorio-crise\/wp-json\/wp\/v2\/users\/315"}],"replies":[{"embeddable":true,"href":"https:\/\/www.ufsm.br\/projetos\/institucional\/observatorio-crise\/wp-json\/wp\/v2\/comments?post=499"}],"version-history":[{"count":0,"href":"https:\/\/www.ufsm.br\/projetos\/institucional\/observatorio-crise\/wp-json\/wp\/v2\/posts\/499\/revisions"}],"wp:attachment":[{"href":"https:\/\/www.ufsm.br\/projetos\/institucional\/observatorio-crise\/wp-json\/wp\/v2\/media?parent=499"}],"wp:term":[{"taxonomy":"category","embeddable":true,"href":"https:\/\/www.ufsm.br\/projetos\/institucional\/observatorio-crise\/wp-json\/wp\/v2\/categories?post=499"},{"taxonomy":"post_tag","embeddable":true,"href":"https:\/\/www.ufsm.br\/projetos\/institucional\/observatorio-crise\/wp-json\/wp\/v2\/tags?post=499"}],"curies":[{"name":"wp","href":"https:\/\/api.w.org\/{rel}","templated":true}]}}